{"id":99969,"date":"2025-10-10T12:03:14","date_gmt":"2025-10-10T15:03:14","guid":{"rendered":"https:\/\/wiy.com.br\/noticias\/airpods-pro-3-chegam-ao-brasil-com-traducao-ao-vivo-e-sensor-cardiaco\/"},"modified":"2025-10-10T12:03:24","modified_gmt":"2025-10-10T15:03:24","slug":"airpods-pro-3-chegam-ao-brasil-com-traducao-ao-vivo-e-sensor-cardiaco","status":"publish","type":"post","link":"https:\/\/wiy.com.br\/noticias\/airpods-pro-3-chegam-ao-brasil-com-traducao-ao-vivo-e-sensor-cardiaco\/","title":{"rendered":"AirPods Pro 3 chegam ao Brasil com tradu\u00e7\u00e3o ao vivo e sensor card\u00edaco"},"content":{"rendered":"<p> <br \/>\n<\/p>\n<p>A <strong>Apple iniciou nesta sexta-feira (10)<\/strong> as vendas dos <strong>AirPods Pro 3<\/strong> no Brasil. O modelo chega ao mercado nacional por <strong>R$ 2.699<\/strong> e tem como principal destaque a <strong>tradu\u00e7\u00e3o de conversas em tempo real<\/strong>, recurso in\u00e9dito entre os fones de ouvido da marca. A fun\u00e7\u00e3o usa intelig\u00eancia artificial (IA) para interpretar e converter falas instantaneamente, prometendo facilitar a comunica\u00e7\u00e3o entre pessoas que falam idiomas diferentes.<\/p>\n<p>Os novos AirPods foram apresentados em setembro, junto ao lan\u00e7amento do <strong>iPhone 17<\/strong>. Al\u00e9m do tradutor embutido, o modelo traz <strong>sensor de batimentos card\u00edacos<\/strong> e <strong>certifica\u00e7\u00e3o IP57<\/strong>, que garante resist\u00eancia \u00e0 \u00e1gua e ao suor. A Apple tamb\u00e9m iniciou no pa\u00eds a venda dos <strong>rel\u00f3gios Apple Watch Series 11<\/strong> e de uma nova gera\u00e7\u00e3o do <strong>Apple Watch SE<\/strong>, vers\u00f5es que chegam com atualiza\u00e7\u00f5es em recursos de sa\u00fade e design.<\/p>\n<div class=\"wp-block-image\">\n<figure class=\"aligncenter size-large\"><figcaption class=\"wp-element-caption\">Novos AirPods Pro chegam ao Brasil nesta sexta-feira (10) (Imagem: Apple\/Divulga\u00e7\u00e3o)<\/figcaption><\/figure>\n<\/div>\n<div class=\"odlcp\">\n<div class=\"odlcp-img\"><img title = \"[Tags]\"decoding=\"async\" src=\"https:\/\/img.odcdn.com.br\/wp-content\/uploads\/2025\/10\/airpods-pro-3.jpg\" width=\"365\" height=\"232\"alt = \"airpods-pro-3 AirPods Pro 3 chegam ao Brasil com tradu\u00e7\u00e3o ao vivo e sensor card\u00edaco\" loading=\"lazy\"><\/div>\n<div class=\"odlcp-info\">\n<div class=\"odlcp-meta\">\n<div class=\"odlcp-nome\">AirPods Pro 3<\/div>\n<div class=\"odlcp-loja\">Amazon<\/div>\n<\/p><\/div>\n<div class=\"odlcp-button\">\n<div class=\"odlcp-link\"><a href=\"https:\/\/amzn.to\/46LEsjq\" target=\"_blank\" rel=\"noopener sponsored\">Ir \u00e0 loja<\/a><\/div>\n<\/p><\/div>\n<\/p><\/div>\n<\/p><\/div>\n<h2 class=\"wp-block-heading\" id=\"h-traducao-em-tempo-real-nos-airpods\">Tradu\u00e7\u00e3o em tempo real nos AirPods<\/h2>\n<p>O novo recurso pode ser usado de duas formas. Na primeira, o usu\u00e1rio mant\u00e9m os AirPods Pro 3 conectados ao iPhone, que exibe na tela a <strong>transcri\u00e7\u00e3o em tempo real<\/strong> no idioma da outra pessoa. J\u00e1 na segunda op\u00e7\u00e3o, <strong>duas pessoas utilizam os fones<\/strong> simultaneamente, e a tradu\u00e7\u00e3o \u00e9 reproduzida diretamente no ouvido de cada uma.<\/p>\n<p>De acordo com a Apple, o sistema est\u00e1 dispon\u00edvel inicialmente em <strong>cinco idiomas<\/strong> \u2014 portugu\u00eas (Brasil), ingl\u00eas, franc\u00eas, alem\u00e3o e espanhol \u2014 e deve ganhar suporte a japon\u00eas, coreano, chin\u00eas e italiano at\u00e9 o fim do ano. A empresa informou que a fun\u00e7\u00e3o tamb\u00e9m estar\u00e1 acess\u00edvel nos <strong>AirPods Pro 2<\/strong> e nos <strong>AirPods 4<\/strong> com cancelamento de ru\u00eddo.<\/p>\n<div class=\"wp-block-image\">\n<figure class=\"aligncenter size-large\"><img title = \"[Tags]\"loading=\"lazy\" decoding=\"async\" width=\"1024\" height=\"576\" src=\"https:\/\/olhardigital.com.br\/wp-content\/uploads\/2025\/09\/Destaque-AirPods-Pro-3-1024x576.jpg\"alt = \"airpods-pro-3 AirPods Pro 3 chegam ao Brasil com tradu\u00e7\u00e3o ao vivo e sensor card\u00edaco\" class=\"wp-image-1181783\" \/><figcaption class=\"wp-element-caption\">Novos AirPods Pro 3 contam com tradu\u00e7\u00e3o em tempo real (Imagem: Apple\/Divulga\u00e7\u00e3o)<\/figcaption><\/figure>\n<\/div>\n<h3 class=\"wp-block-heading\">Recurso ativado por gesto e apoiado em IA<\/h3>\n<p>A fun\u00e7\u00e3o pode ser ativada com um <strong>toque na haste dos fones<\/strong>, que emite um som para indicar o in\u00edcio do modo de tradu\u00e7\u00e3o. Nesse momento, o <strong>cancelamento de ru\u00eddo<\/strong> reduz o volume da fala original para destacar apenas a voz traduzida.<\/p>\n<p>\u201cA fun\u00e7\u00e3o n\u00e3o traduz apenas palavras soltas, mas tamb\u00e9m o significado de cada frase\u201d, afirmou uma porta-voz da Apple durante a apresenta\u00e7\u00e3o em setembro.<\/p>\n<p>A tecnologia \u00e9 alimentada por <strong>\u00e1udio computacional<\/strong> e pela <strong>Apple Intelligence<\/strong>, sistema de intelig\u00eancia artificial que equipa os dispositivos mais recentes da marca.<\/p>\n<p><strong>Leia mais:<\/strong><\/p>\n<ul>\n<li>Galaxy Buds 3 ou AirPods 4? Veja qual o melhor fone Bluetooth para voc\u00ea<\/li>\n<li>Airpods desconecta sozinho? Veja como consertar<\/li>\n<li>AirPods Pro 2: qual \u00e9 a diferen\u00e7a entre fone com entrada USB-C e Lightning?<\/li>\n<\/ul>\n<h2 class=\"wp-block-heading\" id=\"h-novos-relogios-da-apple-tambem-chegam-ao-brasil\">Novos rel\u00f3gios da Apple tamb\u00e9m chegam ao Brasil<\/h2>\n<p>Junto aos AirPods, a Apple come\u00e7ou a vender no Brasil os <strong>Apple Watch Series 11<\/strong>, que agora enviam <strong>alertas de press\u00e3o alta<\/strong> aos usu\u00e1rios \u2014 recurso que j\u00e1 aparece em modelos concorrentes. O lan\u00e7amento depende, no entanto, de <strong>aprova\u00e7\u00e3o regulat\u00f3ria em cada pa\u00eds<\/strong> antes de ser ativado.<\/p>\n<div class=\"wp-block-image\">\n<figure class=\"aligncenter size-large\"><img title = \"[Tags]\"loading=\"lazy\" decoding=\"async\" width=\"1024\" height=\"576\" src=\"https:\/\/olhardigital.com.br\/wp-content\/uploads\/2025\/10\/apple-watch-series-11-1024x576.jpg\"alt = \"airpods-pro-3 AirPods Pro 3 chegam ao Brasil com tradu\u00e7\u00e3o ao vivo e sensor card\u00edaco\" class=\"wp-image-1198249\" \/><figcaption class=\"wp-element-caption\">Apple Watch Series 11 tamb\u00e9m chegou ao mercado brasileiro (Imagem: Apple\/Divulga\u00e7\u00e3o)<\/figcaption><\/figure>\n<\/div>\n<p>A linha tamb\u00e9m inclui o novo <strong>Apple Watch SE 3<\/strong>, vers\u00e3o mais acess\u00edvel do rel\u00f3gio inteligente, e o <strong>Apple Watch Ultra 3<\/strong>, voltado a atividades esportivas e uso em ambientes extremos.<\/p>\n<h2 class=\"wp-block-heading\" id=\"h-confira-os-novos-dispositivos-apple\">Confira os novos dispositivos Apple<\/h2>\n<p>A Apple ampliou seu portf\u00f3lio no Brasil com a chegada de novos <strong>AirPods, Apple Watch e iPhone<\/strong>. A linha 2025 combina avan\u00e7os em <strong>intelig\u00eancia artificial<\/strong>, desempenho e sa\u00fade, com foco em integra\u00e7\u00e3o entre os dispositivos e recursos que aproveitam o potencial da <strong>Apple Intelligence<\/strong>. A seguir, veja um resumo dos principais modelos que j\u00e1 est\u00e3o dispon\u00edveis no pa\u00eds.<\/p>\n<h3 class=\"wp-block-heading\" id=\"h-airpods-pro-3\"><a href=\"https:\/\/amzn.to\/46LEsjq\" target=\"_blank\" rel=\"noreferrer noopener sponsored nofollow\">AirPods Pro 3<\/a><\/h3>\n<p>Os novos <strong>AirPods Pro 3<\/strong> oferecem <strong>cancelamento ativo de ru\u00eddo aprimorado<\/strong>, prometendo remover at\u00e9 o dobro de interfer\u00eancias em rela\u00e7\u00e3o \u00e0 gera\u00e7\u00e3o anterior. O modelo traz <strong>\u00e1udio tridimensional<\/strong> com graves mais profundos e m\u00e9dios mais claros, al\u00e9m de <strong>sensor de batimentos card\u00edacos<\/strong> integrado. O destaque \u00e9 a <strong>tradu\u00e7\u00e3o ao vivo<\/strong>, que usa a Apple Intelligence para converter conversas em tempo real. A bateria chega a <strong>8 horas de reprodu\u00e7\u00e3o<\/strong> com cancelamento ativo e at\u00e9 10 horas no modo ambiente.<\/p>\n<div class=\"odlcp\">\n<div class=\"odlcp-img\"><img title = \"[Tags]\"decoding=\"async\" src=\"https:\/\/img.odcdn.com.br\/wp-content\/uploads\/2025\/10\/airpods-pro-3.jpg\" width=\"365\" height=\"232\"alt = \"airpods-pro-3 AirPods Pro 3 chegam ao Brasil com tradu\u00e7\u00e3o ao vivo e sensor card\u00edaco\" loading=\"lazy\"><\/div>\n<div class=\"odlcp-info\">\n<div class=\"odlcp-meta\">\n<div class=\"odlcp-nome\">AirPods Pro 3<\/div>\n<div class=\"odlcp-loja\">Amazon<\/div>\n<\/p><\/div>\n<div class=\"odlcp-button\">\n<div class=\"odlcp-link\"><a href=\"https:\/\/amzn.to\/46LEsjq\" target=\"_blank\" rel=\"noopener sponsored\">Ir \u00e0 loja<\/a><\/div>\n<\/p><\/div>\n<\/p><\/div>\n<\/p><\/div>\n<h3 class=\"wp-block-heading\" id=\"h-apple-watch-series-11\"><a href=\"https:\/\/amzn.to\/48XTDr3\" target=\"_blank\" rel=\"noreferrer noopener sponsored nofollow\">Apple Watch Series 11<\/a><\/h3>\n<p>O <strong>Apple Watch Series 11<\/strong> \u00e9 um dos lan\u00e7amentos mais avan\u00e7ados da linha. O rel\u00f3gio traz <strong>design leve e resistente<\/strong>, tela mais dur\u00e1vel e <strong>monitoramento de sa\u00fade completo<\/strong>, incluindo ECG, frequ\u00eancia card\u00edaca, apneia do sono e oxigena\u00e7\u00e3o do sangue. O modelo tamb\u00e9m mede a <strong>qualidade do sono<\/strong> e oferece alertas de press\u00e3o alta. Entre os destaques est\u00e3o a <strong>bateria de at\u00e9 24 horas<\/strong>, recarga r\u00e1pida e os <strong>recursos de seguran\u00e7a<\/strong>, como detec\u00e7\u00e3o de quedas e acidentes graves, que acionam servi\u00e7os de emerg\u00eancia automaticamente.<\/p>\n<div class=\"odlcp\">\n<div class=\"odlcp-img\"><img title = \"[Tags]\"decoding=\"async\" src=\"https:\/\/img.odcdn.com.br\/wp-content\/uploads\/2025\/10\/apple-watch-series-11-1.jpg\" width=\"365\" height=\"232\"alt = \"airpods-pro-3 AirPods Pro 3 chegam ao Brasil com tradu\u00e7\u00e3o ao vivo e sensor card\u00edaco\" loading=\"lazy\"><\/div>\n<div class=\"odlcp-info\">\n<div class=\"odlcp-meta\">\n<div class=\"odlcp-nome\">Apple Watch Series 11<\/div>\n<div class=\"odlcp-loja\">Amazon<\/div>\n<\/p><\/div>\n<div class=\"odlcp-button\">\n<div class=\"odlcp-link\"><a href=\"https:\/\/amzn.to\/48XTDr3\" target=\"_blank\" rel=\"noopener sponsored\">Ir \u00e0 loja<\/a><\/div>\n<\/p><\/div>\n<\/p><\/div>\n<\/p><\/div>\n<h3 class=\"wp-block-heading\" id=\"h-apple-watch-se-3\"><a href=\"https:\/\/amzn.to\/4mZhWIC\" target=\"_blank\" rel=\"noreferrer noopener sponsored nofollow\">Apple Watch SE 3<\/a><\/h3>\n<p>Mais acess\u00edvel, o <strong>Apple Watch SE 3<\/strong> mant\u00e9m os principais recursos de sa\u00fade e seguran\u00e7a da Apple, como <strong>detec\u00e7\u00e3o de quedas e SOS de emerg\u00eancia<\/strong>, al\u00e9m de monitorar temperatura corporal, sono e frequ\u00eancia card\u00edaca. O modelo tem <strong>bateria de at\u00e9 18 horas<\/strong>, recarrega rapidamente e agora conta com <strong>tela sempre ativa<\/strong>. \u00c9 uma op\u00e7\u00e3o voltada a quem busca desempenho equilibrado, boa autonomia e design personaliz\u00e1vel com diversas pulseiras e mostradores.<\/p>\n<div class=\"odlcp\">\n<div class=\"odlcp-img\"><img title = \"[Tags]\"decoding=\"async\" src=\"https:\/\/img.odcdn.com.br\/wp-content\/uploads\/2025\/10\/apple-watch-se-3.jpg\" width=\"365\" height=\"232\"alt = \"airpods-pro-3 AirPods Pro 3 chegam ao Brasil com tradu\u00e7\u00e3o ao vivo e sensor card\u00edaco\" loading=\"lazy\"><\/div>\n<div class=\"odlcp-info\">\n<div class=\"odlcp-meta\">\n<div class=\"odlcp-nome\">Apple Watch SE 3<\/div>\n<div class=\"odlcp-loja\">Amazon<\/div>\n<\/p><\/div>\n<div class=\"odlcp-button\">\n<div class=\"odlcp-link\"><a href=\"https:\/\/amzn.to\/4mZhWIC\" target=\"_blank\" rel=\"noopener sponsored\">Ir \u00e0 loja<\/a><\/div>\n<\/p><\/div>\n<\/p><\/div>\n<\/p><\/div>\n<h3 class=\"wp-block-heading\" id=\"h-iphone-17-pro-max\"><a href=\"https:\/\/amzn.to\/4h2WXDv\" target=\"_blank\" rel=\"noreferrer noopener sponsored nofollow\">iPhone 17 Pro Max<\/a><\/h3>\n<p>O <strong>iPhone 17 Pro Max<\/strong> chega com corpo <strong>unibody de alum\u00ednio<\/strong> e o novo <strong>processador A19 Pro<\/strong>, que garante desempenho at\u00e9 40% superior ao da gera\u00e7\u00e3o anterior. O modelo conta com <strong>sistema de c\u00e2meras profissionais de 48 MP<\/strong> e zoom \u00f3ptico de at\u00e9 8x, al\u00e9m de <strong>tela Ceramic Shield 2<\/strong> mais resistente a quedas e riscos. Com suporte \u00e0 <strong>Apple Intelligence<\/strong>, o smartphone traz <strong>autonomia ampliada<\/strong>, reprodu\u00e7\u00e3o de v\u00eddeo por at\u00e9 37 horas e recarga de 50% em 20 minutos.<\/p>\n<div class=\"odlcp\">\n<div class=\"odlcp-img\"><img title = \"[Tags]\"decoding=\"async\" src=\"https:\/\/img.odcdn.com.br\/wp-content\/uploads\/2025\/10\/iphone-17-pro-max.jpg\" width=\"365\" height=\"232\"alt = \"airpods-pro-3 AirPods Pro 3 chegam ao Brasil com tradu\u00e7\u00e3o ao vivo e sensor card\u00edaco\" loading=\"lazy\"><\/div>\n<div class=\"odlcp-info\">\n<div class=\"odlcp-meta\">\n<div class=\"odlcp-nome\">iPhone 17 Pro Max<\/div>\n<div class=\"odlcp-loja\">Amazon<\/div>\n<\/p><\/div>\n<div class=\"odlcp-button\">\n<div class=\"odlcp-link\"><a href=\"https:\/\/amzn.to\/4h2WXDv\" target=\"_blank\" rel=\"noopener sponsored\">Ir \u00e0 loja<\/a><\/div>\n<\/p><\/div>\n<\/p><\/div>\n<\/p><\/div>\n<h3 class=\"wp-block-heading\" id=\"h-iphone-17\"><a href=\"https:\/\/amzn.to\/4h1m61a\" target=\"_blank\" rel=\"noreferrer noopener sponsored nofollow\">iPhone 17<\/a><\/h3>\n<p>Com design refinado e tela de <strong>6,3 polegadas<\/strong> com tecnologia <strong>ProMotion de at\u00e9 120 Hz<\/strong>, o <strong>iPhone 17<\/strong> aposta em fluidez e brilho superior. Ele traz o processador <strong>A19<\/strong>, c\u00e2meras de <strong>48 MP<\/strong> com zoom \u00f3ptico 2x e grava\u00e7\u00e3o simult\u00e2nea pelas c\u00e2meras frontal e traseira. O aparelho \u00e9 compat\u00edvel com a <strong>Apple Intelligence<\/strong>, possui <strong>bateria de longa dura\u00e7\u00e3o<\/strong> e suporte a <strong>conectividade 5G, Wi-Fi 7 e Bluetooth 6<\/strong>, garantindo desempenho e velocidade em todas as tarefas.<\/p>\n<div class=\"odlcp\">\n<div class=\"odlcp-img\"><img title = \"[Tags]\"decoding=\"async\" src=\"https:\/\/img.odcdn.com.br\/wp-content\/uploads\/2025\/10\/iphone-17-1.jpg\" width=\"365\" height=\"232\"alt = \"airpods-pro-3 AirPods Pro 3 chegam ao Brasil com tradu\u00e7\u00e3o ao vivo e sensor card\u00edaco\" loading=\"lazy\"><\/div>\n<div class=\"odlcp-info\">\n<div class=\"odlcp-meta\">\n<div class=\"odlcp-nome\">iPhone 17<\/div>\n<div class=\"odlcp-loja\">Amazon<\/div>\n<\/p><\/div>\n<div class=\"odlcp-button\">\n<div class=\"odlcp-link\"><a href=\"https:\/\/amzn.to\/4h1m61a\" target=\"_blank\" rel=\"noopener sponsored\">Ir \u00e0 loja<\/a><\/div>\n<\/p><\/div>\n<\/p><\/div>\n<\/p><\/div>\n<p class=\"has-small-font-size\"><em><strong>Aviso:<\/strong> este artigo cont\u00e9m um ou mais links gerados a partir de um programa de afiliados. O valor n\u00e3o muda para voc\u00ea e o <strong>Olhar Digital<\/strong> poder\u00e1 receber uma comiss\u00e3o. Nenhuma empresa participou da escolha para os links e n\u00e3o existiu aprova\u00e7\u00e3o pr\u00e9via deste conte\u00fado, que segue independente como sempre foi.<\/em><\/p>\n<p>O post AirPods Pro 3 chegam ao Brasil com tradu\u00e7\u00e3o ao vivo e sensor card\u00edaco apareceu primeiro em Olhar Digital.<\/p>\n<p><br \/>\n<br \/><a href=\"https:\/\/olhardigital.com.br\/2025\/10\/10\/reviews\/airpods-pro-3-chegam-ao-brasil-com-traducao-ao-vivo-e-sensor-cardiaco\/\">Fonte do Artigo <\/a><br \/>\nTags:<\/p>\n<p><a title=\"Gestor de Tr\u00e1fego\" href=\"https:\/\/www.gestor-de-trafego.com\/\" target=\"_blank\"><strong>Gestor de Tr\u00e1fego<\/strong><\/a><\/p>\n<p><a href=\"https:\/\/wiy.com.br\/noticias\/categoria\/tecnologia\/\">#tecnologia<\/a> <a href=\"https:\/\/wiy.com.br\/noticias\/categoria\/tecnologia\/\">#tecnologias<\/a> <a href=\"https:\/\/wiy.com.br\/noticias\/categoria\/tecnologia\/\">#technology<\/a> <a href=\"https:\/\/wiy.com.br\/noticias\/categoria\/tecnologia\/\">#tecnolog<\/a> <a href=\"https:\/\/wiy.com.br\/noticias\/categoria\/tecnologia\/\">#iphone<\/a> <a href=\"https:\/\/wiy.com.br\/noticias\/categoria\/tecnologia\/\">#informatica<\/a> <a href=\"https:\/\/wiy.com.br\/noticias\/categoria\/tecnologia\/\">#tech<\/a> <a href=\"https:\/\/wiy.com.br\/noticias\/categoria\/tecnologia\/\">#design<\/a> <a href=\"https:\/\/wiy.com.br\/noticias\/categoria\/tecnologia\/\">#samsung<\/a> <a href=\"https:\/\/wiy.com.br\/noticias\/categoria\/tecnologia\/\">#internet<\/a> <a href=\"https:\/\/wiy.com.br\/noticias\/categoria\/tecnologia\/\">#apple<\/a> <a href=\"https:\/\/wiy.com.br\/noticias\/categoria\/tecnologia\/\">#smartphone<\/a> <a href=\"https:\/\/wiy.com.br\/noticias\/categoria\/tecnologia\/\">#seguranca<\/a> <a href=\"https:\/\/wiy.com.br\/noticias\/categoria\/tecnologia\/\">#venezuela<\/a> <a href=\"https:\/\/wiy.com.br\/noticias\/categoria\/tecnologia\/\">#celular<\/a> <a href=\"https:\/\/wiy.com.br\/noticias\/categoria\/tecnologia\/\">#celulares<\/a> <a href=\"https:\/\/wiy.com.br\/noticias\/categoria\/tecnologia\/\">#inovar<\/a> <a href=\"https:\/\/wiy.com.br\/noticias\/categoria\/tecnologia\/\">#qualidade<\/a> <a href=\"https:\/\/wiy.com.br\/noticias\/categoria\/tecnologia\/\">#software<\/a> <a href=\"https:\/\/wiy.com.br\/noticias\/categoria\/tecnologia\/\">#empresas<\/a> <a href=\"https:\/\/wiy.com.br\/noticias\/categoria\/tecnologia\/\">#cursos<\/a> <a href=\"https:\/\/wiy.com.br\/noticias\/categoria\/tecnologia\/\">#engenharia<\/a> <a href=\"https:\/\/wiy.com.br\/noticias\/categoria\/tecnologia\/\">#industria<\/a> <a href=\"https:\/\/wiy.com.br\/noticias\/categoria\/tecnologia\/\">#marketing<\/a> <a href=\"https:\/\/wiy.com.br\/noticias\/categoria\/tecnologia\/\">#ti<\/a> <a href=\"https:\/\/wiy.com.br\/noticias\/categoria\/tecnologia\/\">#tecnoblog<\/a> <a href=\"https:\/\/wiy.com.br\/noticias\/categoria\/tecnologia\/\">#veja<\/a> <a href=\"https:\/\/wiy.com.br\/noticias\/categoria\/tecnologia\/\">#olhardigital<\/a> <a href=\"https:\/\/wiy.com.br\/noticias\/categoria\/tecnologia\/\">#mundodigital<\/a> <a href=\"https:\/\/wiy.com.br\/noticias\/categoria\/tecnologia\/\">#inteligenciaartificial<\/a> <a href=\"https:\/\/wiy.com.br\/criacao-de-sites\/\">#criar site<\/a> <a href=\"https:\/\/wiy.com.br\/criacao-de-sites\/\">#criar site curitiba<\/a> <a href=\"https:\/\/wiy.com.br\/criacao-de-sites\/\">#wiysolutions<\/a><\/p>\n<p><a \n#AirPods #Pro #chegam #Brasil #tradu\u00e7\u00e3o #vivo #sensor #card\u00edaco\n<\/p>\n","protected":false},"excerpt":{"rendered":"<p>A Apple iniciou nesta sexta-feira (10) as vendas dos AirPods Pro 3 no Brasil. O modelo chega ao mercado nacional por R$ 2.699 e tem como principal destaque a tradu\u00e7\u00e3o de conversas em tempo real, recurso in\u00e9dito entre os fones de ouvido da marca. A fun\u00e7\u00e3o usa intelig\u00eancia artificial (IA) para interpretar e converter falas [&hellip;]<\/p>\n","protected":false},"author":1,"featured_media":99970,"comment_status":"open","ping_status":"open","sticky":false,"template":"","format":"standard","meta":{"footnotes":""},"categories":[5],"tags":[],"class_list":["post-99969","post","type-post","status-publish","format-standard","has-post-thumbnail","hentry","category-tecnologia"],"_links":{"self":[{"href":"https:\/\/wiy.com.br\/noticias\/wp-json\/wp\/v2\/posts\/99969","targetHints":{"allow":["GET"]}}],"collection":[{"href":"https:\/\/wiy.com.br\/noticias\/wp-json\/wp\/v2\/posts"}],"about":[{"href":"https:\/\/wiy.com.br\/noticias\/wp-json\/wp\/v2\/types\/post"}],"author":[{"embeddable":true,"href":"https:\/\/wiy.com.br\/noticias\/wp-json\/wp\/v2\/users\/1"}],"replies":[{"embeddable":true,"href":"https:\/\/wiy.com.br\/noticias\/wp-json\/wp\/v2\/comments?post=99969"}],"version-history":[{"count":1,"href":"https:\/\/wiy.com.br\/noticias\/wp-json\/wp\/v2\/posts\/99969\/revisions"}],"predecessor-version":[{"id":99971,"href":"https:\/\/wiy.com.br\/noticias\/wp-json\/wp\/v2\/posts\/99969\/revisions\/99971"}],"wp:featuredmedia":[{"embeddable":true,"href":"https:\/\/wiy.com.br\/noticias\/wp-json\/wp\/v2\/media\/99970"}],"wp:attachment":[{"href":"https:\/\/wiy.com.br\/noticias\/wp-json\/wp\/v2\/media?parent=99969"}],"wp:term":[{"taxonomy":"category","embeddable":true,"href":"https:\/\/wiy.com.br\/noticias\/wp-json\/wp\/v2\/categories?post=99969"},{"taxonomy":"post_tag","embeddable":true,"href":"https:\/\/wiy.com.br\/noticias\/wp-json\/wp\/v2\/tags?post=99969"}],"curies":[{"name":"wp","href":"https:\/\/api.w.org\/{rel}","templated":true}]}}