{"id":99908,"date":"2025-10-09T15:40:51","date_gmt":"2025-10-09T18:40:51","guid":{"rendered":"https:\/\/wiy.com.br\/noticias\/tudo-bem-nao-gostar-de-criancas\/"},"modified":"2025-10-09T15:40:51","modified_gmt":"2025-10-09T18:40:51","slug":"tudo-bem-nao-gostar-de-criancas","status":"publish","type":"post","link":"https:\/\/wiy.com.br\/noticias\/tudo-bem-nao-gostar-de-criancas\/","title":{"rendered":"Tudo bem n\u00e3o gostar de crian\u00e7as?"},"content":{"rendered":"<p> <br \/>\n<\/p>\n<p>Voc\u00ea certamente j\u00e1 ouviu a frase \u201cEu n\u00e3o gosto de <a href=\"https:\/\/vejasp.abril.com.br\/cidades\/dia-das-criancas-educacao-emocional-desenvolvimento\/\">crian\u00e7a<\/a>\u201d. Dita em contextos semelhantes a \u201ceu n\u00e3o gosto de cachorro\u201d, a frase passa com surpreendente naturalidade, confundindo-se com uma prefer\u00eancia pessoal. Deveria soar no m\u00ednimo estranho declarar abertamente intoler\u00e2ncia contra um grupo de seres humanos que comp\u00f5e 17% da popula\u00e7\u00e3o brasileira. Mas um bar de S\u00e3o Paulo chegou a instalar placas estampando dizeres como \u201cN\u00e3o odiamos crian\u00e7as, \u00e9 s\u00f3 a sua mesmo\u201d \u2014 caso que chocou a internet em 2022 \u2014 e companhias a\u00e9reas est\u00e3o criando \u00e1reas onde os pequenos s\u00e3o bem-vindos. No mesmo esp\u00edrito de estabelecimentos \u201cpet free\u201d, espa\u00e7os de conviv\u00eancia t\u00eam, cada vez mais, proibido a presen\u00e7a de crian\u00e7as por \u201cperturbarem\u201d a paz dos demais frequentadores.<\/p>\n<p>N\u00e3o deixa de ser uma esp\u00e9cie de etarismo \u2014 ou, mais precisamente, adultismo. \u201cImagina voc\u00ea entrar em um espa\u00e7o que n\u00e3o aceita pessoas com mais de 60 anos. Seria considerado um absurdo\u201d, compara a pedagoga especialista em primeira inf\u00e2ncia, Tha\u00eds Lefcadito. Segundo ela, nossa sociedade cria uma hierarquia baseada no n\u00edvel de desenvolvimento e, a partir disso, coloca a inf\u00e2ncia como uma subcategoria humana, menos merecedora de direitos e respeito. \u201cParece que a crian\u00e7a s\u00f3 \u00e9 conveniente at\u00e9 onde esbarra no bem- estar do adulto\u201d, completa, citando que eventuais choros e dispers\u00f5es s\u00e3o comportamentos naturais da faixa et\u00e1ria e devem ser tolerados pela sociedade \u2014 na medida em que ela \u00e9 composta por sujeitos diversos e com necessidades diversas.<\/p>\n<div class=\"noreadme-audima ads video-ads\">\n<div class=\"abrAD\" data-format=\"intext_video\"><\/div>\n<\/div>\n<p>O termo adultismo define justamente esse conjunto de comportamentos e atitudes que partem do pressuposto de que adultos s\u00e3o superiores aos mais jovens \u2014 o que gera um preconceito et\u00e1rio e os pressiona a agir de forma mais madura, enquanto os pais acabam sentindo a necessidade de reprimir esse lado infantil. Soa familiar? \u00c9 o mesmo movimento que naturaliza a ideia de crian\u00e7as e adolescentes agindo em descompasso com suas idades nas redes sociais \u2014 e que gera a t\u00e3o falada adultiza\u00e7\u00e3o. \u201cN\u00f3s somos uma sociedade que n\u00e3o permite que a crian\u00e7a aja como tal\u201d, resume Mariana Zan, advogada do Instituto Alana.<\/p>\n<div id=\"relacionadas\" class=\"block noreadme-audima three_columns\">\n<ul class=\"block-menu\">\n<li data-tab=\"tab-1\" class=\"active\">Relacionadas<\/li>\n<\/ul>\n<div id=\"tab-1\" class=\"block-content active\">\n<ul class=\"relacionadas-s-img\">\n<li class=\"widget-news-item without-thumb with-border\">\n<div class=\"widget-news-info\"><a href=\"\/cultura-lazer\">Cultura &amp; Lazer<\/a><span class=\"widget-news-item-title\"><a href=\"https:\/\/vejasp.abril.com.br\/cultura-lazer\/dia-das-criancas-parques-estaduais-de-sp-terao-programacao-especial-para-os-pequenos\/\">Dia das Crian\u00e7as: parques estaduais de SP ter\u00e3o programa\u00e7\u00e3o especial para os pequenos<\/a><\/span><span class=\"widget-news-item-date\">8 out 2025 &#8211; 17h10<\/span><\/div>\n<\/li>\n<li class=\"widget-news-item without-thumb with-border\">\n<div class=\"widget-news-info\"><a href=\"\/cultura-lazer\">Cultura &amp; Lazer<\/a><span class=\"widget-news-item-title\"><a href=\"https:\/\/vejasp.abril.com.br\/cultura-lazer\/semana-da-crianca-confira-a-programacao-gratuita-das-casas-de-culturas\/\">Semana da crian\u00e7a: confira a programa\u00e7\u00e3o gratuita das Casas de Culturas<\/a><\/span><span class=\"widget-news-item-date\">8 out 2025 &#8211; 17h10<\/span><\/div>\n<\/li>\n<li class=\"widget-news-item without-thumb with-border\">\n<div class=\"widget-news-info\"><a href=\"\/cultura-lazer\">Cultura &amp; Lazer<\/a><span class=\"widget-news-item-title\"><a href=\"https:\/\/vejasp.abril.com.br\/coluna\/criancas-sao-paulo\/musical-infantil-no-teatro-italia-celebra-diversidade-com-elenco-inclusivo\/\">Musical infantil no Teatro It\u00e1lia celebra diversidade com elenco inclusivo<\/a><\/span><span class=\"widget-news-item-date\">5 out 2025 &#8211; 08h10<\/span><\/div>\n<\/li>\n<\/ul>\n<\/div>\n<\/div>\n<p>Quando n\u00e3o s\u00e3o literalmente barradas, as crian\u00e7as \u2014 e, por consequ\u00eancia, os pais \u2014 sofrem com a falta de acessibilidade e de toler\u00e2ncia nesses espa\u00e7os, o que inclui xingamentos e olhares acusat\u00f3rios por parte dos outros presentes. \u201cElas s\u00e3o cidad\u00e3s que ainda precisam pedir desculpas por existirem, e isso afeta tamb\u00e9m os pais\u201d, pontua Tha\u00eds.<\/p>\n<p>Camila Zanellatto sentiu isso na pele. A produtora de conte\u00fado da p\u00e1gina Passeios Kids lembra de quando fez um tour guiado em Paranapiacaba com o filho Pedro, de 5 anos, e recebeu olhares acusat\u00f3rios dos outros visitantes porque o menino estava disperso e brincando durante as explica\u00e7\u00f5es. \u201cAs pes soas me olhavam como se eu tivesse que cont\u00ea-lo, mas ele n\u00e3o estava fazendo nada demais\u201d, conta. Constrangidos, ela e o marido decidiram n\u00e3o terminar o trajeto. \u201cE \u00e9 sempre comigo. Meu marido estava l\u00e1 o tempo todo, mas em nenhum momento o olharam feio\u201d, lembra.<\/p>\n<div class=\"ads post-ads noreadme-audima\">\n    <span class=\"title\">Continua ap\u00f3s a publicidade<\/span><\/p>\n<div class=\"abrAD\" data-format=\"intext\"><\/div>\n<\/div>\n<p>O relato de Camila escancara como a segrega\u00e7\u00e3o da inf\u00e2ncia tamb\u00e9m \u00e9, no fim, uma exclus\u00e3o das mulheres. \u201cConsiderando as caracter\u00edsticas das fam\u00edlias brasileiras, em que as redes de apoio s\u00e3o majoritariamente formadas por mulheres e o trabalho do cuidado \u00e9 feito por mulheres negras, tamb\u00e9m estamos falando de segreg\u00e1- las\u201d, explica Mariana.<\/p>\n<p>Solange Nogueira, m\u00e3e de Joaquim, de 9 anos, tamb\u00e9m foi v\u00edtima dessa exclus\u00e3o e at\u00e9 parou de frequentar restaurantes com o filho, que tem autismo n\u00edvel 3. \u201cAs pessoas se incomodam, acham que a gente n\u00e3o deveria estar ali\u201d, conta a m\u00e3e, que j\u00e1 foi expulsa de lojas e at\u00e9 agredida verbalmente em laborat\u00f3rios de exames cl\u00ednicos por causa do comportamento do menino. \u201cEu sempre sinto como se eu fosse a errada da hist\u00f3ria\u201d, lamenta.<\/p>\n<figure><img title = \"[Tags]\"decoding=\"async\"alt = \"DSC_3078.jpg Tudo bem n\u00e3o gostar de crian\u00e7as?\" src=\"https:\/\/vejasp.abril.com.br\/wp-content\/uploads\/2025\/10\/DSC_3078.jpg.jpg\" \/><figcaption>Solange e Joaquim, de 9 anos<span class=\"copyright\">Agliberto Lima\/Veja SP<\/span><\/figcaption><\/figure>\n<div class=\"ads post-ads noreadme-audima\">\n    <span class=\"title\">Continua ap\u00f3s a publicidade<\/span><\/p>\n<div class=\"abrAD\" data-format=\"intext\"><\/div>\n<\/div>\n<p>A proibi\u00e7\u00e3o de entrada de crian\u00e7as em locais comuns n\u00e3o \u00e9 prevista na lei. O que se pode fazer, de acordo com o Estatuto da Crian\u00e7a e do Adolescente (ECA), \u00e9 limitar a presen\u00e7a delas desacompanhadas de um respons\u00e1vel em locais que podem ser inadequados, como est\u00e1dios de futebol, festas com m\u00fasica alta e bares.<\/p>\n<p>O dever de prezar pelo bem-estar das crian\u00e7as, diga-se, n\u00e3o \u00e9 s\u00f3 dos pais. Na Constitui\u00e7\u00e3o de 1988, no artigo 227, firmou-se como dever \u201cda fam\u00edlia, da sociedade e do Estado\u201d coloc\u00e1-las \u201ca salvo de toda forma de neglig\u00eancia, discrimina\u00e7\u00e3o, explora\u00e7\u00e3o, viol\u00eancia, crueldade e opress\u00e3o\u201d. Essa miss\u00e3o conjunta \u00e9 fundamental para preserv\u00e1-las, afinal, s\u00e3o o futuro da humanidade. \u201cA crian\u00e7a tem uma compreens\u00e3o limitada do que acontece. Ent\u00e3o, \u00e9 muito f\u00e1cil perpetuar padr\u00f5es de viol\u00eancia, porque \u00e9 raro que elas resistam ou se rebelem, como fazem outras minorias\u201d, afirma Tha\u00eds.<\/p>\n<p>A escolha de n\u00e3o ter filhos \u00e9 v\u00e1lida e importante, mas isso n\u00e3o justifica a op\u00e7\u00e3o de n\u00e3o conviver com elas \u2014 da mesma forma que n\u00e3o se pode escolher n\u00e3o conviver com idosos ou pessoas com defici\u00eancia, explica a pedagoga. \u201cSe a gente aceita que uma pessoa fale que odeia crian\u00e7as, em alguma medida a gente est\u00e1 aceitando uma sociedade violenta contra elas e adolescentes\u201d, completa Mariana.<\/p>\n<div class=\"ads post-ads noreadme-audima\">\n    <span class=\"title\">Continua ap\u00f3s a publicidade<\/span><\/p>\n<div class=\"abrAD\" data-format=\"intext\"><\/div>\n<\/div>\n<p><strong>Publicado em VEJA S\u00e3o Paulo de 10 de outubro de 2025, edi\u00e7\u00e3o n\u00ba2965.<\/strong><\/p>\n<div class=\"box-app-phone-share noreadme-audima\">\n<div class=\"title-phone-share\">Compartilhe essa mat\u00e9ria via:<\/div>\n<div class=\"buttoms-phone-share\">\n\t\t<a class=\"whatsapp\" id=\"whatsappShare\" rel=\"nofollow\" aria-label=\"Compartilhe no Whatsapp\" target=\"_blank\" href=\"https:\/\/api.whatsapp.com\/send?text=https:\/\/vejasp.abril.com.br\/cidades\/adultismo-intolerancia-criancas\/?utm_medium=whatsapp&amp;utm_source=shortcode_vejinhas\"><span>WhatsAPP<\/span><\/a><br \/>\n\t\t<a class=\"telegram\" id=\"telegramShare\" rel=\"nofollow\" aria-label=\"Compartilhe no Telegram\" target=\"_blank\" href=\"https:\/\/telegram.me\/share\/url?url=https:\/\/vejasp.abril.com.br\/cidades\/adultismo-intolerancia-criancas\/?utm_medium=telegram&amp;utm_source=shortcode_vejinhas\"><span>Telegram<\/span><\/a>\n\t\t<\/div>\n<\/p><\/div>\n<div class=\"ads after-text noreadme-audima\">\n    <span class=\"title\">Publicidade<\/span><\/p>\n<div class=\"abrAD\" data-format=\"aftertext\" data-mapping=\"intext\"><\/div>\n<\/div>\n<p><br \/>\n<br \/><a href=\"https:\/\/vejasp.abril.com.br\/cidades\/adultismo-intolerancia-criancas\/\">Fonte do Artigo <\/a><br \/>\nTags:<br \/>\n#loterias #loteriascaixa #megasena #resultadoapostas#noticias #noticiario  #noticia #brasil #noticiascolombia #mundo #esporte #colombia #noticiadeld #ltimasnoticias  #noticiario #noticiasregionales #noticiasdepartamentales #noticiashoy #esportes #noticiaahora #elinformantenoticias #noticiasdeboyac  #esporteinterativo #esportivo #diariodosesportes  #noticiero  #jogodefutebol #jogos #loto #apostas<\/p>\n","protected":false},"excerpt":{"rendered":"<p>Voc\u00ea certamente j\u00e1 ouviu a frase \u201cEu n\u00e3o gosto de crian\u00e7a\u201d. Dita em contextos semelhantes a \u201ceu n\u00e3o gosto de cachorro\u201d, a frase passa com surpreendente naturalidade, confundindo-se com uma prefer\u00eancia pessoal. Deveria soar no m\u00ednimo estranho declarar abertamente intoler\u00e2ncia contra um grupo de seres humanos que comp\u00f5e 17% da popula\u00e7\u00e3o brasileira. Mas um bar [&hellip;]<\/p>\n","protected":false},"author":1,"featured_media":99909,"comment_status":"open","ping_status":"open","sticky":false,"template":"","format":"standard","meta":{"footnotes":""},"categories":[1],"tags":[],"class_list":["post-99908","post","type-post","status-publish","format-standard","has-post-thumbnail","hentry","category-curso-de-copy"],"_links":{"self":[{"href":"https:\/\/wiy.com.br\/noticias\/wp-json\/wp\/v2\/posts\/99908","targetHints":{"allow":["GET"]}}],"collection":[{"href":"https:\/\/wiy.com.br\/noticias\/wp-json\/wp\/v2\/posts"}],"about":[{"href":"https:\/\/wiy.com.br\/noticias\/wp-json\/wp\/v2\/types\/post"}],"author":[{"embeddable":true,"href":"https:\/\/wiy.com.br\/noticias\/wp-json\/wp\/v2\/users\/1"}],"replies":[{"embeddable":true,"href":"https:\/\/wiy.com.br\/noticias\/wp-json\/wp\/v2\/comments?post=99908"}],"version-history":[{"count":0,"href":"https:\/\/wiy.com.br\/noticias\/wp-json\/wp\/v2\/posts\/99908\/revisions"}],"wp:featuredmedia":[{"embeddable":true,"href":"https:\/\/wiy.com.br\/noticias\/wp-json\/wp\/v2\/media\/99909"}],"wp:attachment":[{"href":"https:\/\/wiy.com.br\/noticias\/wp-json\/wp\/v2\/media?parent=99908"}],"wp:term":[{"taxonomy":"category","embeddable":true,"href":"https:\/\/wiy.com.br\/noticias\/wp-json\/wp\/v2\/categories?post=99908"},{"taxonomy":"post_tag","embeddable":true,"href":"https:\/\/wiy.com.br\/noticias\/wp-json\/wp\/v2\/tags?post=99908"}],"curies":[{"name":"wp","href":"https:\/\/api.w.org\/{rel}","templated":true}]}}