{"id":99762,"date":"2025-10-07T18:45:54","date_gmt":"2025-10-07T21:45:54","guid":{"rendered":"https:\/\/wiy.com.br\/noticias\/quem-mente-rouba-quem-rouba-mata-grupo-que-projeta-frases-em-sp-entra-na-onda-de-vale-tudo\/"},"modified":"2025-10-07T18:45:54","modified_gmt":"2025-10-07T21:45:54","slug":"quem-mente-rouba-quem-rouba-mata-grupo-que-projeta-frases-em-sp-entra-na-onda-de-vale-tudo","status":"publish","type":"post","link":"https:\/\/wiy.com.br\/noticias\/quem-mente-rouba-quem-rouba-mata-grupo-que-projeta-frases-em-sp-entra-na-onda-de-vale-tudo\/","title":{"rendered":"\u201cQuem mente rouba, quem rouba mata\u201d: grupo que projeta frases em SP entra na onda de \u201cVale Tudo\u201d"},"content":{"rendered":"<p> <br \/>\n<br \/><img title = \"[Tags]\"alt = \"SnapInsta.to_560376351_18081114806069226_901028290140291293_n-1 \u201cQuem mente rouba, quem rouba mata\u201d: grupo que projeta frases em SP entra na onda de \u201cVale Tudo\u201d\"decoding=\"async\" src=\"https:\/\/vejasp.abril.com.br\/wp-content\/uploads\/2025\/10\/SnapInsta.to_560376351_18081114806069226_901028290140291293_n-1.jpg\" \/><\/p>\n<p>&#8220;Quem mente rouba, quem rouba mata&#8221;. A frase dita pela personagem Maria de F\u00e1tima (Bella Campos) no cap\u00edtulo de segunda (6) da novela &#8220;<a href=\"https:\/\/vejasp.abril.com.br\/cultura-lazer\/debora-bloch-45-anos-de-carreira-odete-roitman\/\">Vale Tudo<\/a>&#8221; estampou a parede de um pr\u00e9dio na Consola\u00e7\u00e3o, em S\u00e3o Paulo, na mesma noite. A interven\u00e7\u00e3o foi feita pelo Projetemos, rede de pessoas que reivindicam mudan\u00e7as sociais a partir de frase projetadas em paredes ao redor do pa\u00eds.<\/p>\n<p>F\u00e1tima disse a frase, mas a senten\u00e7a \u00e9 famosa na boca da personagem de Raquel (Ta\u00eds Ara\u00fajo), e foi dita por ela durante toda a trama.<\/p>\n<div class=\"noreadme-audima ads video-ads\">\n<div class=\"abrAD\" data-format=\"intext_video\"><\/div>\n<\/div>\n<p>A iniciativa surgiu durante a pandemia, concebida pelo artista visual Mozart Santos, o publicit\u00e1rio Felipe Spencer e a cientista pol\u00edtica Bruna Rosa. &#8220;Vimos muitas pessoas saindo de casa, muita desinforma\u00e7\u00e3o, e quer\u00edamos achar um jeito de informar essas pessoas sem precisarmos sair de casa&#8221;, conta Mozart. O trio come\u00e7ou a projetar frases como &#8220;Fique em casa&#8221; e &#8220;Use m\u00e1scaras&#8221;.<\/p>\n<p>Outras pessoas come\u00e7aram a procur\u00e1-los para projetar mensagens, e eles decidiram criar uma rede. Come\u00e7aram a dar oficinas gratuitas de proje\u00e7\u00e3o, para que as pessoas pudessem elas mesmas projetarem, seja com projetores, seja com o o que eles chamam de &#8220;st\u00eancil de luz&#8221;, t\u00e9cnica que usa apenas um papel com letras recortadas e uma lanterna.<\/p>\n<p>&#8220;Qualquer um pode projetar, mesmo sem equipamento de \u00faltima tecnologia. V<span>irou uma rede de defesa de causas diversas, para reivindicar tudo que o Brasil estava precisando&#8221;, explica o artista.<\/span><\/p>\n<div class=\"ads post-ads noreadme-audima\">\n    <span class=\"title\">Continua ap\u00f3s a publicidade<\/span><\/p>\n<div class=\"abrAD\" data-format=\"intext\"><\/div>\n<\/div>\n<h3>&#8220;Quem mente rouba, quem rouba mata&#8221;<\/h3>\n<p><span>&#8220;A gente procura sempre unir coisas que tenham o apelo popular com reivindica\u00e7\u00f5es sociais&#8221;, conta Mozart, que, assim que viu o epis\u00f3dio de segunda (6), correu para projetar a frase pela janela, onde <\/span>tem um projetor montado 24 horas por dia. <span>&#8220;\u00c9 uma frase que fala de muita coisa, de muita gente, ou s\u00f3 sobre a novela. Quem est\u00e1 lendo \u00e9 que coloca as pot\u00eancias dentro dela&#8221;, completa.<\/span><\/p>\n<div id=\"relacionadas\" class=\"block noreadme-audima three_columns\">\n<ul class=\"block-menu\">\n<li data-tab=\"tab-1\" class=\"active\">Relacionadas<\/li>\n<\/ul>\n<div id=\"tab-1\" class=\"block-content active\">\n<ul class=\"relacionadas-s-img\">\n<li class=\"widget-news-item without-thumb with-border\">\n<div class=\"widget-news-info\"><a href=\"\/cidades\">Cidades<\/a><span class=\"widget-news-item-title\"><a href=\"https:\/\/vejasp.abril.com.br\/cidades\/estao-abertas-as-inscricoes-para-estudar-no-sesi-sp-em-2026-saiba-como-participar\/\">Est\u00e3o abertas as inscri\u00e7\u00f5es para estudar no SESI-SP em 2026; saiba como participar<\/a><\/span><span class=\"widget-news-item-date\">6 out 2025 &#8211; 19h10<\/span><\/div>\n<\/li>\n<li class=\"widget-news-item without-thumb with-border\">\n<div class=\"widget-news-info\"><a href=\"\/cultura-lazer\">Cultura &amp; Lazer<\/a><span class=\"widget-news-item-title\"><a href=\"https:\/\/vejasp.abril.com.br\/coluna\/tudo-de-som\/tiny-desk-brasil-joao-gomes\/\">Tiny Desk Brasil estreia com Jo\u00e3o Gomes; confira os bastidores do projeto<\/a><\/span><span class=\"widget-news-item-date\">7 out 2025 &#8211; 09h10<\/span><\/div>\n<\/li>\n<li class=\"widget-news-item without-thumb with-border\">\n<div class=\"widget-news-info\"><a href=\"\/cultura-lazer\">Cultura &amp; Lazer<\/a><span class=\"widget-news-item-title\"><a href=\"https:\/\/vejasp.abril.com.br\/cultura-lazer\/debora-bloch-odete-roitman-capitulos-finais\/\">Quem matou Odete Roitman? Debora Bloch fala sobre cap\u00edtulo esperado<\/a><\/span><span class=\"widget-news-item-date\">6 out 2025 &#8211; 15h10<\/span><\/div>\n<\/li>\n<\/ul>\n<\/div>\n<\/div>\n<div class=\"box-app-phone-share noreadme-audima\">\n<div class=\"title-phone-share\">Compartilhe essa mat\u00e9ria via:<\/div>\n<div class=\"buttoms-phone-share\">\n\t\t<a class=\"whatsapp\" id=\"whatsappShare\" rel=\"nofollow\" aria-label=\"Compartilhe no Whatsapp\" target=\"_blank\" href=\"https:\/\/api.whatsapp.com\/send?text=https:\/\/vejasp.abril.com.br\/cidades\/quem-mente-rouba-quem-rouba-mata-grupo-que-projeta-frases-em-sp-entra-na-onda-de-vale-tudo\/?utm_medium=whatsapp&amp;utm_source=shortcode_vejinhas\"><span>WhatsAPP<\/span><\/a><br \/>\n\t\t<a class=\"telegram\" id=\"telegramShare\" rel=\"nofollow\" aria-label=\"Compartilhe no Telegram\" target=\"_blank\" href=\"https:\/\/telegram.me\/share\/url?url=https:\/\/vejasp.abril.com.br\/cidades\/quem-mente-rouba-quem-rouba-mata-grupo-que-projeta-frases-em-sp-entra-na-onda-de-vale-tudo\/?utm_medium=telegram&amp;utm_source=shortcode_vejinhas\"><span>Telegram<\/span><\/a>\n\t\t<\/div>\n<\/p><\/div>\n<div class=\"ads after-text noreadme-audima\">\n    <span class=\"title\">Publicidade<\/span><\/p>\n<div class=\"abrAD\" data-format=\"aftertext\" data-mapping=\"intext\"><\/div>\n<\/div>\n<p><br \/>\n<br \/><a href=\"https:\/\/vejasp.abril.com.br\/cidades\/quem-mente-rouba-quem-rouba-mata-grupo-que-projeta-frases-em-sp-entra-na-onda-de-vale-tudo\/\">Fonte do Artigo <\/a><br \/>\nTags:<br \/>\n#loterias #loteriascaixa #megasena #resultadoapostas#noticias #noticiario  #noticia #brasil #noticiascolombia #mundo #esporte #colombia #noticiadeld #ltimasnoticias  #noticiario #noticiasregionales #noticiasdepartamentales #noticiashoy #esportes #noticiaahora #elinformantenoticias #noticiasdeboyac  #esporteinterativo #esportivo #diariodosesportes  #noticiero  #jogodefutebol #jogos #loto #apostas<\/p>\n","protected":false},"excerpt":{"rendered":"<p>&#8220;Quem mente rouba, quem rouba mata&#8221;. A frase dita pela personagem Maria de F\u00e1tima (Bella Campos) no cap\u00edtulo de segunda (6) da novela &#8220;Vale Tudo&#8221; estampou a parede de um pr\u00e9dio na Consola\u00e7\u00e3o, em S\u00e3o Paulo, na mesma noite. A interven\u00e7\u00e3o foi feita pelo Projetemos, rede de pessoas que reivindicam mudan\u00e7as sociais a partir de [&hellip;]<\/p>\n","protected":false},"author":1,"featured_media":99763,"comment_status":"open","ping_status":"open","sticky":false,"template":"","format":"standard","meta":{"footnotes":""},"categories":[1],"tags":[],"class_list":["post-99762","post","type-post","status-publish","format-standard","has-post-thumbnail","hentry","category-curso-de-copy"],"_links":{"self":[{"href":"https:\/\/wiy.com.br\/noticias\/wp-json\/wp\/v2\/posts\/99762","targetHints":{"allow":["GET"]}}],"collection":[{"href":"https:\/\/wiy.com.br\/noticias\/wp-json\/wp\/v2\/posts"}],"about":[{"href":"https:\/\/wiy.com.br\/noticias\/wp-json\/wp\/v2\/types\/post"}],"author":[{"embeddable":true,"href":"https:\/\/wiy.com.br\/noticias\/wp-json\/wp\/v2\/users\/1"}],"replies":[{"embeddable":true,"href":"https:\/\/wiy.com.br\/noticias\/wp-json\/wp\/v2\/comments?post=99762"}],"version-history":[{"count":0,"href":"https:\/\/wiy.com.br\/noticias\/wp-json\/wp\/v2\/posts\/99762\/revisions"}],"wp:featuredmedia":[{"embeddable":true,"href":"https:\/\/wiy.com.br\/noticias\/wp-json\/wp\/v2\/media\/99763"}],"wp:attachment":[{"href":"https:\/\/wiy.com.br\/noticias\/wp-json\/wp\/v2\/media?parent=99762"}],"wp:term":[{"taxonomy":"category","embeddable":true,"href":"https:\/\/wiy.com.br\/noticias\/wp-json\/wp\/v2\/categories?post=99762"},{"taxonomy":"post_tag","embeddable":true,"href":"https:\/\/wiy.com.br\/noticias\/wp-json\/wp\/v2\/tags?post=99762"}],"curies":[{"name":"wp","href":"https:\/\/api.w.org\/{rel}","templated":true}]}}