{"id":99381,"date":"2025-10-02T17:39:19","date_gmt":"2025-10-02T20:39:19","guid":{"rendered":"https:\/\/wiy.com.br\/noticias\/quem-e-o-novo-consul-geral-dos-eua-em-sao-paulo\/"},"modified":"2025-10-02T17:39:19","modified_gmt":"2025-10-02T20:39:19","slug":"quem-e-o-novo-consul-geral-dos-eua-em-sao-paulo","status":"publish","type":"post","link":"https:\/\/wiy.com.br\/noticias\/quem-e-o-novo-consul-geral-dos-eua-em-sao-paulo\/","title":{"rendered":"Quem \u00e9 o novo c\u00f4nsul-geral dos EUA em S\u00e3o Paulo"},"content":{"rendered":"<p> <br \/>\n<\/p>\n<p><strong>Kumo<\/strong>, um grande e animado c\u00e3o da ra\u00e7a bernese mountain, \u00e9 quem me recebe primeiro na porta de <strong>Kevin Murakami<\/strong>, o novo c\u00f4nsul-geral dos Estados Unidos em S\u00e3o Paulo. Entre os flertes e farpas dos presidentes <strong>Trump<\/strong> e <strong>Lula<\/strong>, ele \u00e9 uma das figuras respons\u00e1veis por promover a boa rela\u00e7\u00e3o entre os dois pa\u00edses.<\/p>\n<h3><strong>Nova miss\u00e3o<\/strong><\/h3>\n<p>H\u00e1 menos de um m\u00eas no cargo, o diplomata passou por pa\u00edses como Col\u00f4mbia, M\u00e9xico e Quirguist\u00e3o e tamb\u00e9m pelo <strong>Rio de Janeiro<\/strong>, onde serviu como c\u00f4nsul-geral-adjunto. Por isso j\u00e1 fala portugu\u00eas \u2014 modestamente, para ele ainda \u00e9 um \u201cportunhol\u201d.<\/p>\n<div class=\"noreadme-audima ads video-ads\">\n<div class=\"abrAD\" data-format=\"intext_video\"><\/div>\n<\/div>\n<p>Al\u00e9m de espanhol e ingl\u00eas, tamb\u00e9m \u00e9 fluente em russo e japon\u00eas.<\/p>\n<p>\u201cCresci em uma fam\u00edlia bicultural, ent\u00e3o desde jovem pensei em viver de rela\u00e7\u00f5es internacionais\u201d, conta. \u201cHoje sou o primeiro c\u00f4nsul-geral com sangue japon\u00eas na cidade com a maior comunidade de japoneses fora do Jap\u00e3o.\u201d<\/p>\n<p>Questionado sobre as poss\u00edveis mudan\u00e7as nas taxas e regras de emiss\u00e3o do visto americano, Kevin diz que ainda n\u00e3o h\u00e1 atualiza\u00e7\u00f5es. \u201cQualquer informa\u00e7\u00e3o tem que vir de uma fonte oficial do consulado e da embaixada\u201d, desconversa.<\/p>\n<div class=\"ads post-ads noreadme-audima\">\n    <span class=\"title\">Continua ap\u00f3s a publicidade<\/span><\/p>\n<div class=\"abrAD\" data-format=\"intext\"><\/div>\n<\/div>\n<p>Enquanto se ambienta na capital paulista, espera em breve conhecer outras regi\u00f5es do pa\u00eds e praticar caiaque, seu esporte favorito. \u201cE estou procurando um time de futebol. No Rio nunca torci nem para o Flamengo nem para o Vasco, mas acho que vou para o Corinthians.\u201d<\/p>\n<figure><img title = \"[Tags]\"decoding=\"async\"alt = \"Kevin-Murakami-consul-geral-Credito-Wanezza-Soares-Divulgacao Quem \u00e9 o novo c\u00f4nsul-geral dos EUA em S\u00e3o Paulo\" src=\"https:\/\/vejasp.abril.com.br\/wp-content\/uploads\/2025\/10\/Kevin-Murakami-consul-geral-Credito-Wanezza-Soares-Divulgacao.jpg\" \/><figcaption>Kevin Murakami, novo c\u00f4nsul-geral dos EUA em S\u00e3o Paulo<span class=\"copyright\">Wanezza Soares\/Divulga\u00e7\u00e3o<\/span><\/figcaption><\/figure>\n<p><strong>Publicado em VEJA S\u00e3o Paulo de 3 de outubro de 2025, edi\u00e7\u00e3o n\u00ba 2964<\/strong><\/p>\n<div id=\"relacionadas\" class=\"block noreadme-audima three_columns\">\n<ul class=\"block-menu\">\n<li data-tab=\"tab-1\" class=\"active\">Relacionadas<\/li>\n<\/ul>\n<div id=\"tab-1\" class=\"block-content active\">\n<ul class=\"relacionadas-s-img\">\n<li class=\"widget-news-item without-thumb with-border\">\n<div class=\"widget-news-info\"><a href=\"\/cultura-lazer\">Cultura &amp; Lazer<\/a><span class=\"widget-news-item-title\"><a href=\"https:\/\/vejasp.abril.com.br\/coluna\/terraco-paulistano\/designers-brasileiros-ganham-destaque-em-londres\/\">Designers brasileiros ganham destaque em Londres<\/a><\/span><span class=\"widget-news-item-date\">7 set 2025 &#8211; 08h09<\/span><\/div>\n<\/li>\n<li class=\"widget-news-item without-thumb with-border\">\n<div class=\"widget-news-info\"><a href=\"\/cultura-lazer\">Cultura &amp; Lazer<\/a><span class=\"widget-news-item-title\"><a href=\"https:\/\/vejasp.abril.com.br\/coluna\/terraco-paulistano\/giulia-bianchi-assina-murais-gigantes-no-sesc-casa-verde\/\">Giulia Bianchi assina murais gigantes no Sesc Casa Verde<\/a><\/span><span class=\"widget-news-item-date\">6 set 2025 &#8211; 18h09<\/span><\/div>\n<\/li>\n<li class=\"widget-news-item without-thumb with-border\">\n<div class=\"widget-news-info\"><a href=\"\/cultura-lazer\">Cultura &amp; Lazer<\/a><span class=\"widget-news-item-title\"><a href=\"https:\/\/vejasp.abril.com.br\/coluna\/terraco-paulistano\/christian-louboutin-inaugura-nova-boutique-no-jk-iguatemi\/\">Christian Louboutin inaugura nova boutique no JK Iguatemi<\/a><\/span><span class=\"widget-news-item-date\">28 ago 2025 &#8211; 22h08<\/span><\/div>\n<\/li>\n<li class=\"widget-news-item without-thumb with-border\">\n<div class=\"widget-news-info\"><a href=\"\/cultura-lazer\">Cultura &amp; Lazer<\/a><span class=\"widget-news-item-title\"><a href=\"https:\/\/vejasp.abril.com.br\/coluna\/terraco-paulistano\/tres-marcas-cariocas-desembarcam-em-sao-paulo\/\">Tr\u00eas marcas cariocas desembarcam em S\u00e3o Paulo<\/a><\/span><span class=\"widget-news-item-date\">27 ago 2025 &#8211; 12h08<\/span><\/div>\n<\/li>\n<li class=\"widget-news-item without-thumb with-border\">\n<div class=\"widget-news-info\"><a href=\"\/cultura-lazer\">Cultura &amp; Lazer<\/a><span class=\"widget-news-item-title\"><a href=\"https:\/\/vejasp.abril.com.br\/cultura-lazer\/bienal-de-sao-paulo-comeca-neste-sabado-com-arte-de-120-artistas\/\">Bienal de S\u00e3o Paulo come\u00e7a neste s\u00e1bado com arte de 120 artistas<\/a><\/span><span class=\"widget-news-item-date\">4 set 2025 &#8211; 14h09<\/span><\/div>\n<\/li>\n<\/ul>\n<\/div>\n<\/div>\n<div class=\"box-app-phone-share noreadme-audima\">\n<div class=\"title-phone-share\">Compartilhe essa mat\u00e9ria via:<\/div>\n<div class=\"buttoms-phone-share\">\n\t\t<a class=\"whatsapp\" id=\"whatsappShare\" rel=\"nofollow\" aria-label=\"Compartilhe no Whatsapp\" target=\"_blank\" href=\"https:\/\/api.whatsapp.com\/send?text=https:\/\/vejasp.abril.com.br\/coluna\/terraco-paulistano\/quem-e-o-novo-consul-geral-dos-eua-em-sao-paulo\/?utm_medium=whatsapp&amp;utm_source=shortcode_vejinhas\"><span>WhatsAPP<\/span><\/a><br \/>\n\t\t<a class=\"telegram\" id=\"telegramShare\" rel=\"nofollow\" aria-label=\"Compartilhe no Telegram\" target=\"_blank\" href=\"https:\/\/telegram.me\/share\/url?url=https:\/\/vejasp.abril.com.br\/coluna\/terraco-paulistano\/quem-e-o-novo-consul-geral-dos-eua-em-sao-paulo\/?utm_medium=telegram&amp;utm_source=shortcode_vejinhas\"><span>Telegram<\/span><\/a>\n\t\t<\/div>\n<\/p><\/div>\n<div class=\"ads after-text noreadme-audima\">\n    <span class=\"title\">Publicidade<\/span><\/p>\n<div class=\"abrAD\" data-format=\"aftertext\" data-mapping=\"intext\"><\/div>\n<\/div>\n<p><br \/>\n<br \/><a href=\"https:\/\/vejasp.abril.com.br\/coluna\/terraco-paulistano\/quem-e-o-novo-consul-geral-dos-eua-em-sao-paulo\/\">Fonte do Artigo <\/a><br \/>\nTags:<br \/>\n#loterias #loteriascaixa #megasena #resultadoapostas#noticias #noticiario  #noticia #brasil #noticiascolombia #mundo #esporte #colombia #noticiadeld #ltimasnoticias  #noticiario #noticiasregionales #noticiasdepartamentales #noticiashoy #esportes #noticiaahora #elinformantenoticias #noticiasdeboyac  #esporteinterativo #esportivo #diariodosesportes  #noticiero  #jogodefutebol #jogos #loto #apostas<\/p>\n","protected":false},"excerpt":{"rendered":"<p>Kumo, um grande e animado c\u00e3o da ra\u00e7a bernese mountain, \u00e9 quem me recebe primeiro na porta de Kevin Murakami, o novo c\u00f4nsul-geral dos Estados Unidos em S\u00e3o Paulo. Entre os flertes e farpas dos presidentes Trump e Lula, ele \u00e9 uma das figuras respons\u00e1veis por promover a boa rela\u00e7\u00e3o entre os dois pa\u00edses. Nova [&hellip;]<\/p>\n","protected":false},"author":1,"featured_media":99382,"comment_status":"open","ping_status":"open","sticky":false,"template":"","format":"standard","meta":{"footnotes":""},"categories":[1],"tags":[],"class_list":["post-99381","post","type-post","status-publish","format-standard","has-post-thumbnail","hentry","category-curso-de-copy"],"_links":{"self":[{"href":"https:\/\/wiy.com.br\/noticias\/wp-json\/wp\/v2\/posts\/99381","targetHints":{"allow":["GET"]}}],"collection":[{"href":"https:\/\/wiy.com.br\/noticias\/wp-json\/wp\/v2\/posts"}],"about":[{"href":"https:\/\/wiy.com.br\/noticias\/wp-json\/wp\/v2\/types\/post"}],"author":[{"embeddable":true,"href":"https:\/\/wiy.com.br\/noticias\/wp-json\/wp\/v2\/users\/1"}],"replies":[{"embeddable":true,"href":"https:\/\/wiy.com.br\/noticias\/wp-json\/wp\/v2\/comments?post=99381"}],"version-history":[{"count":0,"href":"https:\/\/wiy.com.br\/noticias\/wp-json\/wp\/v2\/posts\/99381\/revisions"}],"wp:featuredmedia":[{"embeddable":true,"href":"https:\/\/wiy.com.br\/noticias\/wp-json\/wp\/v2\/media\/99382"}],"wp:attachment":[{"href":"https:\/\/wiy.com.br\/noticias\/wp-json\/wp\/v2\/media?parent=99381"}],"wp:term":[{"taxonomy":"category","embeddable":true,"href":"https:\/\/wiy.com.br\/noticias\/wp-json\/wp\/v2\/categories?post=99381"},{"taxonomy":"post_tag","embeddable":true,"href":"https:\/\/wiy.com.br\/noticias\/wp-json\/wp\/v2\/tags?post=99381"}],"curies":[{"name":"wp","href":"https:\/\/api.w.org\/{rel}","templated":true}]}}