{"id":99172,"date":"2025-09-29T20:21:50","date_gmt":"2025-09-29T23:21:50","guid":{"rendered":"https:\/\/wiy.com.br\/noticias\/padre-julio-lancellotti-anuncia-criacao-de-academia-para-moradores-de-rua\/"},"modified":"2025-09-29T20:21:50","modified_gmt":"2025-09-29T23:21:50","slug":"padre-julio-lancellotti-anuncia-criacao-de-academia-para-moradores-de-rua","status":"publish","type":"post","link":"https:\/\/wiy.com.br\/noticias\/padre-julio-lancellotti-anuncia-criacao-de-academia-para-moradores-de-rua\/","title":{"rendered":"Padre J\u00falio Lancellotti anuncia cria\u00e7\u00e3o de academia para moradores de rua"},"content":{"rendered":"<p> <br \/>\n<\/p>\n<p>\u00c0 frente do Caf\u00e9 do Padre, projeto que oferece caf\u00e9 da manh\u00e3 a mais de 300 pessoas em vulnerabilidade social de segunda a sexta-feira na capital paulista, o padre<strong> J\u00falio Lancellotti<\/strong> anuncia a cria\u00e7\u00e3o de uma academia voltada a pessoas em situa\u00e7\u00e3o de rua e um ateli\u00ea de produtos com lemas contra a intoler\u00e2ncia.<\/p>\n<p>A oficina de artesanato integra o Ateli\u00ea Santa Rosa de Lima, do Instituto Nossa Senhora das Merc\u00eas e Miseric\u00f3rdia, do qual Lancelotti \u00e9 parceiro. No Belenzinho, zona leste de S\u00e3o Paulo, o p\u00fablico recebe alimenta\u00e7\u00e3o e aprende a confeccionar logos e imagens em produtos que s\u00e3o vendidos pelo Mercado Livre.<\/p>\n<div class=\"noreadme-audima ads video-ads\">\n<div class=\"abrAD\" data-format=\"intext_video\"><\/div>\n<\/div>\n<p>As estampas do recente projeto ilustram objetos como canecas, bon\u00e9s, azulejos e aventais em homenagem a Giorgio Frassati, militante social e defensor dos pobres canonizado pela Igreja Cat\u00f3lica no \u00faltimo dia 7 de setembro.<\/p>\n<div class=\"audima-iframe-instagram noreadme-audima\">\n<blockquote class=\"instagram-media\" data-instgrm-captioned data-instgrm-permalink=\"https:\/\/www.instagram.com\/reel\/DOTomYakZNw\/?utm_source=ig_embed&amp;utm_campaign=loading\" data-instgrm-version=\"14\">\n<div> <a href=\"https:\/\/www.instagram.com\/reel\/DOTomYakZNw\/?utm_source=ig_embed&amp;utm_campaign=loading\" target=\"_blank\"> <\/p>\n<div>\n<div><\/div>\n<div>\n<div><\/div>\n<div><\/div>\n<\/div>\n<\/div>\n<div><\/div>\n<div><\/div>\n<div>\n<div>View this post on Instagram<\/div>\n<\/div>\n<div><\/div>\n<div>\n<div>\n<div><\/div>\n<div><\/div>\n<div><\/div>\n<\/div>\n<div>\n<div><\/div>\n<div><\/div>\n<\/div>\n<div>\n<div><\/div>\n<div><\/div>\n<div><\/div>\n<\/div>\n<\/div>\n<div>\n<div><\/div>\n<div><\/div>\n<\/div>\n<p><\/a><\/p>\n<p><a href=\"https:\/\/www.instagram.com\/reel\/DOTomYakZNw\/?utm_source=ig_embed&amp;utm_campaign=loading\" target=\"_blank\">A post shared by <img title = \"[Tags]\"decoding=\"async\" src=\"https:\/\/s.w.org\/images\/core\/emoji\/15.0.3\/72x72\/1f339.png\"alt = \"1f339 Padre J\u00falio Lancellotti anuncia cria\u00e7\u00e3o de academia para moradores de rua\" class=\"wp-smiley\" \/>Ateli\u00ea Santa Rosa de Lima<img title = \"[Tags]\"decoding=\"async\" src=\"https:\/\/s.w.org\/images\/core\/emoji\/15.0.3\/72x72\/1f339.png\"alt = \"1f339 Padre J\u00falio Lancellotti anuncia cria\u00e7\u00e3o de academia para moradores de rua\" class=\"wp-smiley\" \/> (@santarosadelimaatelie)<\/a><\/p>\n<\/div>\n<\/blockquote>\n<\/div>\n<h3>Academia para moradores de rua<\/h3>\n<p>Al\u00e9m do ateli\u00ea, Lancelotti segue com planos para a cria\u00e7\u00e3o de uma academia destinada ao atendimento da popula\u00e7\u00e3o de rua. O projeto conta com parceria do Sesi, do Instituto Nossa Senhora das Merc\u00eas e Miseric\u00f3rdia e da Prefeitura de S\u00e3o Paulo.<\/p>\n<div class=\"ads post-ads noreadme-audima\">\n    <span class=\"title\">Continua ap\u00f3s a publicidade<\/span><\/p>\n<div class=\"abrAD\" data-format=\"intext\"><\/div>\n<\/div>\n<p>Segundo o padre, a institui\u00e7\u00e3o funcionar\u00e1 como uma extens\u00e3o do CAPS (Centro de Aten\u00e7\u00e3o Psicossocial), para que dependentes qu\u00edmicos em tratamento sejam direcionados para atividades f\u00edsicas. A academia deve ser lan\u00e7ada at\u00e9 o final de outubro, com capacidade para atender 300 alunos encaminhados pelo CAPS.<\/p>\n<div id=\"relacionadas\" class=\"block noreadme-audima three_columns\">\n<ul class=\"block-menu\">\n<li data-tab=\"tab-1\" class=\"active\">Relacionadas<\/li>\n<\/ul>\n<div id=\"tab-1\" class=\"block-content active\">\n<ul class=\"relacionadas-s-img\">\n<li class=\"widget-news-item without-thumb with-border\">\n<div class=\"widget-news-info\"><a href=\"\/cidades\">Cidades<\/a><span class=\"widget-news-item-title\"><a href=\"https:\/\/vejasp.abril.com.br\/cidades\/policia-civil-cumpre-8-mandados-de-busca-e-apreensao-em-caso-ruy-ferraz-fontes\/\">Pol\u00edcia Civil cumpre 8 mandados de busca e apreens\u00e3o em caso Ruy Ferraz Fontes<\/a><\/span><span class=\"widget-news-item-date\">29 set 2025 &#8211; 13h09<\/span><\/div>\n<\/li>\n<li class=\"widget-news-item without-thumb with-border\">\n<div class=\"widget-news-info\"><a href=\"\/cultura-lazer\">Cultura &amp; Lazer<\/a><span class=\"widget-news-item-title\"><a href=\"https:\/\/vejasp.abril.com.br\/cultura-lazer\/familia-no-parque-villa-lobos-mes-criancas-2025\/\">Parque Villa-Lobos tem programa\u00e7\u00e3o especial no m\u00eas das crian\u00e7as<\/a><\/span><span class=\"widget-news-item-date\">28 set 2025 &#8211; 17h09<\/span><\/div>\n<\/li>\n<li class=\"widget-news-item without-thumb with-border\">\n<div class=\"widget-news-info\"><a href=\"\/cidades\">Cidades<\/a><span class=\"widget-news-item-title\"><a href=\"https:\/\/vejasp.abril.com.br\/cidades\/semana-comeca-com-temperaturas-elevadas-na-grande-sp-confira\/\">Semana come\u00e7a com temperaturas elevadas na Grande SP; confira<\/a><\/span><span class=\"widget-news-item-date\">29 set 2025 &#8211; 10h09<\/span><\/div>\n<\/li>\n<li class=\"widget-news-item without-thumb with-border\">\n<div class=\"widget-news-info\"><a href=\"\/cidades\">Cidades<\/a><span class=\"widget-news-item-title\"><a href=\"https:\/\/vejasp.abril.com.br\/cidades\/morre-aos-99-anos-a-atriz-berta-loran-no-rio-de-janeiro\/\">Morre aos 99 anos a atriz Berta Loran, no Rio de Janeiro<\/a><\/span><span class=\"widget-news-item-date\">29 set 2025 &#8211; 10h09<\/span><\/div>\n<\/li>\n<\/ul>\n<\/div>\n<\/div>\n<p>&nbsp;<\/p>\n<div class=\"ads after-text noreadme-audima\">\n    <span class=\"title\">Publicidade<\/span><\/p>\n<div class=\"abrAD\" data-format=\"aftertext\" data-mapping=\"intext\"><\/div>\n<\/div>\n<p><script async src=\"\/\/www.instagram.com\/embed.js\"><\/script><br \/>\n<br \/><br \/>\n<br \/><a href=\"https:\/\/vejasp.abril.com.br\/cidades\/padre-julio-lancellotti-anuncia-criacao-de-academia-para-moradores-de-rua\/\">Fonte do Artigo <\/a><br \/>\nTags:<br \/>\n#loterias #loteriascaixa #megasena #resultadoapostas#noticias #noticiario  #noticia #brasil #noticiascolombia #mundo #esporte #colombia #noticiadeld #ltimasnoticias  #noticiario #noticiasregionales #noticiasdepartamentales #noticiashoy #esportes #noticiaahora #elinformantenoticias #noticiasdeboyac  #esporteinterativo #esportivo #diariodosesportes  #noticiero  #jogodefutebol #jogos #loto #apostas<\/p>\n","protected":false},"excerpt":{"rendered":"<p>\u00c0 frente do Caf\u00e9 do Padre, projeto que oferece caf\u00e9 da manh\u00e3 a mais de 300 pessoas em vulnerabilidade social de segunda a sexta-feira na capital paulista, o padre J\u00falio Lancellotti anuncia a cria\u00e7\u00e3o de uma academia voltada a pessoas em situa\u00e7\u00e3o de rua e um ateli\u00ea de produtos com lemas contra a intoler\u00e2ncia. A [&hellip;]<\/p>\n","protected":false},"author":1,"featured_media":99173,"comment_status":"open","ping_status":"open","sticky":false,"template":"","format":"standard","meta":{"footnotes":""},"categories":[1],"tags":[],"class_list":["post-99172","post","type-post","status-publish","format-standard","has-post-thumbnail","hentry","category-curso-de-copy"],"_links":{"self":[{"href":"https:\/\/wiy.com.br\/noticias\/wp-json\/wp\/v2\/posts\/99172","targetHints":{"allow":["GET"]}}],"collection":[{"href":"https:\/\/wiy.com.br\/noticias\/wp-json\/wp\/v2\/posts"}],"about":[{"href":"https:\/\/wiy.com.br\/noticias\/wp-json\/wp\/v2\/types\/post"}],"author":[{"embeddable":true,"href":"https:\/\/wiy.com.br\/noticias\/wp-json\/wp\/v2\/users\/1"}],"replies":[{"embeddable":true,"href":"https:\/\/wiy.com.br\/noticias\/wp-json\/wp\/v2\/comments?post=99172"}],"version-history":[{"count":0,"href":"https:\/\/wiy.com.br\/noticias\/wp-json\/wp\/v2\/posts\/99172\/revisions"}],"wp:featuredmedia":[{"embeddable":true,"href":"https:\/\/wiy.com.br\/noticias\/wp-json\/wp\/v2\/media\/99173"}],"wp:attachment":[{"href":"https:\/\/wiy.com.br\/noticias\/wp-json\/wp\/v2\/media?parent=99172"}],"wp:term":[{"taxonomy":"category","embeddable":true,"href":"https:\/\/wiy.com.br\/noticias\/wp-json\/wp\/v2\/categories?post=99172"},{"taxonomy":"post_tag","embeddable":true,"href":"https:\/\/wiy.com.br\/noticias\/wp-json\/wp\/v2\/tags?post=99172"}],"curies":[{"name":"wp","href":"https:\/\/api.w.org\/{rel}","templated":true}]}}