{"id":99061,"date":"2025-09-28T11:53:12","date_gmt":"2025-09-28T14:53:12","guid":{"rendered":"https:\/\/wiy.com.br\/noticias\/prepare-se-para-o-calor-ar-condicionado-electrolux-esta-em-oferta\/"},"modified":"2025-09-28T11:53:22","modified_gmt":"2025-09-28T14:53:22","slug":"prepare-se-para-o-calor-ar-condicionado-electrolux-esta-em-oferta","status":"publish","type":"post","link":"https:\/\/wiy.com.br\/noticias\/prepare-se-para-o-calor-ar-condicionado-electrolux-esta-em-oferta\/","title":{"rendered":"Prepare-se para o calor: ar-condicionado Electrolux est\u00e1 em oferta"},"content":{"rendered":"<p> <br \/>\n<\/p>\n<p>Quando as temperaturas sobem, um bom ar-condicionado faz toda a diferen\u00e7a para garantir conforto em casa ou no trabalho. Hoje em dia, al\u00e9m da efici\u00eancia no resfriamento, muitos modelos trazem recursos extras que v\u00e3o desde economia de energia at\u00e9 fun\u00e7\u00f5es de purifica\u00e7\u00e3o do ar, tornando-se aliados n\u00e3o apenas contra o calor, mas tamb\u00e9m na cria\u00e7\u00e3o de um ambiente mais saud\u00e1vel.<\/p>\n<p>Entre tantas op\u00e7\u00f5es dispon\u00edveis no mercado, vale a pena ficar atento a modelos que combinam desempenho, design e praticidade. E o <strong>Olhar Digital<\/strong> selecionou um equipamento de boa qualidade e que est\u00e1 em oferta na Amazon. Saiba mais sobre ele abaixo:<\/p>\n<h2 class=\"wp-block-heading\" id=\"h-ar-condicionado-split-electrolux-color-adapt-12-000-btu-s\"><a href=\"https:\/\/amzn.to\/42g4Qzj\">Ar-Condicionado Split Electrolux Color Adapt 12.000 BTU<\/a><a href=\"https:\/\/amzn.to\/42g4Qzj\" target=\"_blank\" rel=\"noreferrer noopener sponsored nofollow\">s<\/a><\/h2>\n<div class=\"wp-block-image\">\n<figure class=\"aligncenter size-large\"><figcaption class=\"wp-element-caption\">Ar-Condicionado Split Electrolux Color Adapt 12.000 BTUs. Imagem: Divulga\u00e7\u00e3o<\/figcaption><\/figure>\n<\/div>\n<p>O Ar-Condicionado Split Electrolux Color Adapt 12.000 BTUs \u00e9 uma op\u00e7\u00e3o para quem busca conforto t\u00e9rmico e um pouco de refresco durante dias quentes. Com pot\u00eancia suficiente para ambientes de at\u00e9 20 m\u00b2, ele oferece resfriamento eficiente em dias de calor intenso, garantindo bem-estar em quartos, salas ou escrit\u00f3rios.<\/p>\n<div class=\"odlcp\">\n<div class=\"odlcp-img\"><img title = \"[Tags]\"decoding=\"async\" src=\"https:\/\/img.odcdn.com.br\/wp-content\/uploads\/2025\/09\/ar-condicionado1.jpg\" width=\"365\" height=\"232\"alt = \"ar-condicionado1 Prepare-se para o calor: ar-condicionado Electrolux est\u00e1 em oferta\" loading=\"lazy\"><\/div>\n<div class=\"odlcp-info\">\n<div class=\"odlcp-meta\">\n<div class=\"odlcp-nome\">Ar-Condicionado Split Electrolux Color Adapt 12.000 BTUs &#8211; R$ 1.799<\/div>\n<div class=\"odlcp-loja\">Amazon<\/div>\n<\/p><\/div>\n<div class=\"odlcp-button\">\n<div class=\"odlcp-link\"><a href=\"https:\/\/amzn.to\/42g4Qzj\" target=\"_blank\" rel=\"noopener sponsored\">Ir \u00e0 loja<\/a><\/div>\n<\/p><\/div>\n<\/p><\/div>\n<\/p><\/div>\n<p>Al\u00e9m disso, conta com a tecnologia Color Adapt, que permite personalizar a cor do painel frontal com capas remov\u00edveis, tornando o equipamento mais vers\u00e1til para combinar com diferentes estilos de decora\u00e7\u00e3o.<\/p>\n<p>Outro destaque do modelo \u00e9 a presen\u00e7a de filtros especiais, que ajudam a melhorar a qualidade do ar ao reter impurezas e part\u00edculas de poeira, contribuindo para um ambiente mais saud\u00e1vel.<\/p>\n<div class=\"wp-block-image\">\n<figure class=\"aligncenter size-large\"><img title = \"[Tags]\"loading=\"lazy\" decoding=\"async\" width=\"1024\" height=\"576\" src=\"https:\/\/img.odcdn.com.br\/wp-content\/uploads\/2025\/09\/ar-condicionado2-1024x576.jpg\"alt = \"ar-condicionado1 Prepare-se para o calor: ar-condicionado Electrolux est\u00e1 em oferta\" class=\"wp-image-1191320\" \/><figcaption class=\"wp-element-caption\">Ar-Condicionado Split Electrolux Color Adapt 12.000 BTUs. Imagem: Divulga\u00e7\u00e3o<\/figcaption><\/figure>\n<\/div>\n<p>O aparelho tamb\u00e9m possui fun\u00e7\u00f5es autom\u00e1ticas, como o Auto Limpeza, que evita o ac\u00famulo de umidade e prolifera\u00e7\u00e3o de fungos e bact\u00e9rias dentro do equipamento, prolongando sua durabilidade e garantindo um funcionamento mais higi\u00eanico.<\/p>\n<div class=\"odlcp\">\n<div class=\"odlcp-img\"><img title = \"[Tags]\"decoding=\"async\" src=\"https:\/\/img.odcdn.com.br\/wp-content\/uploads\/2025\/09\/ar-condicionado1.jpg\" width=\"365\" height=\"232\"alt = \"ar-condicionado1 Prepare-se para o calor: ar-condicionado Electrolux est\u00e1 em oferta\" loading=\"lazy\"><\/div>\n<div class=\"odlcp-info\">\n<div class=\"odlcp-meta\">\n<div class=\"odlcp-nome\">Ar-Condicionado Split Electrolux Color Adapt 12.000 BTUs &#8211; R$ 1.799<\/div>\n<div class=\"odlcp-loja\">Amazon<\/div>\n<\/p><\/div>\n<div class=\"odlcp-button\">\n<div class=\"odlcp-link\"><a href=\"https:\/\/amzn.to\/42g4Qzj\" target=\"_blank\" rel=\"noopener sponsored\">Ir \u00e0 loja<\/a><\/div>\n<\/p><\/div>\n<\/p><\/div>\n<\/p><\/div>\n<h3 class=\"wp-block-heading\" id=\"h-multiplos-modos-de-funcionamento\">M\u00faltiplos modos de funcionamento<\/h3>\n<p>No quesito praticidade, o Electrolux Color Adapt vem equipado com controle remoto e diversas fun\u00e7\u00f5es que facilitam o uso no dia a dia. Entre elas, est\u00e3o o Modo Turbo, que resfria o ambiente rapidamente, o Timer, que permite programar o desligamento autom\u00e1tico, e a Fun\u00e7\u00e3o Eco, que ajusta o funcionamento para economizar energia sem comprometer o conforto.<\/p>\n<p>Essas op\u00e7\u00f5es tornam o aparelho uma escolha eficiente tanto para quem busca desempenho quanto para quem deseja reduzir o consumo.<\/p>\n<p>Com funcionamento em 220V e categoria \u201cS\u00f3 Frio\u201d, esse modelo \u00e9 indicado especialmente para regi\u00f5es de clima quente, onde n\u00e3o h\u00e1 necessidade de aquecimento.<\/p>\n<div class=\"odlcp\">\n<div class=\"odlcp-img\"><img title = \"[Tags]\"decoding=\"async\" src=\"https:\/\/img.odcdn.com.br\/wp-content\/uploads\/2025\/09\/ar-condicionado1.jpg\" width=\"365\" height=\"232\"alt = \"ar-condicionado1 Prepare-se para o calor: ar-condicionado Electrolux est\u00e1 em oferta\" loading=\"lazy\"><\/div>\n<div class=\"odlcp-info\">\n<div class=\"odlcp-meta\">\n<div class=\"odlcp-nome\">Ar-Condicionado Split Electrolux Color Adapt 12.000 BTUs &#8211; R$ 1.799<\/div>\n<div class=\"odlcp-loja\">Amazon<\/div>\n<\/p><\/div>\n<div class=\"odlcp-button\">\n<div class=\"odlcp-link\"><a href=\"https:\/\/amzn.to\/42g4Qzj\" target=\"_blank\" rel=\"noopener sponsored\">Ir \u00e0 loja<\/a><\/div>\n<\/p><\/div>\n<\/p><\/div>\n<\/p><\/div>\n<p class=\"has-small-font-size\"><em><strong>Aviso:<\/strong> este artigo cont\u00e9m um ou mais links gerados a partir de um programa de afiliados. O valor n\u00e3o muda para voc\u00ea e o <strong>Olhar Digital<\/strong> poder\u00e1 receber uma comiss\u00e3o. Nenhuma empresa participou da escolha para os links e n\u00e3o existiu aprova\u00e7\u00e3o pr\u00e9via deste conte\u00fado, que segue independente como sempre foi.<\/em><\/p>\n<p>O post Prepare-se para o calor: ar-condicionado Electrolux est\u00e1 em oferta apareceu primeiro em Olhar Digital.<\/p>\n<p><br \/>\n<br \/><a href=\"https:\/\/olhardigital.com.br\/2025\/09\/28\/reviews\/prepare-se-para-o-calor-ar-condicionado-electrolux-esta-em-oferta\/\">Fonte do Artigo <\/a><br \/>\nTags:<\/p>\n<p><a title=\"Gestor de Tr\u00e1fego\" href=\"https:\/\/www.gestor-de-trafego.com\/\" target=\"_blank\"><strong>Gestor de Tr\u00e1fego<\/strong><\/a><\/p>\n<p><a href=\"https:\/\/wiy.com.br\/noticias\/categoria\/tecnologia\/\">#tecnologia<\/a> <a href=\"https:\/\/wiy.com.br\/noticias\/categoria\/tecnologia\/\">#tecnologias<\/a> <a href=\"https:\/\/wiy.com.br\/noticias\/categoria\/tecnologia\/\">#technology<\/a> <a href=\"https:\/\/wiy.com.br\/noticias\/categoria\/tecnologia\/\">#tecnolog<\/a> <a href=\"https:\/\/wiy.com.br\/noticias\/categoria\/tecnologia\/\">#iphone<\/a> <a href=\"https:\/\/wiy.com.br\/noticias\/categoria\/tecnologia\/\">#informatica<\/a> <a href=\"https:\/\/wiy.com.br\/noticias\/categoria\/tecnologia\/\">#tech<\/a> <a href=\"https:\/\/wiy.com.br\/noticias\/categoria\/tecnologia\/\">#design<\/a> <a href=\"https:\/\/wiy.com.br\/noticias\/categoria\/tecnologia\/\">#samsung<\/a> <a href=\"https:\/\/wiy.com.br\/noticias\/categoria\/tecnologia\/\">#internet<\/a> <a href=\"https:\/\/wiy.com.br\/noticias\/categoria\/tecnologia\/\">#apple<\/a> <a href=\"https:\/\/wiy.com.br\/noticias\/categoria\/tecnologia\/\">#smartphone<\/a> <a href=\"https:\/\/wiy.com.br\/noticias\/categoria\/tecnologia\/\">#seguranca<\/a> <a href=\"https:\/\/wiy.com.br\/noticias\/categoria\/tecnologia\/\">#venezuela<\/a> <a href=\"https:\/\/wiy.com.br\/noticias\/categoria\/tecnologia\/\">#celular<\/a> <a href=\"https:\/\/wiy.com.br\/noticias\/categoria\/tecnologia\/\">#celulares<\/a> <a href=\"https:\/\/wiy.com.br\/noticias\/categoria\/tecnologia\/\">#inovar<\/a> <a href=\"https:\/\/wiy.com.br\/noticias\/categoria\/tecnologia\/\">#qualidade<\/a> <a href=\"https:\/\/wiy.com.br\/noticias\/categoria\/tecnologia\/\">#software<\/a> <a href=\"https:\/\/wiy.com.br\/noticias\/categoria\/tecnologia\/\">#empresas<\/a> <a href=\"https:\/\/wiy.com.br\/noticias\/categoria\/tecnologia\/\">#cursos<\/a> <a href=\"https:\/\/wiy.com.br\/noticias\/categoria\/tecnologia\/\">#engenharia<\/a> <a href=\"https:\/\/wiy.com.br\/noticias\/categoria\/tecnologia\/\">#industria<\/a> <a href=\"https:\/\/wiy.com.br\/noticias\/categoria\/tecnologia\/\">#marketing<\/a> <a href=\"https:\/\/wiy.com.br\/noticias\/categoria\/tecnologia\/\">#ti<\/a> <a href=\"https:\/\/wiy.com.br\/noticias\/categoria\/tecnologia\/\">#tecnoblog<\/a> <a href=\"https:\/\/wiy.com.br\/noticias\/categoria\/tecnologia\/\">#veja<\/a> <a href=\"https:\/\/wiy.com.br\/noticias\/categoria\/tecnologia\/\">#olhardigital<\/a> <a href=\"https:\/\/wiy.com.br\/noticias\/categoria\/tecnologia\/\">#mundodigital<\/a> <a href=\"https:\/\/wiy.com.br\/noticias\/categoria\/tecnologia\/\">#inteligenciaartificial<\/a> <a href=\"https:\/\/wiy.com.br\/criacao-de-sites\/\">#criar site<\/a> <a href=\"https:\/\/wiy.com.br\/criacao-de-sites\/\">#criar site curitiba<\/a> <a href=\"https:\/\/wiy.com.br\/criacao-de-sites\/\">#wiysolutions<\/a><\/p>\n<p><a \n#Preparese #para #calor #arcondicionado #Electrolux #est\u00e1 #oferta\n<\/p>\n","protected":false},"excerpt":{"rendered":"<p>Quando as temperaturas sobem, um bom ar-condicionado faz toda a diferen\u00e7a para garantir conforto em casa ou no trabalho. Hoje em dia, al\u00e9m da efici\u00eancia no resfriamento, muitos modelos trazem recursos extras que v\u00e3o desde economia de energia at\u00e9 fun\u00e7\u00f5es de purifica\u00e7\u00e3o do ar, tornando-se aliados n\u00e3o apenas contra o calor, mas tamb\u00e9m na cria\u00e7\u00e3o [&hellip;]<\/p>\n","protected":false},"author":1,"featured_media":99062,"comment_status":"open","ping_status":"open","sticky":false,"template":"","format":"standard","meta":{"footnotes":""},"categories":[5],"tags":[],"class_list":["post-99061","post","type-post","status-publish","format-standard","has-post-thumbnail","hentry","category-tecnologia"],"_links":{"self":[{"href":"https:\/\/wiy.com.br\/noticias\/wp-json\/wp\/v2\/posts\/99061","targetHints":{"allow":["GET"]}}],"collection":[{"href":"https:\/\/wiy.com.br\/noticias\/wp-json\/wp\/v2\/posts"}],"about":[{"href":"https:\/\/wiy.com.br\/noticias\/wp-json\/wp\/v2\/types\/post"}],"author":[{"embeddable":true,"href":"https:\/\/wiy.com.br\/noticias\/wp-json\/wp\/v2\/users\/1"}],"replies":[{"embeddable":true,"href":"https:\/\/wiy.com.br\/noticias\/wp-json\/wp\/v2\/comments?post=99061"}],"version-history":[{"count":1,"href":"https:\/\/wiy.com.br\/noticias\/wp-json\/wp\/v2\/posts\/99061\/revisions"}],"predecessor-version":[{"id":99063,"href":"https:\/\/wiy.com.br\/noticias\/wp-json\/wp\/v2\/posts\/99061\/revisions\/99063"}],"wp:featuredmedia":[{"embeddable":true,"href":"https:\/\/wiy.com.br\/noticias\/wp-json\/wp\/v2\/media\/99062"}],"wp:attachment":[{"href":"https:\/\/wiy.com.br\/noticias\/wp-json\/wp\/v2\/media?parent=99061"}],"wp:term":[{"taxonomy":"category","embeddable":true,"href":"https:\/\/wiy.com.br\/noticias\/wp-json\/wp\/v2\/categories?post=99061"},{"taxonomy":"post_tag","embeddable":true,"href":"https:\/\/wiy.com.br\/noticias\/wp-json\/wp\/v2\/tags?post=99061"}],"curies":[{"name":"wp","href":"https:\/\/api.w.org\/{rel}","templated":true}]}}