{"id":98809,"date":"2025-09-24T18:12:29","date_gmt":"2025-09-24T21:12:29","guid":{"rendered":"https:\/\/wiy.com.br\/noticias\/justica-anula-decisao-que-obrigava-prefeitura-a-trocar-nomes-de-ruas-ligados-a-ditadura\/"},"modified":"2025-09-24T18:12:29","modified_gmt":"2025-09-24T21:12:29","slug":"justica-anula-decisao-que-obrigava-prefeitura-a-trocar-nomes-de-ruas-ligados-a-ditadura","status":"publish","type":"post","link":"https:\/\/wiy.com.br\/noticias\/justica-anula-decisao-que-obrigava-prefeitura-a-trocar-nomes-de-ruas-ligados-a-ditadura\/","title":{"rendered":"Justi\u00e7a anula decis\u00e3o que obrigava Prefeitura a trocar nomes de ruas ligados \u00e0 ditadura"},"content":{"rendered":"<p> <br \/>\n<br \/><img title = \"[Tags]\"alt = \"Do_J7muXUAAxu0z Justi\u00e7a anula decis\u00e3o que obrigava Prefeitura a trocar nomes de ruas ligados \u00e0 ditadura\"decoding=\"async\" src=\"https:\/\/vejasp.abril.com.br\/wp-content\/uploads\/2025\/09\/Do_J7muXUAAxu0z.jpg\" \/><\/p>\n<p data-start=\"244\" data-end=\"517\">O Tribunal de Justi\u00e7a do Estado de S\u00e3o Paulo (TJ-SP) revogou, nesta ter\u00e7a-feira (23), a decis\u00e3o que obrigava a Prefeitura de S\u00e3o Paulo a apresentar um cronograma para a altera\u00e7\u00e3o do nome de onze<a href=\"https:\/\/vejasp.abril.com.br\/cidades\/projeto-busca-mudar-nome-da-rodovia-castelo-branco-para-homenagear-eunice-paiva\/\"> logradouros p\u00fablicos que homenageiam agentes e s\u00edmbolos da ditadura militar<\/a>.<\/p>\n<p data-start=\"519\" data-end=\"878\">A medida anulada havia sido determinada ap\u00f3s a\u00e7\u00e3o movida pelo Instituto Vladimir Herzog e pela Defensoria P\u00fablica da Uni\u00e3o, que acusavam o munic\u00edpio de omiss\u00e3o na implementa\u00e7\u00e3o do Programa Ruas de Mem\u00f3ria. Criado em 2016, o programa prev\u00ea a substitui\u00e7\u00e3o gradual de nomes de ruas que remetem a pessoas ou datas associadas a viola\u00e7\u00f5es de direitos humanos.<\/p>\n<div class=\"noreadme-audima ads video-ads\">\n<div class=\"abrAD\" data-format=\"intext_video\"><\/div>\n<\/div>\n<p data-start=\"880\" data-end=\"1341\">No ac\u00f3rd\u00e3o, relatado pelo desembargador Fausto Jos\u00e9 Martins Seabra, a 7\u00aa C\u00e2mara de Direito P\u00fablico do TJ-SP entendeu que impor prazos \u00e0 prefeitura configuraria inger\u00eancia indevida do Judici\u00e1rio sobre compet\u00eancias pr\u00f3prias do Executivo e do Legislativo.<\/p>\n<p data-start=\"880\" data-end=\"1341\">Segundo o relator, a altera\u00e7\u00e3o dos nomes deve ser conduzida de forma participativa, com a\u00e7\u00f5es de mobiliza\u00e7\u00e3o comunit\u00e1ria e di\u00e1logo com a popula\u00e7\u00e3o, conforme previsto no decreto que instituiu o programa.<\/p>\n<p data-start=\"1343\" data-end=\"1741\">A decis\u00e3o tamb\u00e9m destacou que a C\u00e2mara Municipal de S\u00e3o Paulo j\u00e1 vem debatendo o tema por meio de projetos de lei, como o PL n\u00ba 896\/2024, que trata da renomea\u00e7\u00e3o de ruas ligadas ao regime militar, e o PL n\u00ba 857\/2024, que prop\u00f5e a mudan\u00e7a do nome da Avenida Presidente Castelo Branco. Para os desembargadores, a tramita\u00e7\u00e3o desses projetos demonstra que n\u00e3o h\u00e1 omiss\u00e3o do poder p\u00fablico.<\/p>\n<p data-start=\"1743\" data-end=\"2010\">Apesar do reconhecimento da legitimidade do Instituto Vladimir Herzog e da Defensoria P\u00fablica da Uni\u00e3o para propor a a\u00e7\u00e3o, os magistrados conclu\u00edram que cabe ao munic\u00edpio definir os crit\u00e9rios e o ritmo das mudan\u00e7as, respeitando o princ\u00edpio da separa\u00e7\u00e3o dos poderes.<\/p>\n<div class=\"ads post-ads noreadme-audima\">\n    <span class=\"title\">Continua ap\u00f3s a publicidade<\/span><\/p>\n<div class=\"abrAD\" data-format=\"intext\"><\/div>\n<\/div>\n<p data-start=\"1743\" data-end=\"2010\">Em nota, o Instituto Vladimir Herzog lamentou a decis\u00e3o do TJ. &#8220;Entendemos que a perman\u00eancia dessas homenagens constitui afronta \u00e0 mem\u00f3ria democr\u00e1tica do pa\u00eds e mant\u00e9m viva, em nossos espa\u00e7os coletivos, a exalta\u00e7\u00e3o de um regime respons\u00e1vel por graves viola\u00e7\u00f5es de direitos humanos&#8221;, afirmou a organiza\u00e7\u00e3o.<\/p>\n<p data-start=\"1743\" data-end=\"2010\">O Instituto tamb\u00e9m declarou que entrar\u00e1 com recurso na Justi\u00e7a.<br \/>\n<i><br \/>\n<\/i>A Vejinha entrou em contato com a Prefeitura e aguarda o retorno.<\/p>\n<div id=\"relacionadas\" class=\"block noreadme-audima three_columns\">\n<ul class=\"block-menu\">\n<li data-tab=\"tab-1\" class=\"active\">Relacionadas<\/li>\n<\/ul>\n<div id=\"tab-1\" class=\"block-content active\">\n<ul class=\"relacionadas-s-img\">\n<li class=\"widget-news-item without-thumb with-border\">\n<div class=\"widget-news-info\"><a href=\"\/cultura-lazer\">Cultura &amp; Lazer<\/a><span class=\"widget-news-item-title\"><a href=\"https:\/\/vejasp.abril.com.br\/cultura-lazer\/esculturas-de-caes-e-gatos-vao-ocupar-as-ruas-de-sp-em-exposicao-especial\/\">Esculturas de c\u00e3es e gatos v\u00e3o ocupar as ruas de SP em exposi\u00e7\u00e3o especial<\/a><\/span><span class=\"widget-news-item-date\">23 set 2025 &#8211; 18h09<\/span><\/div>\n<\/li>\n<li class=\"widget-news-item without-thumb with-border\">\n<div class=\"widget-news-info\"><a href=\"\/cidades\">Cidades<\/a><span class=\"widget-news-item-title\"><a href=\"https:\/\/vejasp.abril.com.br\/cidades\/governo-abre-consulta-de-parcerias-para-recuperar-rios-tiete-e-pinheiros\/\">Governo abre consulta de parcerias para recuperar rios Tiet\u00ea e Pinheiros<\/a><\/span><span class=\"widget-news-item-date\">22 set 2025 &#8211; 13h09<\/span><\/div>\n<\/li>\n<li class=\"widget-news-item without-thumb with-border\">\n<div class=\"widget-news-info\"><a href=\"\/cultura-lazer\">Cultura &amp; Lazer<\/a><span class=\"widget-news-item-title\"><a href=\"https:\/\/vejasp.abril.com.br\/cultura-lazer\/exposicao-raul-seixas-mis-prorrogada\/\">Exposi\u00e7\u00e3o de Raul Seixas no MIS \u00e9 prorrogada at\u00e9 novembro<\/a><\/span><span class=\"widget-news-item-date\">22 set 2025 &#8211; 07h09<\/span><\/div>\n<\/li>\n<\/ul>\n<\/div>\n<\/div>\n<div id=\"chunk-74ack\">\n<div class=\"mc-column content-text active-extra-styles \" data-block-type=\"unstyled\" data-block-weight=\"10\" data-block-id=\"17\">\n<div class=\"ads post-ads noreadme-audima\">\n    <span class=\"title\">Continua ap\u00f3s a publicidade<\/span><\/p>\n<div class=\"abrAD\" data-format=\"intext\"><\/div>\n<\/div>\n<h3 data-track-category=\"Link no Texto\" data-mrf-recirculation=\"Mat\u00e9ria - Links no Texto\">Veja os endere\u00e7os que teriam os nomes alterados:<\/h3>\n<\/div>\n<\/div>\n<div id=\"chunk-2d7qo\">\n<div class=\"mc-column content-text active-extra-styles\" data-block-type=\"raw\" data-block-weight=\"239\" data-block-id=\"18\">\n<div class=\"ads post-ads noreadme-audima\">\n    <span class=\"title\">Continua ap\u00f3s a publicidade<\/span><\/p>\n<div class=\"abrAD\" data-format=\"intext\"><\/div>\n<\/div>\n<ol>\n<li><strong>Cremat\u00f3rio Municipal de Vila Alpina (<\/strong><strong>Dr. Jayme Augusto Lopes)<\/strong><strong>\u00a0<\/strong>\u2013 por homenagear o diretor do Servi\u00e7o Funer\u00e1rio do munic\u00edpio de S\u00e3o Paulo que d\u00e1 nome ao cremat\u00f3rio, &#8220;pessoa controversa porque viajou \u00e0 Europa para estudar sistemas de crema\u00e7\u00e3o em momento coincidente com o auge das pr\u00e1ticas de desaparecimento for\u00e7ado&#8221;, segundo a a\u00e7\u00e3o;<\/li>\n<li><strong>Clube da Comunidade Caveirinha<\/strong><span>\u00a0<\/span>(Zona Sul) \u2013 Homenageia um general chefe do CIE (Centro de Informa\u00e7\u00f5es do Ex\u00e9rcito) entre 1969 e 1974, que liderou a Opera\u00e7\u00e3o Marajoara da qual resultou no exterm\u00ednio da Guerrilha do Araguaia;<\/li>\n<li><strong>Avenida Presidente Castelo Branco<\/strong><span>\u00a0<\/span>(Zona Norte\/Centro) \u2013 Primeiro presidente da Rep\u00fablica ap\u00f3s o golpe militar;<\/li>\n<li><strong>Ponte das Bandeiras Senador Romeu Tuma <\/strong>(Zona Norte\/Centro) \u2013 Ex-diretor do DOPS (Departamento de Ordem Pol\u00edtica e Social), \u00f3rg\u00e3o da repress\u00e3o pol\u00edtica durante a ditadura;<\/li>\n<li><strong>Rua Alberi Vieira dos Santos<\/strong><span>\u00a0<\/span>(Zona Norte) \u2013 Colaborador do CIE, envolvido no massacre do Parque Nacional do Igua\u00e7u e na arma\u00e7\u00e3o de emboscadas e chacinas de resistentes, deten\u00e7\u00f5es ilegais, execu\u00e7\u00f5es, desaparecimento for\u00e7ado de pessoas e oculta\u00e7\u00e3o de cad\u00e1veres;<\/li>\n<li><strong>Rua Dr. Mario Santalucia<\/strong><span>\u00a0<\/span>(Zona Norte) \u2013 M\u00e9dico-legista envolvido em laudos necrosc\u00f3picos fraudulentos durante a ditadura;<\/li>\n<li><strong>Pra\u00e7a Augusto Rademaker Grunewald<span>\u00a0<\/span><\/strong>(Zona Sul) \u2013 Vice-presidente entre 1969 e 1974, per\u00edodo mais repressivo do regime;<\/li>\n<li><strong>Rua D\u00e9lio Jardim de Matos<\/strong><span>\u00a0<\/span>(Zona Sul) \u2013 Integrou o gabinete militar da Presid\u00eancia da Rep\u00fablica do governo Castelo Branco e foi dos principais articuladores do golpe de 1964;<\/li>\n<li><strong>Avenida General Enio Pimentel da Silveira<\/strong><span>\u00a0<\/span>(Zona Sul) \u2013 Associado ao DOI-CODI (Destacamento de Opera\u00e7\u00f5es de Informa\u00e7\u00f5es \u2013 Centro de Opera\u00e7\u00f5es de Defesa Interna). Teve participa\u00e7\u00e3o comprovada em casos de tortura, execu\u00e7\u00e3o e desaparecimento for\u00e7ado;<\/li>\n<li><strong>Rua Dr. Oct\u00e1vio Gon\u00e7alves Moreira J\u00fanior<\/strong><span>\u00a0<\/span>(Zona Oeste) \u2013 Delegado envolvido em torturas e oculta\u00e7\u00e3o de cad\u00e1veres;<\/li>\n<li><strong>Rua 31 de Mar\u00e7o<\/strong><span>\u00a0<\/span>(Zona Sul) \u2013 Data que marca o golpe de 1964.<\/li>\n<\/ol>\n<div class=\"box-app-phone-share noreadme-audima\">\n<div class=\"title-phone-share\">Compartilhe essa mat\u00e9ria via:<\/div>\n<div class=\"buttoms-phone-share\">\n\t\t<a class=\"whatsapp\" id=\"whatsappShare\" rel=\"nofollow\" aria-label=\"Compartilhe no Whatsapp\" target=\"_blank\" href=\"https:\/\/api.whatsapp.com\/send?text=https:\/\/vejasp.abril.com.br\/cidades\/justica-anula-decisao-que-obrigava-prefeitura-a-trocar-nomes-de-ruas-ligados-a-ditadura\/?utm_medium=whatsapp&amp;utm_source=shortcode_vejinhas\"><span>WhatsAPP<\/span><\/a><br \/>\n\t\t<a class=\"telegram\" id=\"telegramShare\" rel=\"nofollow\" aria-label=\"Compartilhe no Telegram\" target=\"_blank\" href=\"https:\/\/telegram.me\/share\/url?url=https:\/\/vejasp.abril.com.br\/cidades\/justica-anula-decisao-que-obrigava-prefeitura-a-trocar-nomes-de-ruas-ligados-a-ditadura\/?utm_medium=telegram&amp;utm_source=shortcode_vejinhas\"><span>Telegram<\/span><\/a>\n\t\t<\/div>\n<\/p><\/div>\n<\/div>\n<\/div>\n<div class=\"ads after-text noreadme-audima\">\n    <span class=\"title\">Publicidade<\/span><\/p>\n<div class=\"abrAD\" data-format=\"aftertext\" data-mapping=\"intext\"><\/div>\n<\/div>\n<p><br \/>\n<br \/><a href=\"https:\/\/vejasp.abril.com.br\/cidades\/justica-anula-decisao-que-obrigava-prefeitura-a-trocar-nomes-de-ruas-ligados-a-ditadura\/\">Fonte do Artigo <\/a><br \/>\nTags:<br \/>\n#loterias #loteriascaixa #megasena #resultadoapostas#noticias #noticiario  #noticia #brasil #noticiascolombia #mundo #esporte #colombia #noticiadeld #ltimasnoticias  #noticiario #noticiasregionales #noticiasdepartamentales #noticiashoy #esportes #noticiaahora #elinformantenoticias #noticiasdeboyac  #esporteinterativo #esportivo #diariodosesportes  #noticiero  #jogodefutebol #jogos #loto #apostas<\/p>\n","protected":false},"excerpt":{"rendered":"<p>O Tribunal de Justi\u00e7a do Estado de S\u00e3o Paulo (TJ-SP) revogou, nesta ter\u00e7a-feira (23), a decis\u00e3o que obrigava a Prefeitura de S\u00e3o Paulo a apresentar um cronograma para a altera\u00e7\u00e3o do nome de onze logradouros p\u00fablicos que homenageiam agentes e s\u00edmbolos da ditadura militar. A medida anulada havia sido determinada ap\u00f3s a\u00e7\u00e3o movida pelo Instituto [&hellip;]<\/p>\n","protected":false},"author":1,"featured_media":98810,"comment_status":"open","ping_status":"open","sticky":false,"template":"","format":"standard","meta":{"footnotes":""},"categories":[1],"tags":[],"class_list":["post-98809","post","type-post","status-publish","format-standard","has-post-thumbnail","hentry","category-curso-de-copy"],"_links":{"self":[{"href":"https:\/\/wiy.com.br\/noticias\/wp-json\/wp\/v2\/posts\/98809","targetHints":{"allow":["GET"]}}],"collection":[{"href":"https:\/\/wiy.com.br\/noticias\/wp-json\/wp\/v2\/posts"}],"about":[{"href":"https:\/\/wiy.com.br\/noticias\/wp-json\/wp\/v2\/types\/post"}],"author":[{"embeddable":true,"href":"https:\/\/wiy.com.br\/noticias\/wp-json\/wp\/v2\/users\/1"}],"replies":[{"embeddable":true,"href":"https:\/\/wiy.com.br\/noticias\/wp-json\/wp\/v2\/comments?post=98809"}],"version-history":[{"count":0,"href":"https:\/\/wiy.com.br\/noticias\/wp-json\/wp\/v2\/posts\/98809\/revisions"}],"wp:featuredmedia":[{"embeddable":true,"href":"https:\/\/wiy.com.br\/noticias\/wp-json\/wp\/v2\/media\/98810"}],"wp:attachment":[{"href":"https:\/\/wiy.com.br\/noticias\/wp-json\/wp\/v2\/media?parent=98809"}],"wp:term":[{"taxonomy":"category","embeddable":true,"href":"https:\/\/wiy.com.br\/noticias\/wp-json\/wp\/v2\/categories?post=98809"},{"taxonomy":"post_tag","embeddable":true,"href":"https:\/\/wiy.com.br\/noticias\/wp-json\/wp\/v2\/tags?post=98809"}],"curies":[{"name":"wp","href":"https:\/\/api.w.org\/{rel}","templated":true}]}}