{"id":98393,"date":"2025-09-19T10:00:09","date_gmt":"2025-09-19T13:00:09","guid":{"rendered":"https:\/\/wiy.com.br\/noticias\/quem-sao-os-ex-alunos-ilustres-da-belas-artes-confira-lista\/"},"modified":"2025-09-19T10:00:09","modified_gmt":"2025-09-19T13:00:09","slug":"quem-sao-os-ex-alunos-ilustres-da-belas-artes-confira-lista","status":"publish","type":"post","link":"https:\/\/wiy.com.br\/noticias\/quem-sao-os-ex-alunos-ilustres-da-belas-artes-confira-lista\/","title":{"rendered":"Quem s\u00e3o os ex-alunos ilustres da Belas Artes? Confira lista"},"content":{"rendered":"<p> <br \/>\n<\/p>\n<p>O <strong>Centro Universit\u00e1rio Belas Artes<\/strong> completa 100 anos na pr\u00f3xima ter\u00e7a-feira (23). Originalmente, a institui\u00e7\u00e3o ocupou um pr\u00e9dio na Rua Bento Freitas e se chamava Academia de Bellas Artes de S\u00e3o Paulo. Na inaugura\u00e7\u00e3o, estiveram presentes nomes como o pintor Benedito Calixto e os modernistas <a href=\"https:\/\/vejasp.abril.com.br\/coluna\/arte-ao-redor\/mostra-na-casa-mario-de-andrade-revela-a-relacao-do-poeta-com-o-carnaval\/\" target=\"_blank\" rel=\"noopener\">M\u00e1rio de Andrade<\/a> e Menotti Del Picchia, amigos do fundador, Pedro Augusto Gomes Cardim.<\/p>\n<p>Atualmente com quatro campi (Vila Mariana, Para\u00edso, Shopping Cidade Jardim e Votorantim), a institui\u00e7\u00e3o tem cursos nas \u00e1reas de arquitetura, design, comunica\u00e7\u00e3o, audiovisual, moda, neg\u00f3cios e tecnologia, somando mais de 7 000 alunos. \u00c9 de l\u00e1 o primeiro curso de arquitetura da capital, fundado em 1928, extinto em 1932 pelo governo estadual e s\u00f3 retomado em 1979. \u201cFoi encerrado por uma quest\u00e3o ideol\u00f3gica, a de que n\u00e3o deveria existir um arquiteto que tivesse a arte como pilar\u201d, explica a CEO Patr\u00edcia Cardim.<\/p>\n<div class=\"noreadme-audima ads video-ads\">\n<div class=\"abrAD\" data-format=\"intext_video\"><\/div>\n<\/div>\n<p>Confira abaixo alguns ex-alunos ilustres que passaram pela Belas Artes em seus 100 anos.<\/p>\n<div id=\"relacionadas\" class=\"block noreadme-audima three_columns\">\n<ul class=\"block-menu\">\n<li data-tab=\"tab-1\" class=\"active\">Relacionadas<\/li>\n<\/ul>\n<div id=\"tab-1\" class=\"block-content active\">\n<ul class=\"relacionadas-s-img\">\n<li class=\"widget-news-item without-thumb with-border\">\n<div class=\"widget-news-info\"><a href=\"\/cidades\">Cidades<\/a><span class=\"widget-news-item-title\"><a href=\"https:\/\/vejasp.abril.com.br\/cidades\/universidade-belas-artes-100-anos-historia\/\">Belas Artes faz 100 anos com planos de expans\u00e3o; conhe\u00e7a a hist\u00f3ria da universidade<\/a><\/span><span class=\"widget-news-item-date\">19 set 2025 &#8211; 08h09<\/span><\/div>\n<\/li>\n<li class=\"widget-news-item without-thumb with-border\">\n<div class=\"widget-news-info\"><a href=\"\/cultura-lazer\">Cultura &amp; Lazer<\/a><span class=\"widget-news-item-title\"><a href=\"https:\/\/vejasp.abril.com.br\/cultura-lazer\/criolo-50-anos-entrevista-grajau-discos\/\">Um papo com Criolo sobre os seus 50 anos, novidades e Graja\u00fa: &#8220;Tem crian\u00e7a com fome&#8221;<\/a><\/span><span class=\"widget-news-item-date\">19 set 2025 &#8211; 08h09<\/span><\/div>\n<\/li>\n<li class=\"widget-news-item without-thumb with-border\">\n<div class=\"widget-news-info\"><a href=\"\/cultura-lazer\">Cultura &amp; Lazer<\/a><span class=\"widget-news-item-title\"><a href=\"https:\/\/vejasp.abril.com.br\/cultura-lazer\/eleito-imortal-da-abl-milton-hatoum-fala-sobre-novo-livro-que-encerra-trilogia-o-lugar-mais-sombrio\/\">Eleito imortal da ABL, Milton Hatoum fala sobre novo livro que encerra trilogia &#8216;O Lugar Mais Sombrio&#8217;<\/a><\/span><span class=\"widget-news-item-date\">19 set 2025 &#8211; 08h09<\/span><\/div>\n<\/li>\n<\/ul>\n<\/div>\n<\/div>\n<p><strong>Benedito Calixto Neto<\/strong><\/p>\n<figure><img title = \"[Tags]\"decoding=\"async\"alt = \"Benedito-Calixto-Neto.JPG Quem s\u00e3o os ex-alunos ilustres da Belas Artes? Confira lista\" src=\"https:\/\/vejasp.abril.com.br\/wp-content\/uploads\/2025\/09\/Benedito-Calixto-Neto.JPG.jpg\" \/><figcaption>Benedito Calixto Neto em quadro de formandos de 1931 exposto na institui\u00e7\u00e3o<span class=\"copyright\">Arquivo Belas Artes\/Divulga\u00e7\u00e3o<\/span><\/figcaption><\/figure>\n<p>Neto do pintor de mesmo nome, formou-se em arquitetura em 1931, em uma das tr\u00eas primeiras turmas da institui\u00e7\u00e3o, e foi respons\u00e1vel pelo projeto da grandiosa Bas\u00edlica de Aparecida.<\/p>\n<div class=\"ads post-ads noreadme-audima\">\n    <span class=\"title\">Continua ap\u00f3s a publicidade<\/span><\/p>\n<div class=\"abrAD\" data-format=\"intext\"><\/div>\n<\/div>\n<p><strong>Fernando Campana<\/strong><\/p>\n<p>Arquiteto pela Belas Artes, fundou, ao lado do irm\u00e3o, <a href=\"https:\/\/vejasp.abril.com.br\/cultura-lazer\/humberto-campana-amarelinhas\/\" target=\"_blank\" rel=\"noopener\">Humberto<\/a>, o est\u00fadio que se tornou refer\u00eancia internacional do design contempor\u00e2neo brasileiro. Um pufe da dupla adorna a biblioteca na unidade Vila Mariana da institui\u00e7\u00e3o.<\/p>\n<figure><img title = \"[Tags]\"decoding=\"async\"alt = \"Benedito-Calixto-Neto.JPG Quem s\u00e3o os ex-alunos ilustres da Belas Artes? Confira lista\" src=\"https:\/\/vejasp.abril.com.br\/wp-content\/uploads\/2025\/09\/pufe-campana-belas-artes.jpg\" \/><figcaption>O pufe dos Campana na Belas Artes<span class=\"copyright\">Arquivo Belas Artes\/Divulga\u00e7\u00e3o<\/span><\/figcaption><\/figure>\n<p><strong>Marcelo Rosenbaum<\/strong><\/p>\n<p>Arquiteto e designer, estudou ali na d\u00e9cada de 90 e se tornou professor honoris causa de arquitetura e urbanismo em 2018. Al\u00e9m do escrit\u00f3rio, atua em conjunto com comunidades tradicionais <a href=\"https:\/\/vejasp.abril.com.br\/cidades\/marcelo-rosenbaum\/\" target=\"_blank\" rel=\"noopener\">Brasil afora<\/a>.<\/p>\n<div class=\"ads post-ads noreadme-audima\">\n    <span class=\"title\">Continua ap\u00f3s a publicidade<\/span><\/p>\n<div class=\"abrAD\" data-format=\"intext\"><\/div>\n<\/div>\n<p><strong>Francisca Franco da Rocha<\/strong><\/p>\n<p>Foi a primeira mulher arquiteta formada pela institui\u00e7\u00e3o, na d\u00e9cada de 30, e a primeira mulher editora de uma revista de arquitetura no Brasil, <em>A Casa<\/em>, entre 1938 e 1940.<\/p>\n<p><strong>Publicado em VEJA S\u00e3o Paulo de 19 de setembro de 2025, edi\u00e7\u00e3o n\u00ba 2962.<\/strong><\/p>\n<div class=\"box-app-phone-share noreadme-audima\">\n<div class=\"title-phone-share\">Compartilhe essa mat\u00e9ria via:<\/div>\n<div class=\"buttoms-phone-share\">\n\t\t<a class=\"whatsapp\" id=\"whatsappShare\" rel=\"nofollow\" aria-label=\"Compartilhe no Whatsapp\" target=\"_blank\" href=\"https:\/\/api.whatsapp.com\/send?text=https:\/\/vejasp.abril.com.br\/cidades\/universidade-belas-artes-ex-alunos-ilustres\/?utm_medium=whatsapp&amp;utm_source=shortcode_vejinhas\"><span>WhatsAPP<\/span><\/a><br \/>\n\t\t<a class=\"telegram\" id=\"telegramShare\" rel=\"nofollow\" aria-label=\"Compartilhe no Telegram\" target=\"_blank\" href=\"https:\/\/telegram.me\/share\/url?url=https:\/\/vejasp.abril.com.br\/cidades\/universidade-belas-artes-ex-alunos-ilustres\/?utm_medium=telegram&amp;utm_source=shortcode_vejinhas\"><span>Telegram<\/span><\/a>\n\t\t<\/div>\n<\/p><\/div>\n<div class=\"ads after-text noreadme-audima\">\n    <span class=\"title\">Publicidade<\/span><\/p>\n<div class=\"abrAD\" data-format=\"aftertext\" data-mapping=\"intext\"><\/div>\n<\/div>\n<p><br \/>\n<br \/><a href=\"https:\/\/vejasp.abril.com.br\/cidades\/universidade-belas-artes-ex-alunos-ilustres\/\">Fonte do Artigo <\/a><br \/>\nTags:<br \/>\n#loterias #loteriascaixa #megasena #resultadoapostas#noticias #noticiario  #noticia #brasil #noticiascolombia #mundo #esporte #colombia #noticiadeld #ltimasnoticias  #noticiario #noticiasregionales #noticiasdepartamentales #noticiashoy #esportes #noticiaahora #elinformantenoticias #noticiasdeboyac  #esporteinterativo #esportivo #diariodosesportes  #noticiero  #jogodefutebol #jogos #loto #apostas<\/p>\n","protected":false},"excerpt":{"rendered":"<p>O Centro Universit\u00e1rio Belas Artes completa 100 anos na pr\u00f3xima ter\u00e7a-feira (23). Originalmente, a institui\u00e7\u00e3o ocupou um pr\u00e9dio na Rua Bento Freitas e se chamava Academia de Bellas Artes de S\u00e3o Paulo. Na inaugura\u00e7\u00e3o, estiveram presentes nomes como o pintor Benedito Calixto e os modernistas M\u00e1rio de Andrade e Menotti Del Picchia, amigos do fundador, [&hellip;]<\/p>\n","protected":false},"author":1,"featured_media":98394,"comment_status":"open","ping_status":"open","sticky":false,"template":"","format":"standard","meta":{"footnotes":""},"categories":[1],"tags":[],"class_list":["post-98393","post","type-post","status-publish","format-standard","has-post-thumbnail","hentry","category-curso-de-copy"],"_links":{"self":[{"href":"https:\/\/wiy.com.br\/noticias\/wp-json\/wp\/v2\/posts\/98393","targetHints":{"allow":["GET"]}}],"collection":[{"href":"https:\/\/wiy.com.br\/noticias\/wp-json\/wp\/v2\/posts"}],"about":[{"href":"https:\/\/wiy.com.br\/noticias\/wp-json\/wp\/v2\/types\/post"}],"author":[{"embeddable":true,"href":"https:\/\/wiy.com.br\/noticias\/wp-json\/wp\/v2\/users\/1"}],"replies":[{"embeddable":true,"href":"https:\/\/wiy.com.br\/noticias\/wp-json\/wp\/v2\/comments?post=98393"}],"version-history":[{"count":0,"href":"https:\/\/wiy.com.br\/noticias\/wp-json\/wp\/v2\/posts\/98393\/revisions"}],"wp:featuredmedia":[{"embeddable":true,"href":"https:\/\/wiy.com.br\/noticias\/wp-json\/wp\/v2\/media\/98394"}],"wp:attachment":[{"href":"https:\/\/wiy.com.br\/noticias\/wp-json\/wp\/v2\/media?parent=98393"}],"wp:term":[{"taxonomy":"category","embeddable":true,"href":"https:\/\/wiy.com.br\/noticias\/wp-json\/wp\/v2\/categories?post=98393"},{"taxonomy":"post_tag","embeddable":true,"href":"https:\/\/wiy.com.br\/noticias\/wp-json\/wp\/v2\/tags?post=98393"}],"curies":[{"name":"wp","href":"https:\/\/api.w.org\/{rel}","templated":true}]}}