{"id":98389,"date":"2025-09-19T08:58:51","date_gmt":"2025-09-19T11:58:51","guid":{"rendered":"https:\/\/wiy.com.br\/noticias\/belas-artes-faz-100-anos-com-planos-de-expansao-conheca-a-historia-da-universidade\/"},"modified":"2025-09-19T08:58:51","modified_gmt":"2025-09-19T11:58:51","slug":"belas-artes-faz-100-anos-com-planos-de-expansao-conheca-a-historia-da-universidade","status":"publish","type":"post","link":"https:\/\/wiy.com.br\/noticias\/belas-artes-faz-100-anos-com-planos-de-expansao-conheca-a-historia-da-universidade\/","title":{"rendered":"Belas Artes faz 100 anos com planos de expans\u00e3o; conhe\u00e7a a hist\u00f3ria da universidade"},"content":{"rendered":"<p> <br \/>\n<\/p>\n<p>Quando o Centro Universit\u00e1rio Belas Artes foi aberto, em 23 de setembro de 1925, a capital paulista estava longe de ser a metr\u00f3pole que \u00e9 hoje. \u201cS\u00e3o Paulo \u00e9 um bocejar sem fim\u201d, escreveu \u00e0 \u00e9poca o fundador da universidade, <strong>Pedro Augusto Gomes Cardim<\/strong> (1865-1932), em di\u00e1rios preservados pela fam\u00edlia. Entusiasta das artes, o jornalista, educador, pol\u00edtico e advogado ga\u00facho foi idealizador do <strong>Conservat\u00f3rio Dram\u00e1tico e Musical de S\u00e3o Paulo<\/strong>, figura-chave na constru\u00e7\u00e3o do <a href=\"https:\/\/vejasp.abril.com.br\/cultura-lazer\/cinco-momentos-marcantes-do-theatro-municipal-que-completa-114-anos\/\" target=\"_blank\" rel=\"noopener\">Theatro Municipal<\/a> \u2014 ent\u00e3o vereador de S\u00e3o Paulo, foi autor do projeto que o viabilizou \u2014, al\u00e9m de membro fundador da <strong>Academia Paulista de Letras<\/strong>. \u201cEle chamava a Belas Artes de \u2018a ca\u00e7ula\u2019. Seu desejo era florescer a vida cultural da cidade\u201d, resume Patr\u00edcia Cardim, sua sobrinha bisneta e atual CEO da institui\u00e7\u00e3o.<\/p>\n<figure><img title = \"[Tags]\"decoding=\"async\"alt = \"belas-artes-gomes-cardim Belas Artes faz 100 anos com planos de expans\u00e3o; conhe\u00e7a a hist\u00f3ria da universidade\" src=\"https:\/\/vejasp.abril.com.br\/wp-content\/uploads\/2025\/09\/belas-artes-gomes-cardim.jpg\" \/><figcaption>Tr\u00eas gera\u00e7\u00f5es dos Cardim: o fundador, Pedro, o reitor, Paulo, e sua filha e CEO, Patr\u00edcia<span class=\"copyright\">Arquivo Belas Artes\/Divulga\u00e7\u00e3o<\/span><\/figcaption><\/figure>\n<div class=\"noreadme-audima ads video-ads\">\n<div class=\"abrAD\" data-format=\"intext_video\"><\/div>\n<\/div>\n<p>Ela \u00e9 a quarta gera\u00e7\u00e3o dos Gomes Cardim \u00e0 frente da Belas Artes, ap\u00f3s o fundador, os irm\u00e3os Carlos Alberto e Paulo (seu av\u00f4), e seu pai, o atual reitor, Paulo Ant\u00f4nio. \u201cTem um dado <em>(do \u00cdndice Global de Empresas Familiares, da PwC)<\/em> que mostra que menos de 7% das empresas familiares no Brasil chegam \u00e0 quarta gera\u00e7\u00e3o. Na educa\u00e7\u00e3o, qual outra escola do ensino superior est\u00e1 na quarta gera\u00e7\u00e3o, centen\u00e1ria? Nenhuma\u201d, diz Patr\u00edcia. O que explica a <a href=\"https:\/\/vejasp.abril.com.br\/cultura-lazer\/grupos-bordado-60-longevidade\/\" target=\"_blank\" rel=\"noopener\">longevidade<\/a>? O reitor responde: \u201cN\u00e3o chegamos pelo elevador. Foi degrau por degrau. Para n\u00e3o virar uma bolha com 300 000 alunos\u201d.<\/p>\n<p>Originalmente, a institui\u00e7\u00e3o ocupou um pr\u00e9dio na Rua Bento Freitas e se chamava <strong>Academia de Bellas Artes de S\u00e3o Paulo<\/strong>. Na inaugura\u00e7\u00e3o, estiveram presentes nomes como o pintor Benedito Calixto e os modernistas <a href=\"https:\/\/vejasp.abril.com.br\/coluna\/arte-ao-redor\/mostra-na-casa-mario-de-andrade-revela-a-relacao-do-poeta-com-o-carnaval\/\" target=\"_blank\" rel=\"noopener\">M\u00e1rio de Andrade<\/a> e Menotti Del Picchia, amigos de Pedro Augusto. \u201cO card\u00e1pio do almo\u00e7o de inaugura\u00e7\u00e3o da Semana de Arte Moderna de 22 trazia como prato principal o fil\u00e9 Pedro Augusto Gomes Cardim\u201d, conta Patr\u00edcia.<\/p>\n<figure><img title = \"[Tags]\"decoding=\"async\"alt = \"belas-artes-gomes-cardim Belas Artes faz 100 anos com planos de expans\u00e3o; conhe\u00e7a a hist\u00f3ria da universidade\" src=\"https:\/\/vejasp.abril.com.br\/wp-content\/uploads\/2025\/09\/Diplomandos-de-1931.jpg.jpg\" \/><figcaption>Formandos de arquitetura de 1931<span class=\"copyright\">Arquivo Belas Artes\/Divulga\u00e7\u00e3o<\/span><\/figcaption><\/figure>\n<div class=\"ads post-ads noreadme-audima\">\n    <span class=\"title\">Continua ap\u00f3s a publicidade<\/span><\/p>\n<div class=\"abrAD\" data-format=\"intext\"><\/div>\n<\/div>\n<div id=\"relacionadas\" class=\"block noreadme-audima three_columns\">\n<ul class=\"block-menu\">\n<li data-tab=\"tab-1\" class=\"active\">Relacionadas<\/li>\n<\/ul>\n<div id=\"tab-1\" class=\"block-content active\">\n<ul class=\"relacionadas-s-img\">\n<li class=\"widget-news-item without-thumb with-border\">\n<div class=\"widget-news-info\"><a href=\"\/cultura-lazer\">Cultura &amp; Lazer<\/a><span class=\"widget-news-item-title\"><a href=\"https:\/\/vejasp.abril.com.br\/cultura-lazer\/criolo-50-anos-entrevista-grajau-discos\/\">Um papo com Criolo sobre os seus 50 anos, novidades e Graja\u00fa: &#8220;Tem crian\u00e7a com fome&#8221;<\/a><\/span><span class=\"widget-news-item-date\">19 set 2025 &#8211; 08h09<\/span><\/div>\n<\/li>\n<li class=\"widget-news-item without-thumb with-border\">\n<div class=\"widget-news-info\"><a href=\"\/cultura-lazer\">Cultura &amp; Lazer<\/a><span class=\"widget-news-item-title\"><a href=\"https:\/\/vejasp.abril.com.br\/cultura-lazer\/eleito-imortal-da-abl-milton-hatoum-fala-sobre-novo-livro-que-encerra-trilogia-o-lugar-mais-sombrio\/\">Eleito imortal da ABL, Milton Hatoum fala sobre novo livro que encerra trilogia &#8216;O Lugar Mais Sombrio&#8217;<\/a><\/span><span class=\"widget-news-item-date\">19 set 2025 &#8211; 08h09<\/span><\/div>\n<\/li>\n<li class=\"widget-news-item without-thumb with-border\">\n<div class=\"widget-news-info\"><a href=\"\/cultura-lazer\">Cultura &amp; Lazer<\/a><span class=\"widget-news-item-title\"><a href=\"https:\/\/vejasp.abril.com.br\/cultura-lazer\/amir-haddad-renato-borghi-oficina-sesc-consolacao\/\">Amir Haddad e Renato Borghi, fundadores do Oficina, celebram setenta anos de amizade em pe\u00e7a<\/a><\/span><span class=\"widget-news-item-date\">18 set 2025 &#8211; 17h09<\/span><\/div>\n<\/li>\n<\/ul>\n<\/div>\n<\/div>\n<p>A Belas Artes passou ainda por endere\u00e7os na Rua Marqu\u00eas de Itu, na Rua da Liberdade e junto \u00e0 Pra\u00e7a da S\u00e9, quando dividiu espa\u00e7o com a Pinacoteca de S\u00e3o Paulo, at\u00e9 se mudar, nos anos 1980, para o pr\u00e9dio da <strong>Vila Mariana<\/strong>. E expandiu para outros tr\u00eas campi: no <strong>Para\u00edso<\/strong>, no <strong>Shopping Cidade Jardim<\/strong> e em <strong>Votorantim<\/strong>. Em 1928, fundou o primeiro curso de arquitetura da capital, extinto em 1932 pelo governo estadual e s\u00f3 retomado em 1979. \u201cFoi encerrado por uma quest\u00e3o ideol\u00f3gica, a de que n\u00e3o deveria existir um arquiteto que tivesse a arte como pilar\u201d, explica a CEO.<\/p>\n<figure><img title = \"[Tags]\"decoding=\"async\"alt = \"belas-artes-gomes-cardim Belas Artes faz 100 anos com planos de expans\u00e3o; conhe\u00e7a a hist\u00f3ria da universidade\" src=\"https:\/\/vejasp.abril.com.br\/wp-content\/uploads\/2025\/09\/Biblioteca-de-obras-raras_Vila-Mariana.jpg.jpg\" \/><figcaption>A Biblioteca de Obras Raras<span class=\"copyright\">Arquivo Belas Artes\/Divulga\u00e7\u00e3o<\/span><\/figcaption><\/figure>\n<p>Hoje, s\u00e3o quase 100 cursos, entre gradua\u00e7\u00e3o e p\u00f3s-gradua\u00e7\u00e3o, nas \u00e1reas de arquitetura, design, comunica\u00e7\u00e3o, audiovisual, moda, neg\u00f3cios e tecnologia, somando mais de 7 000 alunos. A institui\u00e7\u00e3o tamb\u00e9m conta com um acervo de mais de 200 000 livros. Desses, cerca de 600 est\u00e3o na <strong>Biblioteca de Obras Raras<\/strong>, muitos vindos da cole\u00e7\u00e3o pessoal de seu fundador. Para a pr\u00f3xima d\u00e9cada, a meta \u00e9 chegar a outros estados. \u201cEstamos estudando doze cidades com voca\u00e7\u00e3o para a economia criativa\u201d, diz Patr\u00edcia.<\/p>\n<div class=\"ads post-ads noreadme-audima\">\n    <span class=\"title\">Continua ap\u00f3s a publicidade<\/span><\/p>\n<div class=\"abrAD\" data-format=\"intext\"><\/div>\n<\/div>\n<p>A universidade celebra os 100 anos com uma Missa de A\u00e7\u00e3o de Gra\u00e7as na Catedral da S\u00e9, no dia 23, \u00e0s 17h, aberta ao p\u00fablico, e outras duas cerim\u00f4nias para convidados: no Instituto Hist\u00f3rico e Geogr\u00e1fico de S\u00e3o Paulo, no dia 27, e no Theatro Municipal, no dia 28, com um espet\u00e1culo sobre a hist\u00f3ria da institui\u00e7\u00e3o, <em>Onde a Tradi\u00e7\u00e3o Veste o Contempor\u00e2neo<\/em>, com participa\u00e7\u00e3o da Orquestra Sinf\u00f4nica Jovem Municipal, do Ballet da Escola de Dan\u00e7a de S\u00e3o Paulo e do Coral Belas Vozes. Na ocasi\u00e3o, ser\u00e1 lan\u00e7ado o livro <em>Os Primeiros 100 Anos<\/em>, com depoimentos de ex-alunos, registros hist\u00f3ricos e imagens de acervo. Que venham muitos outros.<\/p>\n<p><strong>Publicado em VEJA S\u00e3o Paulo de 19 de setembro de 2025, edi\u00e7\u00e3o n\u00ba 2962.<\/strong><\/p>\n<div class=\"box-app-phone-share noreadme-audima\">\n<div class=\"title-phone-share\">Compartilhe essa mat\u00e9ria via:<\/div>\n<div class=\"buttoms-phone-share\">\n\t\t<a class=\"whatsapp\" id=\"whatsappShare\" rel=\"nofollow\" aria-label=\"Compartilhe no Whatsapp\" target=\"_blank\" href=\"https:\/\/api.whatsapp.com\/send?text=https:\/\/vejasp.abril.com.br\/cidades\/universidade-belas-artes-100-anos-historia\/?utm_medium=whatsapp&amp;utm_source=shortcode_vejinhas\"><span>WhatsAPP<\/span><\/a><br \/>\n\t\t<a class=\"telegram\" id=\"telegramShare\" rel=\"nofollow\" aria-label=\"Compartilhe no Telegram\" target=\"_blank\" href=\"https:\/\/telegram.me\/share\/url?url=https:\/\/vejasp.abril.com.br\/cidades\/universidade-belas-artes-100-anos-historia\/?utm_medium=telegram&amp;utm_source=shortcode_vejinhas\"><span>Telegram<\/span><\/a>\n\t\t<\/div>\n<\/p><\/div>\n<div class=\"ads after-text noreadme-audima\">\n    <span class=\"title\">Publicidade<\/span><\/p>\n<div class=\"abrAD\" data-format=\"aftertext\" data-mapping=\"intext\"><\/div>\n<\/div>\n<p><br \/>\n<br \/><a href=\"https:\/\/vejasp.abril.com.br\/cidades\/universidade-belas-artes-100-anos-historia\/\">Fonte do Artigo <\/a><br \/>\nTags:<br \/>\n#loterias #loteriascaixa #megasena #resultadoapostas#noticias #noticiario  #noticia #brasil #noticiascolombia #mundo #esporte #colombia #noticiadeld #ltimasnoticias  #noticiario #noticiasregionales #noticiasdepartamentales #noticiashoy #esportes #noticiaahora #elinformantenoticias #noticiasdeboyac  #esporteinterativo #esportivo #diariodosesportes  #noticiero  #jogodefutebol #jogos #loto #apostas<\/p>\n","protected":false},"excerpt":{"rendered":"<p>Quando o Centro Universit\u00e1rio Belas Artes foi aberto, em 23 de setembro de 1925, a capital paulista estava longe de ser a metr\u00f3pole que \u00e9 hoje. \u201cS\u00e3o Paulo \u00e9 um bocejar sem fim\u201d, escreveu \u00e0 \u00e9poca o fundador da universidade, Pedro Augusto Gomes Cardim (1865-1932), em di\u00e1rios preservados pela fam\u00edlia. Entusiasta das artes, o jornalista, [&hellip;]<\/p>\n","protected":false},"author":1,"featured_media":98390,"comment_status":"open","ping_status":"open","sticky":false,"template":"","format":"standard","meta":{"footnotes":""},"categories":[1],"tags":[],"class_list":["post-98389","post","type-post","status-publish","format-standard","has-post-thumbnail","hentry","category-curso-de-copy"],"_links":{"self":[{"href":"https:\/\/wiy.com.br\/noticias\/wp-json\/wp\/v2\/posts\/98389","targetHints":{"allow":["GET"]}}],"collection":[{"href":"https:\/\/wiy.com.br\/noticias\/wp-json\/wp\/v2\/posts"}],"about":[{"href":"https:\/\/wiy.com.br\/noticias\/wp-json\/wp\/v2\/types\/post"}],"author":[{"embeddable":true,"href":"https:\/\/wiy.com.br\/noticias\/wp-json\/wp\/v2\/users\/1"}],"replies":[{"embeddable":true,"href":"https:\/\/wiy.com.br\/noticias\/wp-json\/wp\/v2\/comments?post=98389"}],"version-history":[{"count":0,"href":"https:\/\/wiy.com.br\/noticias\/wp-json\/wp\/v2\/posts\/98389\/revisions"}],"wp:featuredmedia":[{"embeddable":true,"href":"https:\/\/wiy.com.br\/noticias\/wp-json\/wp\/v2\/media\/98390"}],"wp:attachment":[{"href":"https:\/\/wiy.com.br\/noticias\/wp-json\/wp\/v2\/media?parent=98389"}],"wp:term":[{"taxonomy":"category","embeddable":true,"href":"https:\/\/wiy.com.br\/noticias\/wp-json\/wp\/v2\/categories?post=98389"},{"taxonomy":"post_tag","embeddable":true,"href":"https:\/\/wiy.com.br\/noticias\/wp-json\/wp\/v2\/tags?post=98389"}],"curies":[{"name":"wp","href":"https:\/\/api.w.org\/{rel}","templated":true}]}}