{"id":9832,"date":"2023-02-26T15:41:43","date_gmt":"2023-02-26T18:41:43","guid":{"rendered":"https:\/\/wiy.com.br\/noticias\/duque-pretende-alterar-leis-de-acordo-de-paz-com-as-farc\/"},"modified":"2019-03-12T17:21:23","modified_gmt":"2019-03-12T20:21:23","slug":"duque-pretende-alterar-leis-de-acordo-de-paz-com-as-farc","status":"publish","type":"post","link":"https:\/\/wiy.com.br\/noticias\/duque-pretende-alterar-leis-de-acordo-de-paz-com-as-farc\/","title":{"rendered":"Duque pretende alterar leis de acordo de paz com as Farc"},"content":{"rendered":"<p> <br \/>\n<br \/>BOGOT\u00c1 &#8211; O presidente da Col\u00f4mbia, Iv\u00e1n Duque, anunciou que pretende alterar o sistema de justi\u00e7a de transi\u00e7\u00e3o decorrente dos acordos de paz com o ex-grupo guerrilheiro Farc. O an\u00fancio aconteceu durante um esperado discurso no domingo \u00e0 noite, no&#8230;<br \/>\n<br \/><br \/>\n<br \/><a href=\"https:\/\/oglobo.globo.com\/mundo\/duque-pretende-alterar-leis-de-acordo-de-paz-com-as-farc-23516407\">Fonte do Artigo <\/a><\/p>\n<p>#noticias #news #o #brasil #venezuela #n #jornalismo #a #love #like #bbb #musica #colombia #tv #blog #fofoca #mexico #gay #caracas #saopaulo #instagram #follow #not #cias #famosos #m #brazil #politica #pol #jeansobrinho<\/p>\n","protected":false},"excerpt":{"rendered":"<p>BOGOT\u00c1 &#8211; O presidente da Col\u00f4mbia, Iv\u00e1n Duque, anunciou que pretende alterar o sistema de justi\u00e7a de transi\u00e7\u00e3o decorrente dos acordos de paz com o ex-grupo guerrilheiro Farc. O an\u00fancio aconteceu durante um esperado discurso no domingo \u00e0 noite, no&#8230; Fonte do Artigo #noticias #news #o #brasil #venezuela #n #jornalismo #a #love #like #bbb #musica [&hellip;]<\/p>\n","protected":false},"author":1,"featured_media":0,"comment_status":"open","ping_status":"open","sticky":false,"template":"","format":"standard","meta":{"footnotes":""},"categories":[339],"tags":[],"class_list":["post-9832","post","type-post","status-publish","format-standard","hentry","category-negocios"],"_links":{"self":[{"href":"https:\/\/wiy.com.br\/noticias\/wp-json\/wp\/v2\/posts\/9832","targetHints":{"allow":["GET"]}}],"collection":[{"href":"https:\/\/wiy.com.br\/noticias\/wp-json\/wp\/v2\/posts"}],"about":[{"href":"https:\/\/wiy.com.br\/noticias\/wp-json\/wp\/v2\/types\/post"}],"author":[{"embeddable":true,"href":"https:\/\/wiy.com.br\/noticias\/wp-json\/wp\/v2\/users\/1"}],"replies":[{"embeddable":true,"href":"https:\/\/wiy.com.br\/noticias\/wp-json\/wp\/v2\/comments?post=9832"}],"version-history":[{"count":0,"href":"https:\/\/wiy.com.br\/noticias\/wp-json\/wp\/v2\/posts\/9832\/revisions"}],"wp:attachment":[{"href":"https:\/\/wiy.com.br\/noticias\/wp-json\/wp\/v2\/media?parent=9832"}],"wp:term":[{"taxonomy":"category","embeddable":true,"href":"https:\/\/wiy.com.br\/noticias\/wp-json\/wp\/v2\/categories?post=9832"},{"taxonomy":"post_tag","embeddable":true,"href":"https:\/\/wiy.com.br\/noticias\/wp-json\/wp\/v2\/tags?post=9832"}],"curies":[{"name":"wp","href":"https:\/\/api.w.org\/{rel}","templated":true}]}}