{"id":98282,"date":"2025-09-17T19:21:13","date_gmt":"2025-09-17T22:21:13","guid":{"rendered":"https:\/\/wiy.com.br\/noticias\/redata-lula-assina-mp-com-incentivos-para-data-centers-no-brasil\/"},"modified":"2025-09-17T19:21:25","modified_gmt":"2025-09-17T22:21:25","slug":"redata-lula-assina-mp-com-incentivos-para-data-centers-no-brasil","status":"publish","type":"post","link":"https:\/\/wiy.com.br\/noticias\/redata-lula-assina-mp-com-incentivos-para-data-centers-no-brasil\/","title":{"rendered":"Redata: Lula assina MP com incentivos para data centers no Brasil"},"content":{"rendered":"<p> <br \/>\n<\/p>\n<p>O presidente <strong>Luiz In\u00e1cio Lula da Silva<\/strong> assinou nesta quarta-feira (17) a medida provis\u00f3ria que institui o <strong>Redata<\/strong>, plano nacional de incentivos para instala\u00e7\u00e3o de <strong><strong>data centers<\/strong><\/strong> no Brasil.<\/p>\n<p>A medida prev\u00ea <strong>isen\u00e7\u00e3o de tributos<\/strong> como IPI, PIS\/Pasep e Cofins na compra de equipamentos de tecnologia da informa\u00e7\u00e3o e comunica\u00e7\u00e3o, al\u00e9m de desonera\u00e7\u00e3o do imposto de importa\u00e7\u00e3o caso os produtos n\u00e3o sejam fabricados no pa\u00eds. Em contrapartida, as empresas dever\u00e3o investir na ind\u00fastria nacional, destinar parte dos servi\u00e7os ao mercado interno e seguir pr\u00e1ticas de <strong>sustentabilidade<\/strong> no uso de energia e \u00e1gua.<\/p>\n<p>Segundo o governo, a MP antecipa mudan\u00e7as que est\u00e3o previstas na <strong>Reforma Tribut\u00e1ria de 2027<\/strong>, garantindo que empresas n\u00e3o adiem investimentos importantes para o setor. Os benef\u00edcios ter\u00e3o validade de at\u00e9 cinco anos, e a ades\u00e3o ao Redata ser\u00e1 opcional. O ministro da Fazenda, <strong>Fernando Haddad<\/strong>, afirmou que a medida \u00e9 essencial para garantir a <strong>soberania digital<\/strong> e reduzir a depend\u00eancia de processamento de dados no exterior.<\/p>\n<div class=\"wp-block-image\">\n<figure class=\"aligncenter size-large\"><figcaption class=\"wp-element-caption\">Governo Federal zerou impostos sobre equipamentos para data centers (Imagem: Reprodu\u00e7\u00e3o\/CanalGov)<\/figcaption><\/figure>\n<\/div>\n<h2 class=\"wp-block-heading\" id=\"h-incentivos-fiscais-e-renuncia-estimada-com-o-redata\">Incentivos fiscais e ren\u00fancia estimada com o Redata<\/h2>\n<ul>\n<li>A medida prev\u00ea uma <strong>ren\u00fancia fiscal<\/strong> estimada em aproximadamente R$ 7,5 bilh\u00f5es nos pr\u00f3ximos tr\u00eas anos.<\/li>\n<li>As empresas que aderirem ao programa contar\u00e3o com <strong>isen\u00e7\u00f5es de IPI, PIS\/Pasep, Cofins e imposto de importa\u00e7\u00e3o<\/strong> na aquisi\u00e7\u00e3o de equipamentos de TIC para data centers.<\/li>\n<li>O governo avalia que esses est\u00edmulos t\u00eam potencial para atrair at\u00e9 <strong>R$ 2 trilh\u00f5es em investimentos<\/strong> nos pr\u00f3ximos dez anos.<\/li>\n<li>De acordo com Haddad, atualmente cerca de <strong>60% dos dados do Brasil<\/strong> s\u00e3o processados em estruturas fora do pa\u00eds, principalmente nos Estados Unidos.<\/li>\n<li>A ideia do Redata \u00e9 trazer esse processamento para o territ\u00f3rio nacional, garantindo <strong>servi\u00e7os mais baratos e seguros<\/strong> para os brasileiros, al\u00e9m de fomentar o desenvolvimento da ind\u00fastria local.<\/li>\n<\/ul>\n<h3 class=\"wp-block-heading\" id=\"h-condicoes-para-adesao-e-contrapartidas\">Condi\u00e7\u00f5es para ades\u00e3o e contrapartidas<\/h3>\n<p>Para obter os benef\u00edcios, as empresas ter\u00e3o que investir <strong>2% de seus recursos em pesquisa e desenvolvimento<\/strong> nas cadeias produtivas digitais no Brasil. Al\u00e9m disso, <strong>pelo menos 10% dos servi\u00e7os prestados<\/strong> dever\u00e3o ser destinados ao mercado interno, refor\u00e7ando o objetivo do governo de aumentar a <strong>autossufici\u00eancia digital<\/strong>.<\/p>\n<div class=\"wp-block-image\">\n<figure class=\"aligncenter size-large\"><img title = \"[Tags]\"loading=\"lazy\" decoding=\"async\" width=\"1024\" height=\"683\" src=\"https:\/\/olhardigital.com.br\/wp-content\/uploads\/2024\/11\/energia-limpa-brasil-1-1024x683.jpg\"alt = \"energia-limpa-brasil-1-1024x683 Redata: Lula assina MP com incentivos para data centers no Brasil\" class=\"wp-image-1002549\" \/><figcaption class=\"wp-element-caption\">MP prev\u00ea uso de energia limpa ou renov\u00e1vel pelos projetos (Imagem: MDV Edwards \/ Shutterstock.com)<\/figcaption><\/figure>\n<\/div>\n<p>Os projetos a serem implantados dever\u00e3o seguir crit\u00e9rios de <strong>sustentabilidade<\/strong>, com uso de energia limpa ou renov\u00e1vel e sistemas de <strong>baixo consumo h\u00eddrico<\/strong>, garantindo efici\u00eancia pr\u00f3xima de 0%. A MP tamb\u00e9m prev\u00ea mecanismos para incentivar a <strong>redistribui\u00e7\u00e3o dos data centers pelo pa\u00eds<\/strong>, oferecendo redu\u00e7\u00f5es nas contrapartidas para empresas que abrirem unidades fora do Sudeste.<\/p>\n<p><strong>Leia mais:<\/strong><\/p>\n<ul>\n<li>O que \u00e9 um Data Center?<\/li>\n<li>Quais os 5 maiores data centers do mundo?<\/li>\n<li>O que significam Big Data e Data Science? Entenda sua rela\u00e7\u00e3o com a an\u00e1lise de dados<\/li>\n<\/ul>\n<h3 class=\"wp-block-heading\" id=\"h-cenario-atual-e-metas-do-redata\">Cen\u00e1rio atual e metas do Redata<\/h3>\n<p>O Brasil possui atualmente cerca de 165 data centers, ocupando a <strong>10\u00aa posi\u00e7\u00e3o no mercado mundial<\/strong>. A maior parte das instala\u00e7\u00f5es est\u00e1 concentrada no Sudeste, e o Redata pretende tornar o pa\u00eds mais competitivo, atraindo investimentos bilion\u00e1rios e fortalecendo a infraestrutura de comunica\u00e7\u00f5es.<\/p>\n<div class=\"wp-block-image\">\n<figure class=\"aligncenter size-large\"><img title = \"[Tags]\"loading=\"lazy\" decoding=\"async\" width=\"1024\" height=\"576\" src=\"https:\/\/olhardigital.com.br\/wp-content\/uploads\/2025\/09\/chip-brasil-1024x576.jpg\"alt = \"energia-limpa-brasil-1-1024x683 Redata: Lula assina MP com incentivos para data centers no Brasil\" class=\"wp-image-1185113\" \/><figcaption class=\"wp-element-caption\">Governo brasileiro visa a autossufici\u00eancia tecnol\u00f3gica do pa\u00eds (Imagem: Novikov Aleksey \/ Shutterstock.com)<\/figcaption><\/figure>\n<\/div>\n<p>Com isso, o governo busca reduzir para apenas 10% o volume de dados processados fora do Brasil, aumentando a <strong>autossufici\u00eancia tecnol\u00f3gica<\/strong> do pa\u00eds.<\/p>\n<p>O post Redata: Lula assina MP com incentivos para data centers no Brasil apareceu primeiro em Olhar Digital.<\/p>\n<p><br \/>\n<br \/><a href=\"https:\/\/olhardigital.com.br\/2025\/09\/17\/pro\/redata-lula-assina-mp-com-incentivos-para-data-centers-no-brasil\/\">Fonte do Artigo <\/a><br \/>\nTags:<\/p>\n<p><a title=\"Gestor de Tr\u00e1fego\" href=\"https:\/\/www.gestor-de-trafego.com\/\" target=\"_blank\"><strong>Gestor de Tr\u00e1fego<\/strong><\/a><\/p>\n<p><a href=\"https:\/\/wiy.com.br\/noticias\/categoria\/tecnologia\/\">#tecnologia<\/a> <a href=\"https:\/\/wiy.com.br\/noticias\/categoria\/tecnologia\/\">#tecnologias<\/a> <a href=\"https:\/\/wiy.com.br\/noticias\/categoria\/tecnologia\/\">#technology<\/a> <a href=\"https:\/\/wiy.com.br\/noticias\/categoria\/tecnologia\/\">#tecnolog<\/a> <a href=\"https:\/\/wiy.com.br\/noticias\/categoria\/tecnologia\/\">#iphone<\/a> <a href=\"https:\/\/wiy.com.br\/noticias\/categoria\/tecnologia\/\">#informatica<\/a> <a href=\"https:\/\/wiy.com.br\/noticias\/categoria\/tecnologia\/\">#tech<\/a> <a href=\"https:\/\/wiy.com.br\/noticias\/categoria\/tecnologia\/\">#design<\/a> <a href=\"https:\/\/wiy.com.br\/noticias\/categoria\/tecnologia\/\">#samsung<\/a> <a href=\"https:\/\/wiy.com.br\/noticias\/categoria\/tecnologia\/\">#internet<\/a> <a href=\"https:\/\/wiy.com.br\/noticias\/categoria\/tecnologia\/\">#apple<\/a> <a href=\"https:\/\/wiy.com.br\/noticias\/categoria\/tecnologia\/\">#smartphone<\/a> <a href=\"https:\/\/wiy.com.br\/noticias\/categoria\/tecnologia\/\">#seguranca<\/a> <a href=\"https:\/\/wiy.com.br\/noticias\/categoria\/tecnologia\/\">#venezuela<\/a> <a href=\"https:\/\/wiy.com.br\/noticias\/categoria\/tecnologia\/\">#celular<\/a> <a href=\"https:\/\/wiy.com.br\/noticias\/categoria\/tecnologia\/\">#celulares<\/a> <a href=\"https:\/\/wiy.com.br\/noticias\/categoria\/tecnologia\/\">#inovar<\/a> <a href=\"https:\/\/wiy.com.br\/noticias\/categoria\/tecnologia\/\">#qualidade<\/a> <a href=\"https:\/\/wiy.com.br\/noticias\/categoria\/tecnologia\/\">#software<\/a> <a href=\"https:\/\/wiy.com.br\/noticias\/categoria\/tecnologia\/\">#empresas<\/a> <a href=\"https:\/\/wiy.com.br\/noticias\/categoria\/tecnologia\/\">#cursos<\/a> <a href=\"https:\/\/wiy.com.br\/noticias\/categoria\/tecnologia\/\">#engenharia<\/a> <a href=\"https:\/\/wiy.com.br\/noticias\/categoria\/tecnologia\/\">#industria<\/a> <a href=\"https:\/\/wiy.com.br\/noticias\/categoria\/tecnologia\/\">#marketing<\/a> <a href=\"https:\/\/wiy.com.br\/noticias\/categoria\/tecnologia\/\">#ti<\/a> <a href=\"https:\/\/wiy.com.br\/noticias\/categoria\/tecnologia\/\">#tecnoblog<\/a> <a href=\"https:\/\/wiy.com.br\/noticias\/categoria\/tecnologia\/\">#veja<\/a> <a href=\"https:\/\/wiy.com.br\/noticias\/categoria\/tecnologia\/\">#olhardigital<\/a> <a href=\"https:\/\/wiy.com.br\/noticias\/categoria\/tecnologia\/\">#mundodigital<\/a> <a href=\"https:\/\/wiy.com.br\/noticias\/categoria\/tecnologia\/\">#inteligenciaartificial<\/a> <a href=\"https:\/\/wiy.com.br\/criacao-de-sites\/\">#criar site<\/a> <a href=\"https:\/\/wiy.com.br\/criacao-de-sites\/\">#criar site curitiba<\/a> <a href=\"https:\/\/wiy.com.br\/criacao-de-sites\/\">#wiysolutions<\/a><\/p>\n<p><a \n#Redata #Lula #assina #incentivos #para #data #centers #Brasil\n<\/p>\n","protected":false},"excerpt":{"rendered":"<p>O presidente Luiz In\u00e1cio Lula da Silva assinou nesta quarta-feira (17) a medida provis\u00f3ria que institui o Redata, plano nacional de incentivos para instala\u00e7\u00e3o de data centers no Brasil. A medida prev\u00ea isen\u00e7\u00e3o de tributos como IPI, PIS\/Pasep e Cofins na compra de equipamentos de tecnologia da informa\u00e7\u00e3o e comunica\u00e7\u00e3o, al\u00e9m de desonera\u00e7\u00e3o do imposto [&hellip;]<\/p>\n","protected":false},"author":1,"featured_media":98283,"comment_status":"open","ping_status":"open","sticky":false,"template":"","format":"standard","meta":{"footnotes":""},"categories":[5],"tags":[],"class_list":["post-98282","post","type-post","status-publish","format-standard","has-post-thumbnail","hentry","category-tecnologia"],"_links":{"self":[{"href":"https:\/\/wiy.com.br\/noticias\/wp-json\/wp\/v2\/posts\/98282","targetHints":{"allow":["GET"]}}],"collection":[{"href":"https:\/\/wiy.com.br\/noticias\/wp-json\/wp\/v2\/posts"}],"about":[{"href":"https:\/\/wiy.com.br\/noticias\/wp-json\/wp\/v2\/types\/post"}],"author":[{"embeddable":true,"href":"https:\/\/wiy.com.br\/noticias\/wp-json\/wp\/v2\/users\/1"}],"replies":[{"embeddable":true,"href":"https:\/\/wiy.com.br\/noticias\/wp-json\/wp\/v2\/comments?post=98282"}],"version-history":[{"count":1,"href":"https:\/\/wiy.com.br\/noticias\/wp-json\/wp\/v2\/posts\/98282\/revisions"}],"predecessor-version":[{"id":98284,"href":"https:\/\/wiy.com.br\/noticias\/wp-json\/wp\/v2\/posts\/98282\/revisions\/98284"}],"wp:featuredmedia":[{"embeddable":true,"href":"https:\/\/wiy.com.br\/noticias\/wp-json\/wp\/v2\/media\/98283"}],"wp:attachment":[{"href":"https:\/\/wiy.com.br\/noticias\/wp-json\/wp\/v2\/media?parent=98282"}],"wp:term":[{"taxonomy":"category","embeddable":true,"href":"https:\/\/wiy.com.br\/noticias\/wp-json\/wp\/v2\/categories?post=98282"},{"taxonomy":"post_tag","embeddable":true,"href":"https:\/\/wiy.com.br\/noticias\/wp-json\/wp\/v2\/tags?post=98282"}],"curies":[{"name":"wp","href":"https:\/\/api.w.org\/{rel}","templated":true}]}}