{"id":9786,"date":"2023-02-26T15:24:37","date_gmt":"2023-02-26T18:24:37","guid":{"rendered":"https:\/\/wiy.com.br\/noticias\/ex-presidente-do-vasco-eurico-miranda-morre-no-rio\/"},"modified":"2019-03-12T13:39:06","modified_gmt":"2019-03-12T16:39:06","slug":"ex-presidente-do-vasco-eurico-miranda-morre-no-rio","status":"publish","type":"post","link":"https:\/\/wiy.com.br\/noticias\/ex-presidente-do-vasco-eurico-miranda-morre-no-rio\/","title":{"rendered":"Ex-presidente do Vasco, Eurico Miranda morre no Rio"},"content":{"rendered":"<p> <br \/>\n<\/p>\n<p>Dirigente hist\u00f3rico e pol\u00eamico do Vasco da Gama, Eurico Miranda morreu nesta ter\u00e7a-feira (12), aos 74 anos, no Rio de Janeiro. Ele estava internado em um hospital da Barra da Tijuca, ap\u00f3s ter se sentido mal.<\/p>\n<p>O ex-presidente do clube carioca combatia um c\u00e2ncer no c\u00e9rebro desde 2018 e tamb\u00e9m havia sido diagnosticado com tumores na bexiga e no pulm\u00e3o.<\/p>\n<p>Mesmo assim, n\u00e3o deixava de ir aos jogos do Vasco, em uma cadeira de rodas. Atualmente, o ex-cartola presidia o Conselho de Benem\u00e9ritos do clube.<\/p>\n<p>Advogado de forma\u00e7\u00e3o, Miranda come\u00e7ou a trabalhar no Vasco na d\u00e9cada de 60. Um de seus maiores feitos na \u00e9poca foi conseguir convencer o jogador Roberto Dinamite a sair do Barcelona e a voltar para o clube carioca.<\/p>\n<p>Figura sempre pol\u00eamica, costumava aparecer em frente \u00e0s c\u00e2meras com um charuto e dar declara\u00e7\u00f5es bastante emblem\u00e1ticas: &#8220;Aqui no Vasco mando eu. Ditatorialmente&#8221;, afirmou Miranda em uma dessas entrevistas.<\/p>\n<p>Ele presidiu o Vasco de 2003 a 2008 e depois de 2015 a 2017. Na d\u00e9cada de 90, tamb\u00e9m foi vice-presidente do clube. Ele deixa a mulher, quatro filhos e oito netos.<\/p>\n<p><br \/>\n<br \/><a href=\"https:\/\/vejasp.abril.com.br\/cidades\/ex-presidente-do-vasco-eurico-miranda-morre-no-rio\/\">Source link <\/a><\/p>\n","protected":false},"excerpt":{"rendered":"<p>Dirigente hist\u00f3rico e pol\u00eamico do Vasco da Gama, Eurico Miranda morreu nesta ter\u00e7a-feira (12), aos 74 anos, no Rio de Janeiro. Ele estava internado em um hospital da Barra da Tijuca, ap\u00f3s ter se sentido mal. O ex-presidente do clube carioca combatia um c\u00e2ncer no c\u00e9rebro desde 2018 e tamb\u00e9m havia sido diagnosticado com tumores [&hellip;]<\/p>\n","protected":false},"author":1,"featured_media":9787,"comment_status":"open","ping_status":"open","sticky":false,"template":"","format":"standard","meta":{"footnotes":""},"categories":[7],"tags":[],"class_list":["post-9786","post","type-post","status-publish","format-standard","has-post-thumbnail","hentry","category-economia"],"_links":{"self":[{"href":"https:\/\/wiy.com.br\/noticias\/wp-json\/wp\/v2\/posts\/9786","targetHints":{"allow":["GET"]}}],"collection":[{"href":"https:\/\/wiy.com.br\/noticias\/wp-json\/wp\/v2\/posts"}],"about":[{"href":"https:\/\/wiy.com.br\/noticias\/wp-json\/wp\/v2\/types\/post"}],"author":[{"embeddable":true,"href":"https:\/\/wiy.com.br\/noticias\/wp-json\/wp\/v2\/users\/1"}],"replies":[{"embeddable":true,"href":"https:\/\/wiy.com.br\/noticias\/wp-json\/wp\/v2\/comments?post=9786"}],"version-history":[{"count":0,"href":"https:\/\/wiy.com.br\/noticias\/wp-json\/wp\/v2\/posts\/9786\/revisions"}],"wp:featuredmedia":[{"embeddable":true,"href":"https:\/\/wiy.com.br\/noticias\/wp-json\/wp\/v2\/media\/9787"}],"wp:attachment":[{"href":"https:\/\/wiy.com.br\/noticias\/wp-json\/wp\/v2\/media?parent=9786"}],"wp:term":[{"taxonomy":"category","embeddable":true,"href":"https:\/\/wiy.com.br\/noticias\/wp-json\/wp\/v2\/categories?post=9786"},{"taxonomy":"post_tag","embeddable":true,"href":"https:\/\/wiy.com.br\/noticias\/wp-json\/wp\/v2\/tags?post=9786"}],"curies":[{"name":"wp","href":"https:\/\/api.w.org\/{rel}","templated":true}]}}