{"id":97738,"date":"2025-09-10T07:17:56","date_gmt":"2025-09-10T10:17:56","guid":{"rendered":"https:\/\/wiy.com.br\/noticias\/sol-mais-ativo-aumenta-risco-de-tempestades-geomagneticas\/"},"modified":"2025-09-10T07:18:15","modified_gmt":"2025-09-10T10:18:15","slug":"sol-mais-ativo-aumenta-risco-de-tempestades-geomagneticas","status":"publish","type":"post","link":"https:\/\/wiy.com.br\/noticias\/sol-mais-ativo-aumenta-risco-de-tempestades-geomagneticas\/","title":{"rendered":"Sol mais ativo aumenta risco de tempestades geomagn\u00e9ticas"},"content":{"rendered":"<p> <br \/>\n<\/p>\n<p>Sem o Sol, simplesmente n\u00e3o haveria vida na Terra. Afinal, as plantas dependem dele para a fotoss\u00edntese e gera\u00e7\u00e3o de oxig\u00eanio, al\u00e9m de nos fornecer a energia t\u00e9rmica necess\u00e1ria para nossa sobreviv\u00eancia.<\/p>\n<p>Mas n\u00e3o podemos esquecer que nossa estrela \u00e9 uma esfera que produz energia por meio de rea\u00e7\u00f5es nucleares de fus\u00e3o. Ou seja, nossa estrela n\u00e3o \u00e9 uma bola calma que serve apenas para nos aquecer e nos manter vivos. E \u00e9 exatamente por isso que ele pode emitir explos\u00f5es massivas.<\/p>\n<div class=\"wp-block-image\">\n<figure class=\"aligncenter size-large\"><figcaption class=\"wp-element-caption\"><em>Sem o Sol, simplesmente n\u00e3o estar\u00edamos aqui. As plantas dependem dele para a fotoss\u00edntese e para criar oxig\u00eanio. Cr\u00e9dito: Stock High angle view\/Shutterstock<\/em><\/figcaption><\/figure>\n<\/div>\n<h2 class=\"wp-block-heading\" id=\"h-ciclo-de-maior-atividade-do-sol-ocorre-a-cada-11-anos\">Ciclo de maior atividade do Sol ocorre a cada 11 anos<\/h2>\n<p>Essas explos\u00f5es, conhecidas como tempestades solares, lan\u00e7am part\u00edculas carregadas e radia\u00e7\u00e3o eletromagn\u00e9tica por todo nosso sistema. \u00a0Embora muitas dessas explos\u00f5es sejam, em boa parte, inofensivas, outras podem causar:<\/p>\n<ul>\n<li>Cortes de energia.<\/li>\n<li>Falhas nas comunica\u00e7\u00f5es.<\/li>\n<li>Danos a sat\u00e9lites e naves espaciais.<\/li>\n<li>Aumento das luzes polares, conhecidas como Aurora Boreal e Aurora Austral.<\/li>\n<\/ul>\n<p>O ciclo costuma ocorrer a cada 11 anos. Ou deveria ocorrer. Segundo artigo na revista <a href=\"https:\/\/www.space.com\/astronomy\/sun\/where-are-we-in-the-current-11-year-solar-cycle\" target=\"_blank\" rel=\"noreferrer noopener\">Space<\/a>, 2025 marcaria o in\u00edcio do Ciclo Solar 25, com previs\u00e3o de ser um ciclo solar relativamente fraco, parecido com o Ciclo Solar 24, que alcan\u00e7ou seu pico em 2014.<\/p>\n<div class=\"wp-block-image\">\n<figure class=\"aligncenter size-large\"><img title = \"[Tags]\"loading=\"lazy\" decoding=\"async\" width=\"1024\" height=\"584\" src=\"https:\/\/olhardigital.com.br\/wp-content\/uploads\/2025\/08\/aurora-boreal-1-1024x584.jpg\"alt = \"aurora-boreal-1-1024x584 Sol mais ativo aumenta risco de tempestades geomagn\u00e9ticas\" class=\"wp-image-1161916\" \/><figcaption class=\"wp-element-caption\"><em>A Aurora Boreal, assim como a Austral, s\u00e3o causadas pelas part\u00edculas geradas pelas explos\u00f5es solares. Cr\u00e9dito: Denis Belitsky &#8211; sShutterstock<\/em><\/figcaption><\/figure>\n<\/div>\n<p>De acordo com a revista, esse novo Ciclo deveria ter come\u00e7ado entre agosto e setembro, mas n\u00e3o estamos no chamado m\u00e1ximo solar. At\u00e9 porque, o ciclo pode variar de nove at\u00e9 13 anos.<\/p>\n<p>E foi exatamente isso que aconteceu. \u201cObservamos picos de manchas solares entre os anos de 2023 e 2024 \u2013 com o pico ocorrendo em outubro de 2024, ap\u00f3s in\u00edcio em 2022\u201d, explica Ryan French, f\u00edsico solar, em artigo na Space.<\/p>\n<h2 class=\"wp-block-heading\" id=\"h-teremos-outros-picos-neste-ciclo\"><strong>Teremos outros picos neste ciclo?<\/strong><\/h2>\n<p>Para French, \u201c\u00e9 imposs\u00edvel afirmar. Provavelmente veremos novos picos na atividade solar, mas talvez n\u00e3o a n\u00edveis que excedam os valores m\u00e9dios de outubro de 2024\u201d.<\/p>\n<blockquote class=\"wp-block-quote is-layout-flow wp-block-quote-is-layout-flow\">\n<p>N\u00e3o \u00e9 poss\u00edvel saber quando os n\u00fameros de manchas solares podem mudar de dire\u00e7\u00e3o.<\/p>\n<p><cite>Ryan French, f\u00edsico solar, em artigo na revista Space.<\/cite><\/p><\/blockquote>\n<p>Leia mais:<\/p>\n<ul>\n<li>Sol aparece com S gigante antes de erup\u00e7\u00e3o solar atingir a Terra<\/li>\n<li>Erup\u00e7\u00f5es solares podem ser muito mais quentes do que se pensava<\/li>\n<li>Qual a influ\u00eancia do sol no c\u00e9rebro humano?<\/li>\n<\/ul>\n<div class=\"wp-block-image\">\n<figure class=\"aligncenter size-large\"><img title = \"[Tags]\"loading=\"lazy\" decoding=\"async\" width=\"1024\" height=\"704\" src=\"https:\/\/olhardigital.com.br\/wp-content\/uploads\/2023\/12\/erupcao-solar-terra-1024x704.jpg\"alt = \"aurora-boreal-1-1024x584 Sol mais ativo aumenta risco de tempestades geomagn\u00e9ticas\" class=\"wp-image-663166\" \/><figcaption class=\"wp-element-caption\"><em>Apesar dos cientistas considerarem que os ciclos ocorrem a cada 11 anos, eles podem acontecer entre 9 e 13 anos. Cr\u00e9ditos: Artsiom P\/Evgeniyqw &#8211; Shutterstock<\/em><\/figcaption><\/figure>\n<\/div>\n<p>French lembra ainda que a atividade solar foi tranquila na primeira quinzena de agosto, mas mudou na segunda quinzena, \u201cquando grandes regi\u00f5es de manchas solares apareceram\u201d. <\/p>\n<p>Apesar de n\u00e3o terem causado muitas explos\u00f5es, uma delas lan\u00e7ou material contra a Terra e provocou uma tempestade geomagn\u00e9tica no in\u00edcio de setembro. Essas manchas ainda podem gerar novas erup\u00e7\u00f5es vis\u00edveis por mais alguns dias.<\/p>\n<p>Analisar a atividade solar \u00e9 fundamental para criarmos sistemas de alarme para proteger infraestruturas e fortalecer redes el\u00e9tricas, naves espaciais e sat\u00e9lites. Al\u00e9m de permitir que planos de conting\u00eancia sejam criados para reduzir os poss\u00edveis danos que essas tempestades podem causar.<\/p>\n<p>O post Sol mais ativo aumenta risco de tempestades geomagn\u00e9ticas apareceu primeiro em Olhar Digital.<\/p>\n<p><br \/>\n<br \/><a href=\"https:\/\/olhardigital.com.br\/2025\/09\/10\/ciencia-e-espaco\/sol-mais-ativo-aumenta-risco-de-tempestades-geomagneticas\/\">Fonte do Artigo <\/a><br \/>\nTags:<\/p>\n<p><a title=\"Gestor de Tr\u00e1fego\" href=\"https:\/\/www.gestor-de-trafego.com\/\" target=\"_blank\"><strong>Gestor de Tr\u00e1fego<\/strong><\/a><\/p>\n<p><a href=\"https:\/\/wiy.com.br\/noticias\/categoria\/tecnologia\/\">#tecnologia<\/a> <a href=\"https:\/\/wiy.com.br\/noticias\/categoria\/tecnologia\/\">#tecnologias<\/a> <a href=\"https:\/\/wiy.com.br\/noticias\/categoria\/tecnologia\/\">#technology<\/a> <a href=\"https:\/\/wiy.com.br\/noticias\/categoria\/tecnologia\/\">#tecnolog<\/a> <a href=\"https:\/\/wiy.com.br\/noticias\/categoria\/tecnologia\/\">#iphone<\/a> <a href=\"https:\/\/wiy.com.br\/noticias\/categoria\/tecnologia\/\">#informatica<\/a> <a href=\"https:\/\/wiy.com.br\/noticias\/categoria\/tecnologia\/\">#tech<\/a> <a href=\"https:\/\/wiy.com.br\/noticias\/categoria\/tecnologia\/\">#design<\/a> <a href=\"https:\/\/wiy.com.br\/noticias\/categoria\/tecnologia\/\">#samsung<\/a> <a href=\"https:\/\/wiy.com.br\/noticias\/categoria\/tecnologia\/\">#internet<\/a> <a href=\"https:\/\/wiy.com.br\/noticias\/categoria\/tecnologia\/\">#apple<\/a> <a href=\"https:\/\/wiy.com.br\/noticias\/categoria\/tecnologia\/\">#smartphone<\/a> <a href=\"https:\/\/wiy.com.br\/noticias\/categoria\/tecnologia\/\">#seguranca<\/a> <a href=\"https:\/\/wiy.com.br\/noticias\/categoria\/tecnologia\/\">#venezuela<\/a> <a href=\"https:\/\/wiy.com.br\/noticias\/categoria\/tecnologia\/\">#celular<\/a> <a href=\"https:\/\/wiy.com.br\/noticias\/categoria\/tecnologia\/\">#celulares<\/a> <a href=\"https:\/\/wiy.com.br\/noticias\/categoria\/tecnologia\/\">#inovar<\/a> <a href=\"https:\/\/wiy.com.br\/noticias\/categoria\/tecnologia\/\">#qualidade<\/a> <a href=\"https:\/\/wiy.com.br\/noticias\/categoria\/tecnologia\/\">#software<\/a> <a href=\"https:\/\/wiy.com.br\/noticias\/categoria\/tecnologia\/\">#empresas<\/a> <a href=\"https:\/\/wiy.com.br\/noticias\/categoria\/tecnologia\/\">#cursos<\/a> <a href=\"https:\/\/wiy.com.br\/noticias\/categoria\/tecnologia\/\">#engenharia<\/a> <a href=\"https:\/\/wiy.com.br\/noticias\/categoria\/tecnologia\/\">#industria<\/a> <a href=\"https:\/\/wiy.com.br\/noticias\/categoria\/tecnologia\/\">#marketing<\/a> <a href=\"https:\/\/wiy.com.br\/noticias\/categoria\/tecnologia\/\">#ti<\/a> <a href=\"https:\/\/wiy.com.br\/noticias\/categoria\/tecnologia\/\">#tecnoblog<\/a> <a href=\"https:\/\/wiy.com.br\/noticias\/categoria\/tecnologia\/\">#veja<\/a> <a href=\"https:\/\/wiy.com.br\/noticias\/categoria\/tecnologia\/\">#olhardigital<\/a> <a href=\"https:\/\/wiy.com.br\/noticias\/categoria\/tecnologia\/\">#mundodigital<\/a> <a href=\"https:\/\/wiy.com.br\/noticias\/categoria\/tecnologia\/\">#inteligenciaartificial<\/a> <a href=\"https:\/\/wiy.com.br\/criacao-de-sites\/\">#criar site<\/a> <a href=\"https:\/\/wiy.com.br\/criacao-de-sites\/\">#criar site curitiba<\/a> <a href=\"https:\/\/wiy.com.br\/criacao-de-sites\/\">#wiysolutions<\/a><\/p>\n<p><a \n#Sol #mais #ativo #aumenta #risco #tempestades #geomagn\u00e9ticas\n<\/p>\n","protected":false},"excerpt":{"rendered":"<p>Sem o Sol, simplesmente n\u00e3o haveria vida na Terra. Afinal, as plantas dependem dele para a fotoss\u00edntese e gera\u00e7\u00e3o de oxig\u00eanio, al\u00e9m de nos fornecer a energia t\u00e9rmica necess\u00e1ria para nossa sobreviv\u00eancia. Mas n\u00e3o podemos esquecer que nossa estrela \u00e9 uma esfera que produz energia por meio de rea\u00e7\u00f5es nucleares de fus\u00e3o. Ou seja, nossa [&hellip;]<\/p>\n","protected":false},"author":1,"featured_media":97739,"comment_status":"open","ping_status":"open","sticky":false,"template":"","format":"standard","meta":{"footnotes":""},"categories":[5],"tags":[],"class_list":["post-97738","post","type-post","status-publish","format-standard","has-post-thumbnail","hentry","category-tecnologia"],"_links":{"self":[{"href":"https:\/\/wiy.com.br\/noticias\/wp-json\/wp\/v2\/posts\/97738","targetHints":{"allow":["GET"]}}],"collection":[{"href":"https:\/\/wiy.com.br\/noticias\/wp-json\/wp\/v2\/posts"}],"about":[{"href":"https:\/\/wiy.com.br\/noticias\/wp-json\/wp\/v2\/types\/post"}],"author":[{"embeddable":true,"href":"https:\/\/wiy.com.br\/noticias\/wp-json\/wp\/v2\/users\/1"}],"replies":[{"embeddable":true,"href":"https:\/\/wiy.com.br\/noticias\/wp-json\/wp\/v2\/comments?post=97738"}],"version-history":[{"count":1,"href":"https:\/\/wiy.com.br\/noticias\/wp-json\/wp\/v2\/posts\/97738\/revisions"}],"predecessor-version":[{"id":97740,"href":"https:\/\/wiy.com.br\/noticias\/wp-json\/wp\/v2\/posts\/97738\/revisions\/97740"}],"wp:featuredmedia":[{"embeddable":true,"href":"https:\/\/wiy.com.br\/noticias\/wp-json\/wp\/v2\/media\/97739"}],"wp:attachment":[{"href":"https:\/\/wiy.com.br\/noticias\/wp-json\/wp\/v2\/media?parent=97738"}],"wp:term":[{"taxonomy":"category","embeddable":true,"href":"https:\/\/wiy.com.br\/noticias\/wp-json\/wp\/v2\/categories?post=97738"},{"taxonomy":"post_tag","embeddable":true,"href":"https:\/\/wiy.com.br\/noticias\/wp-json\/wp\/v2\/tags?post=97738"}],"curies":[{"name":"wp","href":"https:\/\/api.w.org\/{rel}","templated":true}]}}