{"id":97708,"date":"2025-09-09T20:06:05","date_gmt":"2025-09-09T23:06:05","guid":{"rendered":"https:\/\/wiy.com.br\/noticias\/mudancas-climaticas-podem-tornar-cultivo-de-alface-inviavel-no-brasil\/"},"modified":"2025-09-09T20:06:17","modified_gmt":"2025-09-09T23:06:17","slug":"mudancas-climaticas-podem-tornar-cultivo-de-alface-inviavel-no-brasil","status":"publish","type":"post","link":"https:\/\/wiy.com.br\/noticias\/mudancas-climaticas-podem-tornar-cultivo-de-alface-inviavel-no-brasil\/","title":{"rendered":"Mudan\u00e7as clim\u00e1ticas podem tornar cultivo de alface invi\u00e1vel no Brasil"},"content":{"rendered":"<p> <br \/>\n<\/p>\n<p>Um <a href=\"https:\/\/www.embrapa.br\/busca-de-noticias\/-\/noticia\/102729113\/calor-pode-inviabilizar-cultivo-de-alface-em-campo-aberto-no-brasil-ate-o-fim-do-seculo\" target=\"_blank\" rel=\"noreferrer noopener\">estudo da Embrapa<\/a> alerta que o aumento da temperatura devido \u00e0s mudan\u00e7as clim\u00e1ticas pode tornar o cultivo de alface em campo aberto praticamente imposs\u00edvel durante o ver\u00e3o, dentro de cerca de 50 anos.<\/p>\n<p>Segundo os pesquisadores, at\u00e9 97% do territ\u00f3rio brasileiro ter\u00e1 risco clim\u00e1tico alto ou muito alto para a hortali\u00e7a, mesmo no cen\u00e1rio mais otimista. <\/p>\n<div class=\"wp-block-image\">\n<figure class=\"aligncenter size-full\"><figcaption class=\"wp-element-caption\">Calor extremo amea\u00e7a cultivo de alface em campo aberto no Brasil &#8211; Imagem: ephotoshot\/Shutterstock<\/figcaption><\/figure>\n<\/div>\n<h2 class=\"wp-block-heading\" id=\"h-detalhes-do-estudo\">Detalhes do estudo<\/h2>\n<ul>\n<li>O estudo analisou dados clim\u00e1ticos hist\u00f3ricos do Inpe e proje\u00e7\u00f5es do IPCC, considerando dois cen\u00e1rios.<\/li>\n<li>Otimista (RCP 4.5): aumento de 2 \u00b0C a 3 \u00b0C at\u00e9 o final do s\u00e9culo; ver\u00e3o com temperaturas entre 23,4 \u00b0C e 41,2 \u00b0C, deixando 79,6% do pa\u00eds com risco alto e 17,4% muito alto.<\/li>\n<li>Pessimista (RCP 8.5): aumento de at\u00e9 4,3 \u00b0C; ver\u00e3o entre 25,4 \u00b0C e 45 \u00b0C, com 87,7% do territ\u00f3rio em risco muito alto.<\/li>\n<\/ul>\n<p><strong>Leia mais<\/strong><\/p>\n<ul>\n<li>Frio fora do comum no Brasil refor\u00e7a mudan\u00e7as clim\u00e1ticas, diz estudo<\/li>\n<li>Como as mudan\u00e7as clim\u00e1ticas podem prejudicar a sua dieta<\/li>\n<li>N\u00e3o \u00e9 o Brasil: conhe\u00e7a o \u00fanico pa\u00eds do mundo autossuficiente em alimentos<\/li>\n<\/ul>\n<div class=\"wp-block-image\">\n<figure class=\"aligncenter size-full\"><img title = \"[Tags]\"loading=\"lazy\" decoding=\"async\" width=\"900\" height=\"600\" src=\"https:\/\/olhardigital.com.br\/wp-content\/uploads\/2022\/03\/tijela-de-alface.png\"alt = \"tijela-de-alface Mudan\u00e7as clim\u00e1ticas podem tornar cultivo de alface invi\u00e1vel no Brasil\" class=\"wp-image-339716\" \/><figcaption class=\"wp-element-caption\">Mapas de risco clim\u00e1tico mostram que at\u00e9 2100 a maioria do territ\u00f3rio brasileiro ficar\u00e1 com condi\u00e7\u00f5es desfavor\u00e1veis para o cultivo de alface &#8211; Imagem: eakkkk &#8211; Shutterstock<\/figcaption><\/figure>\n<\/div>\n<h2 class=\"wp-block-heading\" id=\"h-alface-e-calor-excessivo-nao-combinam\">Alface e calor excessivo n\u00e3o combinam <\/h2>\n<p>A alface \u00e9 sens\u00edvel ao calor, exigindo temperaturas amenas (inferiores a 22 \u00b0C para germina\u00e7\u00e3o) e boa umidade. Altas temperaturas podem causar <em>tipburn<\/em> (a queima das bordas), florescimento precoce e folhas amargas, prejudicando a qualidade e a produtividade.<\/p>\n<p>Para enfrentar o desafio, a Embrapa investe em cultivares mais tolerantes ao calor, como a BRS Mediterr\u00e2nea, e sistemas de produ\u00e7\u00e3o adaptados, al\u00e9m de usar intelig\u00eancia artificial para gerar mapas de risco clim\u00e1tico e planejar estrat\u00e9gias para outras hortali\u00e7as, como tomate, batata e cenoura.<\/p>\n<p>Atualmente, a maior parte da alface no Brasil ainda \u00e9 cultivada em campo aberto, com produ\u00e7\u00e3o anual de 671,5 mil toneladas (IBGE, 2017), sendo S\u00e3o Paulo o maior produtor.<\/p>\n<p>Dados mais recentes da Conab indicam que as Ceasas comercializaram 4,6 mil toneladas em agosto de 2025, com destaque para S\u00e3o Paulo, Curitiba e Fortaleza.<\/p>\n<p>O estudo refor\u00e7a a urg\u00eancia de adaptar os sistemas produtivos de hortali\u00e7as \u00e0s mudan\u00e7as clim\u00e1ticas, garantindo a sustentabilidade da produ\u00e7\u00e3o diante do aumento das temperaturas.<\/p>\n<div class=\"wp-block-image\">\n<figure class=\"aligncenter size-full\"><img title = \"[Tags]\"loading=\"lazy\" decoding=\"async\" width=\"1000\" height=\"550\" src=\"https:\/\/olhardigital.com.br\/wp-content\/uploads\/2022\/03\/alface.png\"alt = \"tijela-de-alface Mudan\u00e7as clim\u00e1ticas podem tornar cultivo de alface invi\u00e1vel no Brasil\" class=\"wp-image-339713\" \/><figcaption class=\"wp-element-caption\">Pesquisadores da Embrapa defendem ado\u00e7\u00e3o de cultivares resistentes e sistemas adaptados ao clima &#8211; Imagem: nnattalli &#8211; Shutterstock<\/figcaption><\/figure>\n<\/div>\n<p>O post Mudan\u00e7as clim\u00e1ticas podem tornar cultivo de alface invi\u00e1vel no Brasil apareceu primeiro em Olhar Digital.<\/p>\n<p><br \/>\n<br \/><a href=\"https:\/\/olhardigital.com.br\/2025\/09\/09\/agronegocios\/mudancas-climaticas-podem-tornar-cultivo-de-alface-inviavel-no-brasil\/\">Fonte do Artigo <\/a><br \/>\nTags:<\/p>\n<p><a title=\"Gestor de Tr\u00e1fego\" href=\"https:\/\/www.gestor-de-trafego.com\/\" target=\"_blank\"><strong>Gestor de Tr\u00e1fego<\/strong><\/a><\/p>\n<p><a href=\"https:\/\/wiy.com.br\/noticias\/categoria\/tecnologia\/\">#tecnologia<\/a> <a href=\"https:\/\/wiy.com.br\/noticias\/categoria\/tecnologia\/\">#tecnologias<\/a> <a href=\"https:\/\/wiy.com.br\/noticias\/categoria\/tecnologia\/\">#technology<\/a> <a href=\"https:\/\/wiy.com.br\/noticias\/categoria\/tecnologia\/\">#tecnolog<\/a> <a href=\"https:\/\/wiy.com.br\/noticias\/categoria\/tecnologia\/\">#iphone<\/a> <a href=\"https:\/\/wiy.com.br\/noticias\/categoria\/tecnologia\/\">#informatica<\/a> <a href=\"https:\/\/wiy.com.br\/noticias\/categoria\/tecnologia\/\">#tech<\/a> <a href=\"https:\/\/wiy.com.br\/noticias\/categoria\/tecnologia\/\">#design<\/a> <a href=\"https:\/\/wiy.com.br\/noticias\/categoria\/tecnologia\/\">#samsung<\/a> <a href=\"https:\/\/wiy.com.br\/noticias\/categoria\/tecnologia\/\">#internet<\/a> <a href=\"https:\/\/wiy.com.br\/noticias\/categoria\/tecnologia\/\">#apple<\/a> <a href=\"https:\/\/wiy.com.br\/noticias\/categoria\/tecnologia\/\">#smartphone<\/a> <a href=\"https:\/\/wiy.com.br\/noticias\/categoria\/tecnologia\/\">#seguranca<\/a> <a href=\"https:\/\/wiy.com.br\/noticias\/categoria\/tecnologia\/\">#venezuela<\/a> <a href=\"https:\/\/wiy.com.br\/noticias\/categoria\/tecnologia\/\">#celular<\/a> <a href=\"https:\/\/wiy.com.br\/noticias\/categoria\/tecnologia\/\">#celulares<\/a> <a href=\"https:\/\/wiy.com.br\/noticias\/categoria\/tecnologia\/\">#inovar<\/a> <a href=\"https:\/\/wiy.com.br\/noticias\/categoria\/tecnologia\/\">#qualidade<\/a> <a href=\"https:\/\/wiy.com.br\/noticias\/categoria\/tecnologia\/\">#software<\/a> <a href=\"https:\/\/wiy.com.br\/noticias\/categoria\/tecnologia\/\">#empresas<\/a> <a href=\"https:\/\/wiy.com.br\/noticias\/categoria\/tecnologia\/\">#cursos<\/a> <a href=\"https:\/\/wiy.com.br\/noticias\/categoria\/tecnologia\/\">#engenharia<\/a> <a href=\"https:\/\/wiy.com.br\/noticias\/categoria\/tecnologia\/\">#industria<\/a> <a href=\"https:\/\/wiy.com.br\/noticias\/categoria\/tecnologia\/\">#marketing<\/a> <a href=\"https:\/\/wiy.com.br\/noticias\/categoria\/tecnologia\/\">#ti<\/a> <a href=\"https:\/\/wiy.com.br\/noticias\/categoria\/tecnologia\/\">#tecnoblog<\/a> <a href=\"https:\/\/wiy.com.br\/noticias\/categoria\/tecnologia\/\">#veja<\/a> <a href=\"https:\/\/wiy.com.br\/noticias\/categoria\/tecnologia\/\">#olhardigital<\/a> <a href=\"https:\/\/wiy.com.br\/noticias\/categoria\/tecnologia\/\">#mundodigital<\/a> <a href=\"https:\/\/wiy.com.br\/noticias\/categoria\/tecnologia\/\">#inteligenciaartificial<\/a> <a href=\"https:\/\/wiy.com.br\/criacao-de-sites\/\">#criar site<\/a> <a href=\"https:\/\/wiy.com.br\/criacao-de-sites\/\">#criar site curitiba<\/a> <a href=\"https:\/\/wiy.com.br\/criacao-de-sites\/\">#wiysolutions<\/a><\/p>\n<p><a \n#Mudan\u00e7as #clim\u00e1ticas #podem #tornar #cultivo #alface #invi\u00e1vel #Brasil\n<\/p>\n","protected":false},"excerpt":{"rendered":"<p>Um estudo da Embrapa alerta que o aumento da temperatura devido \u00e0s mudan\u00e7as clim\u00e1ticas pode tornar o cultivo de alface em campo aberto praticamente imposs\u00edvel durante o ver\u00e3o, dentro de cerca de 50 anos. Segundo os pesquisadores, at\u00e9 97% do territ\u00f3rio brasileiro ter\u00e1 risco clim\u00e1tico alto ou muito alto para a hortali\u00e7a, mesmo no cen\u00e1rio [&hellip;]<\/p>\n","protected":false},"author":1,"featured_media":97709,"comment_status":"open","ping_status":"open","sticky":false,"template":"","format":"standard","meta":{"footnotes":""},"categories":[5],"tags":[],"class_list":["post-97708","post","type-post","status-publish","format-standard","has-post-thumbnail","hentry","category-tecnologia"],"_links":{"self":[{"href":"https:\/\/wiy.com.br\/noticias\/wp-json\/wp\/v2\/posts\/97708","targetHints":{"allow":["GET"]}}],"collection":[{"href":"https:\/\/wiy.com.br\/noticias\/wp-json\/wp\/v2\/posts"}],"about":[{"href":"https:\/\/wiy.com.br\/noticias\/wp-json\/wp\/v2\/types\/post"}],"author":[{"embeddable":true,"href":"https:\/\/wiy.com.br\/noticias\/wp-json\/wp\/v2\/users\/1"}],"replies":[{"embeddable":true,"href":"https:\/\/wiy.com.br\/noticias\/wp-json\/wp\/v2\/comments?post=97708"}],"version-history":[{"count":1,"href":"https:\/\/wiy.com.br\/noticias\/wp-json\/wp\/v2\/posts\/97708\/revisions"}],"predecessor-version":[{"id":97710,"href":"https:\/\/wiy.com.br\/noticias\/wp-json\/wp\/v2\/posts\/97708\/revisions\/97710"}],"wp:featuredmedia":[{"embeddable":true,"href":"https:\/\/wiy.com.br\/noticias\/wp-json\/wp\/v2\/media\/97709"}],"wp:attachment":[{"href":"https:\/\/wiy.com.br\/noticias\/wp-json\/wp\/v2\/media?parent=97708"}],"wp:term":[{"taxonomy":"category","embeddable":true,"href":"https:\/\/wiy.com.br\/noticias\/wp-json\/wp\/v2\/categories?post=97708"},{"taxonomy":"post_tag","embeddable":true,"href":"https:\/\/wiy.com.br\/noticias\/wp-json\/wp\/v2\/tags?post=97708"}],"curies":[{"name":"wp","href":"https:\/\/api.w.org\/{rel}","templated":true}]}}