{"id":97320,"date":"2025-09-04T11:48:05","date_gmt":"2025-09-04T14:48:05","guid":{"rendered":"https:\/\/wiy.com.br\/noticias\/raul-gil-e-internado-para-exames-apos-passar-mal-em-sp\/"},"modified":"2025-09-04T11:48:05","modified_gmt":"2025-09-04T14:48:05","slug":"raul-gil-e-internado-para-exames-apos-passar-mal-em-sp","status":"publish","type":"post","link":"https:\/\/wiy.com.br\/noticias\/raul-gil-e-internado-para-exames-apos-passar-mal-em-sp\/","title":{"rendered":"Raul Gil \u00e9 internado para exames ap\u00f3s passar mal, em SP"},"content":{"rendered":"<p> <br \/>\n<br \/><img title = \"[Tags]\"alt = \"raul-gil Raul Gil \u00e9 internado para exames ap\u00f3s passar mal, em SP\"decoding=\"async\" src=\"https:\/\/vejasp.abril.com.br\/wp-content\/uploads\/2025\/09\/raul-gil.jpg\" \/><\/p>\n<p><strong>Raul Gil<\/strong>, de 87 anos, foi levado na noite de quarta-feira (3) para o Hospital Moriah, em Moema, em S\u00e3o Paulo, ap\u00f3s sentir c\u00f3licas. O filho do apresentador, o diretor de televis\u00e3o Raul Gil J\u00fanior, o Raulzinho, falou para a TV Globo que o pai passou por exames.<\/p>\n<div id=\"relacionadas\" class=\"block noreadme-audima three_columns\">\n<ul class=\"block-menu\">\n<li data-tab=\"tab-1\" class=\"active\">Relacionadas<\/li>\n<\/ul>\n<div id=\"tab-1\" class=\"block-content active\">\n<ul class=\"relacionadas-s-img\">\n<li class=\"widget-news-item without-thumb with-border\">\n<div class=\"widget-news-info\"><a href=\"\/cultura-lazer\">Cultura &amp; Lazer<\/a><span class=\"widget-news-item-title\"><a href=\"https:\/\/vejasp.abril.com.br\/cultura-lazer\/carol-sampaio-lista-vip-the-town-2025\/\">Carol Sampaio abre o jogo sobre a lista VIP do The Town 2025<\/a><\/span><span class=\"widget-news-item-date\">4 set 2025 &#8211; 07h09<\/span><\/div>\n<\/li>\n<li class=\"widget-news-item without-thumb with-border\">\n<div class=\"widget-news-info\"><a href=\"\/cultura-lazer\">Cultura &amp; Lazer<\/a><span class=\"widget-news-item-title\"><a href=\"https:\/\/vejasp.abril.com.br\/cultura-lazer\/the-town-metro-e-cptm-vao-funcionar-24-horas-para-desembarque\/\">The Town: metr\u00f4 e CPTM v\u00e3o funcionar 24 horas para desembarque<\/a><\/span><span class=\"widget-news-item-date\">3 set 2025 &#8211; 19h09<\/span><\/div>\n<\/li>\n<li class=\"widget-news-item without-thumb with-border\">\n<div class=\"widget-news-info\"><a href=\"\/cidades\">Cidades<\/a><span class=\"widget-news-item-title\"><a href=\"https:\/\/vejasp.abril.com.br\/cidades\/caso-robinho-stj-nega-recurso-da-defesa-e-mantem-ex-jogador-preso-por-estupro\/\">Caso Robinho: STJ nega recurso da defesa e mant\u00e9m ex-jogador preso por estupro<\/a><\/span><span class=\"widget-news-item-date\">3 set 2025 &#8211; 19h09<\/span><\/div>\n<\/li>\n<\/ul>\n<\/div>\n<\/div>\n<p>&#8220;<span>Meu pai passou por uma indisposi\u00e7\u00e3o hoje \u00e0 noite e foi at\u00e9 o hospital, que fica perto da casa dele, para fazer alguns exames. Ele est\u00e1 sendo atendido pelos m\u00e9dicos, mas est\u00e1 tudo bem, gra\u00e7as a Deus, sem nenhum problema<\/span>&#8220;, informou o filho.<\/p>\n<div class=\"noreadme-audima ads video-ads\">\n<div class=\"abrAD\" data-format=\"intext_video\"><\/div>\n<\/div>\n<p>O hospital ainda n\u00e3o divulgou informa\u00e7\u00f5es sobre o quadro de sa\u00fade atual de Raul Gil, que em 2023 passou por um procedimento na unidade hospitalar para raspagem da pr\u00f3stata, cirurgia que retira o excesso de pele na regi\u00e3o para sanar sintomas urin\u00e1rios.<\/p>\n<p>O apresentador est\u00e1 afastado da televis\u00e3o desde dezembro de 2024, quando o programa dele chegou ao fim na SBT.<\/p>\n<h3>Pol\u00eamica<\/h3>\n<p>Recentemente, Raul Gil se envolveu em uma pol\u00eamica com a filha e a neta, Nanci e Raquel Gil. O caso teve in\u00edcio com a neta do apresentador falando nas redes sociais que teria recebido uma ordem extrajudicial a proibindo de falar sobre a fam\u00edlia publicamente.<\/p>\n<div class=\"ads post-ads noreadme-audima\">\n    <span class=\"title\">Continua ap\u00f3s a publicidade<\/span><\/p>\n<div class=\"abrAD\" data-format=\"intext\"><\/div>\n<\/div>\n<p>Raulzinho rebateu, na \u00e9poca, as acusa\u00e7\u00f5es da sobrinha e o pai concedeu entrevista para o &#8220;Domingo Espetacular&#8221;, da Record, e se manifestou em um v\u00eddeo nas redes sociais sobre o assunto.<\/p>\n<p>&#8220;Minha filha nunca passou passou necessidade. Nem minha filha nem minha neta. [&#8230;] N\u00e3o deixei elas passarem por momentos nenhum desagrad\u00e1veis. Se elas falaram de mim, o que eu vou fazer? Elas falaram por vontade pr\u00f3pria. Ai, se todos os pais fossem como eu fui e sou. Mas, assim mesmo, eu oro por elas&#8221;, afirmou.<\/p>\n<div class=\"box-app-phone-share noreadme-audima\">\n<div class=\"title-phone-share\">Compartilhe essa mat\u00e9ria via:<\/div>\n<div class=\"buttoms-phone-share\">\n\t\t<a class=\"whatsapp\" id=\"whatsappShare\" rel=\"nofollow\" aria-label=\"Compartilhe no Whatsapp\" target=\"_blank\" href=\"https:\/\/api.whatsapp.com\/send?text=https:\/\/vejasp.abril.com.br\/cidades\/raul-gil-e-internado-para-exames-apos-passar-mal-em-sp\/?utm_medium=whatsapp&amp;utm_source=shortcode_vejinhas\"><span>WhatsAPP<\/span><\/a><br \/>\n\t\t<a class=\"telegram\" id=\"telegramShare\" rel=\"nofollow\" aria-label=\"Compartilhe no Telegram\" target=\"_blank\" href=\"https:\/\/telegram.me\/share\/url?url=https:\/\/vejasp.abril.com.br\/cidades\/raul-gil-e-internado-para-exames-apos-passar-mal-em-sp\/?utm_medium=telegram&amp;utm_source=shortcode_vejinhas\"><span>Telegram<\/span><\/a>\n\t\t<\/div>\n<\/p><\/div>\n<div class=\"ads after-text noreadme-audima\">\n    <span class=\"title\">Publicidade<\/span><\/p>\n<div class=\"abrAD\" data-format=\"aftertext\" data-mapping=\"intext\"><\/div>\n<\/div>\n<p><br \/>\n<br \/><a href=\"https:\/\/vejasp.abril.com.br\/cidades\/raul-gil-e-internado-para-exames-apos-passar-mal-em-sp\/\">Fonte do Artigo <\/a><br \/>\nTags:<br \/>\n#loterias #loteriascaixa #megasena #resultadoapostas#noticias #noticiario  #noticia #brasil #noticiascolombia #mundo #esporte #colombia #noticiadeld #ltimasnoticias  #noticiario #noticiasregionales #noticiasdepartamentales #noticiashoy #esportes #noticiaahora #elinformantenoticias #noticiasdeboyac  #esporteinterativo #esportivo #diariodosesportes  #noticiero  #jogodefutebol #jogos #loto #apostas<\/p>\n","protected":false},"excerpt":{"rendered":"<p>Raul Gil, de 87 anos, foi levado na noite de quarta-feira (3) para o Hospital Moriah, em Moema, em S\u00e3o Paulo, ap\u00f3s sentir c\u00f3licas. O filho do apresentador, o diretor de televis\u00e3o Raul Gil J\u00fanior, o Raulzinho, falou para a TV Globo que o pai passou por exames. Relacionadas Cultura &amp; LazerCarol Sampaio abre o [&hellip;]<\/p>\n","protected":false},"author":1,"featured_media":97321,"comment_status":"open","ping_status":"open","sticky":false,"template":"","format":"standard","meta":{"footnotes":""},"categories":[1],"tags":[],"class_list":["post-97320","post","type-post","status-publish","format-standard","has-post-thumbnail","hentry","category-curso-de-copy"],"_links":{"self":[{"href":"https:\/\/wiy.com.br\/noticias\/wp-json\/wp\/v2\/posts\/97320","targetHints":{"allow":["GET"]}}],"collection":[{"href":"https:\/\/wiy.com.br\/noticias\/wp-json\/wp\/v2\/posts"}],"about":[{"href":"https:\/\/wiy.com.br\/noticias\/wp-json\/wp\/v2\/types\/post"}],"author":[{"embeddable":true,"href":"https:\/\/wiy.com.br\/noticias\/wp-json\/wp\/v2\/users\/1"}],"replies":[{"embeddable":true,"href":"https:\/\/wiy.com.br\/noticias\/wp-json\/wp\/v2\/comments?post=97320"}],"version-history":[{"count":0,"href":"https:\/\/wiy.com.br\/noticias\/wp-json\/wp\/v2\/posts\/97320\/revisions"}],"wp:featuredmedia":[{"embeddable":true,"href":"https:\/\/wiy.com.br\/noticias\/wp-json\/wp\/v2\/media\/97321"}],"wp:attachment":[{"href":"https:\/\/wiy.com.br\/noticias\/wp-json\/wp\/v2\/media?parent=97320"}],"wp:term":[{"taxonomy":"category","embeddable":true,"href":"https:\/\/wiy.com.br\/noticias\/wp-json\/wp\/v2\/categories?post=97320"},{"taxonomy":"post_tag","embeddable":true,"href":"https:\/\/wiy.com.br\/noticias\/wp-json\/wp\/v2\/tags?post=97320"}],"curies":[{"name":"wp","href":"https:\/\/api.w.org\/{rel}","templated":true}]}}