{"id":97284,"date":"2025-09-03T21:36:09","date_gmt":"2025-09-04T00:36:09","guid":{"rendered":"https:\/\/wiy.com.br\/noticias\/justica-derruba-de-novo-a-proibicao-de-mototaxi-em-sao-paulo\/"},"modified":"2025-09-03T21:36:17","modified_gmt":"2025-09-04T00:36:17","slug":"justica-derruba-de-novo-a-proibicao-de-mototaxi-em-sao-paulo","status":"publish","type":"post","link":"https:\/\/wiy.com.br\/noticias\/justica-derruba-de-novo-a-proibicao-de-mototaxi-em-sao-paulo\/","title":{"rendered":"Justi\u00e7a derruba (de novo) a proibi\u00e7\u00e3o de motot\u00e1xi em S\u00e3o Paulo"},"content":{"rendered":"<p> <br \/>\n<\/p>\n<p>A Justi\u00e7a de S\u00e3o Paulo decidiu nesta quarta-feira (3) que o decreto de proibi\u00e7\u00e3o do servi\u00e7o de motot\u00e1xi na capital paulista \u00e9 inconstitucional, <a href=\"https:\/\/g1.globo.com\/sp\/sao-paulo\/noticia\/2025\/09\/03\/justica-moto-por-app-decreto-nunes-sp.ghtml\" target=\"_blank\" rel=\"noreferrer noopener\">segundo o G1<\/a>. O tribunal acatou um pedido apresentado pela Confedera\u00e7\u00e3o Nacional de Servi\u00e7os (CNS), que acusa a prefeitura de invadir compet\u00eancias da Uni\u00e3o na legisla\u00e7\u00e3o sobre transporte e tr\u00e2nsito.<\/p>\n<p>\u201cH\u00e1 extravasamento da compet\u00eancia legislativa do Munic\u00edpio de S\u00e3o Paulo, em maltrato do disposto no art. 144 da Constitui\u00e7\u00e3o paulista, com afronta ainda de norma de observ\u00e2ncia obrigat\u00f3ria da Constitui\u00e7\u00e3o nacional, ao determinar-se a suspens\u00e3o, tempor\u00e1ria que o seja, de servi\u00e7o de transporte individual\u201d, explicou o desembargador Ricardo Dip.<\/p>\n<p>J\u00e1 a prefeitura de S\u00e3o Paulo argumenta que a proibi\u00e7\u00e3o busca reduzir acidentes de tr\u00e2nsito e preservar a sa\u00fade p\u00fablica, e sustenta que o decreto 62.144\/2023 respeita o artigo da Constitui\u00e7\u00e3o Federal que garante aos munic\u00edpios compet\u00eancia para tratar de assuntos locais.<\/p>\n<div class=\"wp-block-image\">\n<figure class=\"aligncenter size-large\"><figcaption class=\"wp-element-caption\">Proibir ou restringir atividades de transporte \u00e9 considerado inconstitucional pelo STF (Imagem: Helissa Grundemann\/Shutterstock)<\/figcaption><\/figure>\n<\/div>\n<p>Para o desembargador, a medida fere princ\u00edpios da livre iniciativa e da livre concorr\u00eancia, defendendo o argumento da CNS de que a suspens\u00e3o do servi\u00e7o viola o direito de escolha do consumidor. No Supremo Tribunal Federal (STF), tamb\u00e9m h\u00e1 o entendimento de que proibir ou restringir atividades de transporte por aplicativo \u00e9 inconstitucional.<\/p>\n<h2 class=\"wp-block-heading\" id=\"h-e-agora\">E agora?<\/h2>\n<p>A prefeitura de S\u00e3o Paulo ter\u00e1 90 dias para regulamentar o servi\u00e7o de motot\u00e1xi na cidade. Em nota enviada ao G1, a gest\u00e3o Ricardo Nunes afirmou que ainda n\u00e3o teve acesso ao ac\u00f3rd\u00e3o e que, em breve, &#8220;analisar\u00e1 as eventuais medidas que ser\u00e3o adotadas&#8221;.<\/p>\n<p>Para a Associa\u00e7\u00e3o Brasileira de Mobilidade e Tecnologia (Amobitec), a decis\u00e3o do TJ&nbsp; &#8220;configura um avan\u00e7o para garantir os direitos da popula\u00e7\u00e3o da cidade e das empresas do setor, al\u00e9m de um importante passo para que a atividade seja regulamentada no munic\u00edpio&#8221;.<\/p>\n<p>A entidade diz ainda que n\u00e3o h\u00e1 rela\u00e7\u00e3o comprovada entre os motoapps e o n\u00famero de acidentes em S\u00e3o Paulo ou em outras localidades, e que \u201cas corridas de motocicleta nas plataformas s\u00e3o muito mais seguras do que viagens de moto em geral\u201d.<\/p>\n<div class=\"wp-block-image\">\n<figure class=\"aligncenter size-large\"><img title = \"[Tags]\"loading=\"lazy\" decoding=\"async\" width=\"1024\" height=\"768\" src=\"https:\/\/img.odcdn.com.br\/wp-content\/uploads\/2025\/09\/iStock-1268938544-1024x768.jpg\"alt = \"iStock-1268938544-1024x768 Justi\u00e7a derruba (de novo) a proibi\u00e7\u00e3o de motot\u00e1xi em S\u00e3o Paulo\" class=\"wp-image-1177589\" \/><figcaption class=\"wp-element-caption\">Prefeitura de S\u00e3o Paulo ter\u00e1 90 dias para regulamentar o servi\u00e7o de motot\u00e1xi na cidade (Imagem: Alfribeiro\/iStock)<\/figcaption><\/figure>\n<\/div>\n<p><strong>Leia Mais:<\/strong><\/p>\n<ul>\n<li>Procon multa Uber e 99 por servi\u00e7o de motot\u00e1xi em S\u00e3o Paulo<\/li>\n<li>Uber cobra mais dos clientes e paga menos aos motoristas, diz estudo<\/li>\n<li>4 curiosidades sobre o trem-bala do Jap\u00e3o que aguenta terremotos<\/li>\n<\/ul>\n<h2 class=\"wp-block-heading\" id=\"h-dominando-as-ruas\">Dominando as ruas<\/h2>\n<p>O setor conta hoje com cerca de 800 mil motociclistas cadastrados no Brasil em suas tr\u00eas maiores empresas (99, iFood e Uber), o que representa apenas 2,3% da frota nacional de 34,2 milh\u00f5es de motocicletas, motonetas e ciclomotores, segundo dados da Secretaria Nacional de Tr\u00e2nsito (Senatran).<\/p>\n<p>Segundo a Amobitec, todos os condutores que utilizam as plataformas t\u00eam obrigatoriamente a Carteira Nacional de Habilita\u00e7\u00e3o v\u00e1lida e a documenta\u00e7\u00e3o regular de seus ve\u00edculos. A entidade garante que as empresas adotam camadas de seguran\u00e7a adicionais \u00e0s previstas em lei antes, durante e depois de cada viagem para proteger condutores e passageiros.<\/p>\n<div class=\"wp-block-image\">\n<figure class=\"aligncenter size-large\"><img title = \"[Tags]\"loading=\"lazy\" decoding=\"async\" width=\"1024\" height=\"768\" src=\"https:\/\/img.odcdn.com.br\/wp-content\/uploads\/2025\/09\/iStock-1302302516-1024x768.jpg\"alt = \"iStock-1268938544-1024x768 Justi\u00e7a derruba (de novo) a proibi\u00e7\u00e3o de motot\u00e1xi em S\u00e3o Paulo\" class=\"wp-image-1177590\" \/><figcaption class=\"wp-element-caption\">Amobitec diz que n\u00e3o h\u00e1 rela\u00e7\u00e3o comprovada entre os motoapps e o n\u00famero de acidentes (Imagem: Leonidas Santana\/iStock)<\/figcaption><\/figure>\n<\/div>\n<p>O post Justi\u00e7a derruba (de novo) a proibi\u00e7\u00e3o de motot\u00e1xi em S\u00e3o Paulo apareceu primeiro em Olhar Digital.<\/p>\n<p><br \/>\n<br \/><a href=\"https:\/\/olhardigital.com.br\/2025\/09\/03\/carros-e-tecnologia\/justica-derruba-de-novo-a-proibicao-de-mototaxi-em-sao-paulo\/\">Fonte do Artigo <\/a><br \/>\nTags:<\/p>\n<p><a title=\"Gestor de Tr\u00e1fego\" href=\"https:\/\/www.gestor-de-trafego.com\/\" target=\"_blank\"><strong>Gestor de Tr\u00e1fego<\/strong><\/a><\/p>\n<p><a href=\"https:\/\/wiy.com.br\/noticias\/categoria\/tecnologia\/\">#tecnologia<\/a> <a href=\"https:\/\/wiy.com.br\/noticias\/categoria\/tecnologia\/\">#tecnologias<\/a> <a href=\"https:\/\/wiy.com.br\/noticias\/categoria\/tecnologia\/\">#technology<\/a> <a href=\"https:\/\/wiy.com.br\/noticias\/categoria\/tecnologia\/\">#tecnolog<\/a> <a href=\"https:\/\/wiy.com.br\/noticias\/categoria\/tecnologia\/\">#iphone<\/a> <a href=\"https:\/\/wiy.com.br\/noticias\/categoria\/tecnologia\/\">#informatica<\/a> <a href=\"https:\/\/wiy.com.br\/noticias\/categoria\/tecnologia\/\">#tech<\/a> <a href=\"https:\/\/wiy.com.br\/noticias\/categoria\/tecnologia\/\">#design<\/a> <a href=\"https:\/\/wiy.com.br\/noticias\/categoria\/tecnologia\/\">#samsung<\/a> <a href=\"https:\/\/wiy.com.br\/noticias\/categoria\/tecnologia\/\">#internet<\/a> <a href=\"https:\/\/wiy.com.br\/noticias\/categoria\/tecnologia\/\">#apple<\/a> <a href=\"https:\/\/wiy.com.br\/noticias\/categoria\/tecnologia\/\">#smartphone<\/a> <a href=\"https:\/\/wiy.com.br\/noticias\/categoria\/tecnologia\/\">#seguranca<\/a> <a href=\"https:\/\/wiy.com.br\/noticias\/categoria\/tecnologia\/\">#venezuela<\/a> <a href=\"https:\/\/wiy.com.br\/noticias\/categoria\/tecnologia\/\">#celular<\/a> <a href=\"https:\/\/wiy.com.br\/noticias\/categoria\/tecnologia\/\">#celulares<\/a> <a href=\"https:\/\/wiy.com.br\/noticias\/categoria\/tecnologia\/\">#inovar<\/a> <a href=\"https:\/\/wiy.com.br\/noticias\/categoria\/tecnologia\/\">#qualidade<\/a> <a href=\"https:\/\/wiy.com.br\/noticias\/categoria\/tecnologia\/\">#software<\/a> <a href=\"https:\/\/wiy.com.br\/noticias\/categoria\/tecnologia\/\">#empresas<\/a> <a href=\"https:\/\/wiy.com.br\/noticias\/categoria\/tecnologia\/\">#cursos<\/a> <a href=\"https:\/\/wiy.com.br\/noticias\/categoria\/tecnologia\/\">#engenharia<\/a> <a href=\"https:\/\/wiy.com.br\/noticias\/categoria\/tecnologia\/\">#industria<\/a> <a href=\"https:\/\/wiy.com.br\/noticias\/categoria\/tecnologia\/\">#marketing<\/a> <a href=\"https:\/\/wiy.com.br\/noticias\/categoria\/tecnologia\/\">#ti<\/a> <a href=\"https:\/\/wiy.com.br\/noticias\/categoria\/tecnologia\/\">#tecnoblog<\/a> <a href=\"https:\/\/wiy.com.br\/noticias\/categoria\/tecnologia\/\">#veja<\/a> <a href=\"https:\/\/wiy.com.br\/noticias\/categoria\/tecnologia\/\">#olhardigital<\/a> <a href=\"https:\/\/wiy.com.br\/noticias\/categoria\/tecnologia\/\">#mundodigital<\/a> <a href=\"https:\/\/wiy.com.br\/noticias\/categoria\/tecnologia\/\">#inteligenciaartificial<\/a> <a href=\"https:\/\/wiy.com.br\/criacao-de-sites\/\">#criar site<\/a> <a href=\"https:\/\/wiy.com.br\/criacao-de-sites\/\">#criar site curitiba<\/a> <a href=\"https:\/\/wiy.com.br\/criacao-de-sites\/\">#wiysolutions<\/a><\/p>\n<p><a \n#Justi\u00e7a #derruba #novo #proibi\u00e7\u00e3o #motot\u00e1xi #S\u00e3o #Paulo\n<\/p>\n","protected":false},"excerpt":{"rendered":"<p>A Justi\u00e7a de S\u00e3o Paulo decidiu nesta quarta-feira (3) que o decreto de proibi\u00e7\u00e3o do servi\u00e7o de motot\u00e1xi na capital paulista \u00e9 inconstitucional, segundo o G1. O tribunal acatou um pedido apresentado pela Confedera\u00e7\u00e3o Nacional de Servi\u00e7os (CNS), que acusa a prefeitura de invadir compet\u00eancias da Uni\u00e3o na legisla\u00e7\u00e3o sobre transporte e tr\u00e2nsito. \u201cH\u00e1 extravasamento [&hellip;]<\/p>\n","protected":false},"author":1,"featured_media":97285,"comment_status":"open","ping_status":"open","sticky":false,"template":"","format":"standard","meta":{"footnotes":""},"categories":[5],"tags":[],"class_list":["post-97284","post","type-post","status-publish","format-standard","has-post-thumbnail","hentry","category-tecnologia"],"_links":{"self":[{"href":"https:\/\/wiy.com.br\/noticias\/wp-json\/wp\/v2\/posts\/97284","targetHints":{"allow":["GET"]}}],"collection":[{"href":"https:\/\/wiy.com.br\/noticias\/wp-json\/wp\/v2\/posts"}],"about":[{"href":"https:\/\/wiy.com.br\/noticias\/wp-json\/wp\/v2\/types\/post"}],"author":[{"embeddable":true,"href":"https:\/\/wiy.com.br\/noticias\/wp-json\/wp\/v2\/users\/1"}],"replies":[{"embeddable":true,"href":"https:\/\/wiy.com.br\/noticias\/wp-json\/wp\/v2\/comments?post=97284"}],"version-history":[{"count":1,"href":"https:\/\/wiy.com.br\/noticias\/wp-json\/wp\/v2\/posts\/97284\/revisions"}],"predecessor-version":[{"id":97286,"href":"https:\/\/wiy.com.br\/noticias\/wp-json\/wp\/v2\/posts\/97284\/revisions\/97286"}],"wp:featuredmedia":[{"embeddable":true,"href":"https:\/\/wiy.com.br\/noticias\/wp-json\/wp\/v2\/media\/97285"}],"wp:attachment":[{"href":"https:\/\/wiy.com.br\/noticias\/wp-json\/wp\/v2\/media?parent=97284"}],"wp:term":[{"taxonomy":"category","embeddable":true,"href":"https:\/\/wiy.com.br\/noticias\/wp-json\/wp\/v2\/categories?post=97284"},{"taxonomy":"post_tag","embeddable":true,"href":"https:\/\/wiy.com.br\/noticias\/wp-json\/wp\/v2\/tags?post=97284"}],"curies":[{"name":"wp","href":"https:\/\/api.w.org\/{rel}","templated":true}]}}