{"id":96950,"date":"2025-08-30T02:29:08","date_gmt":"2025-08-30T05:29:08","guid":{"rendered":"https:\/\/wiy.com.br\/noticias\/aneel-mantem-cobranca-extra-na-conta-de-luz-para-setembro\/"},"modified":"2025-08-30T02:29:22","modified_gmt":"2025-08-30T05:29:22","slug":"aneel-mantem-cobranca-extra-na-conta-de-luz-para-setembro","status":"publish","type":"post","link":"https:\/\/wiy.com.br\/noticias\/aneel-mantem-cobranca-extra-na-conta-de-luz-para-setembro\/","title":{"rendered":"Aneel mant\u00e9m cobran\u00e7a extra na conta de luz para setembro"},"content":{"rendered":"<p> <br \/>\n<\/p>\n<p>A Ag\u00eancia Nacional de Energia El\u00e9trica (ANEEL) <a href=\"https:\/\/www.gov.br\/aneel\/pt-br\/assuntos\/noticias\/2025\/bandeira-vermelha-patamar-2-e-mantida-em-setembro\" target=\"_blank\" rel=\"noreferrer noopener\">anunciou<\/a>, nesta sexta-feira (29), que ser\u00e1 mantida a <strong>Bandeira Vermelha patamar 2<\/strong> no m\u00eas de <strong>setembro<\/strong> na conta de luz. Assim, as contas de energia el\u00e9trica ter\u00e3o um adicional de <strong>R$ 7,87<\/strong> para cada <strong>100 quilowatts-hora (kWh)<\/strong> consumidos.<\/p>\n<p>\u201cAs atuais condi\u00e7\u00f5es de aflu\u00eancia dos reservat\u00f3rios das usinas, <strong>abaixo da m\u00e9dia<\/strong>, <strong>n\u00e3o s\u00e3o favor\u00e1veis<\/strong> para a gera\u00e7\u00e3o hidrel\u00e9trica. Em consequ\u00eancia, h\u00e1 <strong>necessidade de maior acionamento<\/strong> de usinas termel\u00e9tricas, com <strong>elevados custos de gera\u00e7\u00e3o<\/strong>, o que justifica a manuten\u00e7\u00e3o da bandeira vermelha patamar 2 para setembro\u201d, diz a nota.<\/p>\n<\/p>\n<div class=\"wp-block-image\">\n<figure class=\"aligncenter size-large\"><figcaption class=\"wp-element-caption\">Acionamento de usinas termel\u00e9tricas ser\u00e1 mantido por baixo n\u00edvel de hidrel\u00e9tricas (Imagem: Samuel Azambuja Kochhan\/iStock)<\/figcaption><\/figure>\n<\/div>\n<p>Em <strong>junho e julho<\/strong>, a bandeira esteve <strong>vermelha <\/strong>\u2014 com cobran\u00e7a adicional de <strong>R$ 4,46 a cada 100 kWh<\/strong> \u2014 e, em <strong>agosto<\/strong>, passou para <strong>vermelho patamar 2<\/strong>. No caso da bandeira <strong>verde<\/strong>, <strong>n\u00e3o h\u00e1<\/strong> taxa extra, enquanto a bandeira <strong>amarela<\/strong> prev\u00ea <strong>R$ 1,88<\/strong> a cada 100 kWh.<\/p>\n<h2 class=\"wp-block-heading\" id=\"h-bandeiras-tarifarias\">Bandeiras tarif\u00e1rias<\/h2>\n<ul>\n<li>Criado em <strong>2015<\/strong> pela ANEEL, o sistema de bandeiras tarif\u00e1rias indica, aos consumidores, os custos da gera\u00e7\u00e3o de energia no Brasil;<\/li>\n<li>As bandeiras mostram o custo vari\u00e1vel da produ\u00e7\u00e3o de energia, a partir da <strong>disponibilidade<\/strong> de recursos h\u00eddricos, o <strong>avan\u00e7o<\/strong> das fontes renov\u00e1veis e o <strong>acionamento<\/strong> de fontes de gera\u00e7\u00e3o mais caras, como as termel\u00e9tricas;<\/li>\n<li>Com as bandeiras, o consumidor ganha um <strong>papel mais ativo<\/strong> na defini\u00e7\u00e3o de sua conta de energia, diz a ag\u00eancia. Ao saber, por exemplo, que a bandeira est\u00e1 vermelha, o consumidor pode <strong>adaptar<\/strong> seu consumo para ajudar a reduzir o valor da conta;<\/li>\n<li>\u201cPela regra anterior, que previa o repasse somente nos reajustes <strong>tarif\u00e1rios anuais<\/strong>, o consumidor <strong>n\u00e3o tinha<\/strong> a informa\u00e7\u00e3o de que a energia estava cara naquele momento e, portanto, n\u00e3o tinha um sinal para <strong>reagir<\/strong> a um pre\u00e7o mais alto\u201d, explica a ANEEL.<\/li>\n<\/ul>\n<div class=\"wp-block-image\">\n<figure class=\"aligncenter size-large\"><img title = \"[Tags]\"loading=\"lazy\" decoding=\"async\" width=\"1024\" height=\"683\" src=\"https:\/\/img.odcdn.com.br\/wp-content\/uploads\/2025\/08\/iStock-1386872361-1024x683.jpg\"alt = \"iStock-1386872361-1024x683 Aneel mant\u00e9m cobran\u00e7a extra na conta de luz para setembro\" class=\"wp-image-1175142\" \/><figcaption class=\"wp-element-caption\">Contas de luz ter\u00e3o um adicional de R$ 7,87 para cada 100 quilowatts-hora (kWh) consumidos (Imagem: tifonimages\/iStock)<\/figcaption><\/figure>\n<\/div>\n<p><strong>Leia mais:<\/strong><\/p>\n<ul>\n<li>Do espa\u00e7o para sua casa: estudo revela impacto da energia solar espacial da NASA<\/li>\n<li>Eletrobras vai usar IA para modernizar rede el\u00e9trica no Brasil<\/li>\n<li>Se o mundo inteiro acender luzes ao mesmo tempo, o que acontece?<\/li>\n<\/ul>\n<h2 class=\"wp-block-heading\" id=\"h-reajuste-da-conta-de-luz-acima-da-inflacao\">Reajuste da conta de luz acima da infla\u00e7\u00e3o<\/h2>\n<p>As tarifas de energia el\u00e9trica <strong>devem subir mais do que a infla\u00e7\u00e3o neste ano<\/strong>, como <a href=\"https:\/\/www.gov.br\/aneel\/pt-br\/assuntos\/noticias\/2025\/infotarifa-agencia-divulga-nova-edicao-do-boletim-com-projecoes-das-tarifas-de-energia\" target=\"_blank\" rel=\"noreferrer noopener\">divulgou<\/a> a ANEEL no in\u00edcio do m\u00eas. O reajuste m\u00e9dio deve ficar em <strong>6,3%<\/strong> em 2025, enquanto a infla\u00e7\u00e3o prevista \u00e9 de <strong>5,05%<\/strong>, de acordo com a \u00faltima proje\u00e7\u00e3o do mercado financeiro.<\/p>\n<p>O or\u00e7amento da Conta de Desenvolvimento Energ\u00e9tico (CDE) explica esse aumento: fixado em <strong>R$ 49,2 bilh\u00f5es<\/strong>, o valor \u00e9 <strong>8,6 bilh\u00f5es acima<\/strong> do previsto anteriormente. O fundo financia pol\u00edticas p\u00fablicas no setor el\u00e9trico, como o programa <strong>Luz Para Todos<\/strong>, a <strong>tarifa social<\/strong>, al\u00e9m de <strong>subs\u00eddios<\/strong> para fontes renov\u00e1veis e gera\u00e7\u00e3o de energia em regi\u00f5es isoladas.<\/p>\n<\/p>\n<div class=\"wp-block-image\">\n<figure class=\"aligncenter size-large\"><img title = \"[Tags]\"loading=\"lazy\" decoding=\"async\" width=\"1024\" height=\"712\" src=\"https:\/\/img.odcdn.com.br\/wp-content\/uploads\/2025\/08\/iStock-1055302558-1024x712.jpg\"alt = \"iStock-1386872361-1024x683 Aneel mant\u00e9m cobran\u00e7a extra na conta de luz para setembro\" class=\"wp-image-1175140\" \/><figcaption class=\"wp-element-caption\">Or\u00e7amento da Conta de Desenvolvimento Energ\u00e9tico eleva a conta de energia acima da infla\u00e7\u00e3o (Imagem: Gabriel Ramos\/iStock)<\/figcaption><\/figure>\n<\/div>\n<p>Em maio, o presidente Lula <strong>assinou a medida provis\u00f3ria<\/strong> que <strong>ampliou o p\u00fablico<\/strong> da tarifa social, favorecendo cerca de <strong>55 milh\u00f5es<\/strong> de brasileiros e incluiu <strong>60 milh\u00f5es<\/strong> de pessoas no programa de isen\u00e7\u00e3o, com um custo de <strong>R$ 3,6 bilh\u00f5es por ano<\/strong>.<\/p>\n<p>O post Aneel mant\u00e9m cobran\u00e7a extra na conta de luz para setembro apareceu primeiro em Olhar Digital.<\/p>\n<p><br \/>\n<br \/><a href=\"https:\/\/olhardigital.com.br\/2025\/08\/30\/pro\/aneel-mantem-cobranca-extra-na-conta-de-luz-para-setembro\/\">Fonte do Artigo <\/a><br \/>\nTags:<\/p>\n<p><a title=\"Gestor de Tr\u00e1fego\" href=\"https:\/\/www.gestor-de-trafego.com\/\" target=\"_blank\"><strong>Gestor de Tr\u00e1fego<\/strong><\/a><\/p>\n<p><a href=\"https:\/\/wiy.com.br\/noticias\/categoria\/tecnologia\/\">#tecnologia<\/a> <a href=\"https:\/\/wiy.com.br\/noticias\/categoria\/tecnologia\/\">#tecnologias<\/a> <a href=\"https:\/\/wiy.com.br\/noticias\/categoria\/tecnologia\/\">#technology<\/a> <a href=\"https:\/\/wiy.com.br\/noticias\/categoria\/tecnologia\/\">#tecnolog<\/a> <a href=\"https:\/\/wiy.com.br\/noticias\/categoria\/tecnologia\/\">#iphone<\/a> <a href=\"https:\/\/wiy.com.br\/noticias\/categoria\/tecnologia\/\">#informatica<\/a> <a href=\"https:\/\/wiy.com.br\/noticias\/categoria\/tecnologia\/\">#tech<\/a> <a href=\"https:\/\/wiy.com.br\/noticias\/categoria\/tecnologia\/\">#design<\/a> <a href=\"https:\/\/wiy.com.br\/noticias\/categoria\/tecnologia\/\">#samsung<\/a> <a href=\"https:\/\/wiy.com.br\/noticias\/categoria\/tecnologia\/\">#internet<\/a> <a href=\"https:\/\/wiy.com.br\/noticias\/categoria\/tecnologia\/\">#apple<\/a> <a href=\"https:\/\/wiy.com.br\/noticias\/categoria\/tecnologia\/\">#smartphone<\/a> <a href=\"https:\/\/wiy.com.br\/noticias\/categoria\/tecnologia\/\">#seguranca<\/a> <a href=\"https:\/\/wiy.com.br\/noticias\/categoria\/tecnologia\/\">#venezuela<\/a> <a href=\"https:\/\/wiy.com.br\/noticias\/categoria\/tecnologia\/\">#celular<\/a> <a href=\"https:\/\/wiy.com.br\/noticias\/categoria\/tecnologia\/\">#celulares<\/a> <a href=\"https:\/\/wiy.com.br\/noticias\/categoria\/tecnologia\/\">#inovar<\/a> <a href=\"https:\/\/wiy.com.br\/noticias\/categoria\/tecnologia\/\">#qualidade<\/a> <a href=\"https:\/\/wiy.com.br\/noticias\/categoria\/tecnologia\/\">#software<\/a> <a href=\"https:\/\/wiy.com.br\/noticias\/categoria\/tecnologia\/\">#empresas<\/a> <a href=\"https:\/\/wiy.com.br\/noticias\/categoria\/tecnologia\/\">#cursos<\/a> <a href=\"https:\/\/wiy.com.br\/noticias\/categoria\/tecnologia\/\">#engenharia<\/a> <a href=\"https:\/\/wiy.com.br\/noticias\/categoria\/tecnologia\/\">#industria<\/a> <a href=\"https:\/\/wiy.com.br\/noticias\/categoria\/tecnologia\/\">#marketing<\/a> <a href=\"https:\/\/wiy.com.br\/noticias\/categoria\/tecnologia\/\">#ti<\/a> <a href=\"https:\/\/wiy.com.br\/noticias\/categoria\/tecnologia\/\">#tecnoblog<\/a> <a href=\"https:\/\/wiy.com.br\/noticias\/categoria\/tecnologia\/\">#veja<\/a> <a href=\"https:\/\/wiy.com.br\/noticias\/categoria\/tecnologia\/\">#olhardigital<\/a> <a href=\"https:\/\/wiy.com.br\/noticias\/categoria\/tecnologia\/\">#mundodigital<\/a> <a href=\"https:\/\/wiy.com.br\/noticias\/categoria\/tecnologia\/\">#inteligenciaartificial<\/a> <a href=\"https:\/\/wiy.com.br\/criacao-de-sites\/\">#criar site<\/a> <a href=\"https:\/\/wiy.com.br\/criacao-de-sites\/\">#criar site curitiba<\/a> <a href=\"https:\/\/wiy.com.br\/criacao-de-sites\/\">#wiysolutions<\/a><\/p>\n<p><a \n#Aneel #mant\u00e9m #cobran\u00e7a #extra #conta #luz #para #setembro\n<\/p>\n","protected":false},"excerpt":{"rendered":"<p>A Ag\u00eancia Nacional de Energia El\u00e9trica (ANEEL) anunciou, nesta sexta-feira (29), que ser\u00e1 mantida a Bandeira Vermelha patamar 2 no m\u00eas de setembro na conta de luz. Assim, as contas de energia el\u00e9trica ter\u00e3o um adicional de R$ 7,87 para cada 100 quilowatts-hora (kWh) consumidos. \u201cAs atuais condi\u00e7\u00f5es de aflu\u00eancia dos reservat\u00f3rios das usinas, abaixo [&hellip;]<\/p>\n","protected":false},"author":1,"featured_media":96951,"comment_status":"open","ping_status":"open","sticky":false,"template":"","format":"standard","meta":{"footnotes":""},"categories":[5],"tags":[],"class_list":["post-96950","post","type-post","status-publish","format-standard","has-post-thumbnail","hentry","category-tecnologia"],"_links":{"self":[{"href":"https:\/\/wiy.com.br\/noticias\/wp-json\/wp\/v2\/posts\/96950","targetHints":{"allow":["GET"]}}],"collection":[{"href":"https:\/\/wiy.com.br\/noticias\/wp-json\/wp\/v2\/posts"}],"about":[{"href":"https:\/\/wiy.com.br\/noticias\/wp-json\/wp\/v2\/types\/post"}],"author":[{"embeddable":true,"href":"https:\/\/wiy.com.br\/noticias\/wp-json\/wp\/v2\/users\/1"}],"replies":[{"embeddable":true,"href":"https:\/\/wiy.com.br\/noticias\/wp-json\/wp\/v2\/comments?post=96950"}],"version-history":[{"count":1,"href":"https:\/\/wiy.com.br\/noticias\/wp-json\/wp\/v2\/posts\/96950\/revisions"}],"predecessor-version":[{"id":96952,"href":"https:\/\/wiy.com.br\/noticias\/wp-json\/wp\/v2\/posts\/96950\/revisions\/96952"}],"wp:featuredmedia":[{"embeddable":true,"href":"https:\/\/wiy.com.br\/noticias\/wp-json\/wp\/v2\/media\/96951"}],"wp:attachment":[{"href":"https:\/\/wiy.com.br\/noticias\/wp-json\/wp\/v2\/media?parent=96950"}],"wp:term":[{"taxonomy":"category","embeddable":true,"href":"https:\/\/wiy.com.br\/noticias\/wp-json\/wp\/v2\/categories?post=96950"},{"taxonomy":"post_tag","embeddable":true,"href":"https:\/\/wiy.com.br\/noticias\/wp-json\/wp\/v2\/tags?post=96950"}],"curies":[{"name":"wp","href":"https:\/\/api.w.org\/{rel}","templated":true}]}}