{"id":96770,"date":"2025-08-27T16:21:48","date_gmt":"2025-08-27T19:21:48","guid":{"rendered":"https:\/\/wiy.com.br\/noticias\/campanha-busca-combater-assedio-em-rodovias-de-sp\/"},"modified":"2025-08-27T16:21:48","modified_gmt":"2025-08-27T19:21:48","slug":"campanha-busca-combater-assedio-em-rodovias-de-sp","status":"publish","type":"post","link":"https:\/\/wiy.com.br\/noticias\/campanha-busca-combater-assedio-em-rodovias-de-sp\/","title":{"rendered":"Campanha busca combater ass\u00e9dio em rodovias de SP"},"content":{"rendered":"<p> <br \/>\n<br \/><img title = \"[Tags]\"alt = \"Rodovia-dos-Imigrantes_Ecovias Campanha busca combater ass\u00e9dio em rodovias de SP\"decoding=\"async\" src=\"https:\/\/vejasp.abril.com.br\/wp-content\/uploads\/2025\/01\/Rodovia-dos-Imigrantes_Ecovias.jpg\" \/><\/p>\n<p><span>Novas concession\u00e1rias de <a href=\"https:\/\/vejasp.abril.com.br\/cidades\/nova-pista-aumento-pedagios-imigrantes\/\">rodovias<\/a> de juntaram \u00e0 campanha \u201cAss\u00e9dio, Pare!\u201d, que combate o ass\u00e9dio nas vias desde 2021, nesta quarta-feira (27), com a ades\u00e3o da Associa\u00e7\u00e3o Brasileira de Concession\u00e1rias de Rodovias (ABCR) e suas associadas. <\/span><\/p>\n<p><span>A iniciativa, lan\u00e7ada pela EcoRodovias, tem o objetivo de coibir ass\u00e9dio sexual, moral, inj\u00faria e agress\u00f5es contra operadores de ped\u00e1gio e profissionais que atuam diretamente na opera\u00e7\u00e3o das rodovias, e conta com a participa\u00e7\u00e3o da Ecovias Imigrantes e a Ecovias Leste Paulista, que administram respectivamente o Sistema Anchieta-Imigrantes e o Corredor Ayrton Senna\/Carvalho Pinto, desde 2022. <\/span><span>\u00a0<\/span><\/p>\n<div class=\"noreadme-audima ads video-ads\">\n<div class=\"abrAD\" data-format=\"intext_video\"><\/div>\n<\/div>\n<p>As a\u00e7\u00f5es incluem pe\u00e7as visuais com mensagens <span>como \u201cAss\u00e9dio n\u00e3o \u00e9 brincadeira\u201d e \u201cAss\u00e9dio jamais \u00e9 o caminho\u201d, veiculadas em pra\u00e7as de ped\u00e1gio, bases operacionais e faixas ao longo das rodovias.<\/span><\/p>\n<div id=\"relacionadas\" class=\"block noreadme-audima three_columns\">\n<ul class=\"block-menu\">\n<li data-tab=\"tab-1\" class=\"active\">Relacionadas<\/li>\n<\/ul>\n<div id=\"tab-1\" class=\"block-content active\">\n<ul class=\"relacionadas-s-img\">\n<li class=\"widget-news-item without-thumb with-border\">\n<div class=\"widget-news-info\"><a href=\"\/cultura-lazer\">Cultura &amp; Lazer<\/a><span class=\"widget-news-item-title\"><a href=\"https:\/\/vejasp.abril.com.br\/cultura-lazer\/11-dias-para-o-the-town-conheca-as-formas-de-pagamento-aceitas-na-cidade-da-musica\/\">11 dias para o The Town: conhe\u00e7a as formas de pagamento aceitas na Cidade da M\u00fasica<\/a><\/span><span class=\"widget-news-item-date\">26 ago 2025 &#8211; 18h08<\/span><\/div>\n<\/li>\n<li class=\"widget-news-item without-thumb with-border\">\n<div class=\"widget-news-info\"><a href=\"\/saude\">Sa\u00fade<\/a><span class=\"widget-news-item-title\"><a href=\"https:\/\/vejasp.abril.com.br\/saude\/prefeitura-de-sao-paulo-vai-ampliar-oferta-de-canabidiol-pelo-sus\/\">Prefeitura de S\u00e3o Paulo vai ampliar oferta de canabidiol pelo SUS<\/a><\/span><span class=\"widget-news-item-date\">26 ago 2025 &#8211; 17h08<\/span><\/div>\n<\/li>\n<li class=\"widget-news-item without-thumb with-border\">\n<div class=\"widget-news-info\"><a href=\"\/cultura-lazer\">Cultura &amp; Lazer<\/a><span class=\"widget-news-item-title\"><a href=\"https:\/\/vejasp.abril.com.br\/cultura-lazer\/grupos-bordado-60-longevidade\/\">Grupos de bordado viram espa\u00e7o de socializa\u00e7\u00e3o para p\u00fablico 60+ e trazem benef\u00edcios para a sa\u00fade<\/a><\/span><span class=\"widget-news-item-date\">26 ago 2025 &#8211; 16h08<\/span><\/div>\n<\/li>\n<\/ul>\n<\/div>\n<\/div>\n<p><span>Al\u00e9m da campanha, a EcoRodovias e suas concession\u00e1rias t\u00eam um protocolo interno de resposta ao ass\u00e9dio, que orienta colaboradores e lideran\u00e7as sobre procedimentos em casos de den\u00fancia: desde o acolhimento da v\u00edtima, passando pelo suporte psicol\u00f3gico, at\u00e9 os encaminhamentos formais e jur\u00eddicos, quando necess\u00e1rio.<\/span><\/p>\n<p><span>\u201cEste movimento demonstra a for\u00e7a e a uni\u00e3o do nosso setor em torno de uma causa que vai muito al\u00e9m da opera\u00e7\u00e3o rodovi\u00e1ria. Nosso objetivo \u00e9 que cada quil\u00f4metro administrado pelas concession\u00e1rias seja sin\u00f4nimo de seguran\u00e7a e respeito, um espa\u00e7o onde o ass\u00e9dio simplesmente n\u00e3o tenha vez\u201d, destaca\u00a0Marco Aur\u00e9lio Barcelos, diretor-presidente da ABCR.<\/span><\/p>\n<div class=\"ads post-ads noreadme-audima\">\n    <span class=\"title\">Continua ap\u00f3s a publicidade<\/span><\/p>\n<div class=\"abrAD\" data-format=\"intext\"><\/div>\n<\/div>\n<p><span>\u00a0<\/span><\/p>\n<div class=\"box-app-phone-share noreadme-audima\">\n<div class=\"title-phone-share\">Compartilhe essa mat\u00e9ria via:<\/div>\n<div class=\"buttoms-phone-share\">\n\t\t<a class=\"whatsapp\" id=\"whatsappShare\" rel=\"nofollow\" aria-label=\"Compartilhe no Whatsapp\" target=\"_blank\" href=\"https:\/\/api.whatsapp.com\/send?text=https:\/\/vejasp.abril.com.br\/cidades\/campanha-assedio-rodovias\/?utm_medium=whatsapp&amp;utm_source=shortcode_vejinhas\"><span>WhatsAPP<\/span><\/a><br \/>\n\t\t<a class=\"telegram\" id=\"telegramShare\" rel=\"nofollow\" aria-label=\"Compartilhe no Telegram\" target=\"_blank\" href=\"https:\/\/telegram.me\/share\/url?url=https:\/\/vejasp.abril.com.br\/cidades\/campanha-assedio-rodovias\/?utm_medium=telegram&amp;utm_source=shortcode_vejinhas\"><span>Telegram<\/span><\/a>\n\t\t<\/div>\n<\/p><\/div>\n<div class=\"ads after-text noreadme-audima\">\n    <span class=\"title\">Publicidade<\/span><\/p>\n<div class=\"abrAD\" data-format=\"aftertext\" data-mapping=\"intext\"><\/div>\n<\/div>\n<p><br \/>\n<br \/><a href=\"https:\/\/vejasp.abril.com.br\/cidades\/campanha-assedio-rodovias\/\">Fonte do Artigo <\/a><br \/>\nTags:<br \/>\n#loterias #loteriascaixa #megasena #resultadoapostas#noticias #noticiario  #noticia #brasil #noticiascolombia #mundo #esporte #colombia #noticiadeld #ltimasnoticias  #noticiario #noticiasregionales #noticiasdepartamentales #noticiashoy #esportes #noticiaahora #elinformantenoticias #noticiasdeboyac  #esporteinterativo #esportivo #diariodosesportes  #noticiero  #jogodefutebol #jogos #loto #apostas<\/p>\n","protected":false},"excerpt":{"rendered":"<p>Novas concession\u00e1rias de rodovias de juntaram \u00e0 campanha \u201cAss\u00e9dio, Pare!\u201d, que combate o ass\u00e9dio nas vias desde 2021, nesta quarta-feira (27), com a ades\u00e3o da Associa\u00e7\u00e3o Brasileira de Concession\u00e1rias de Rodovias (ABCR) e suas associadas. A iniciativa, lan\u00e7ada pela EcoRodovias, tem o objetivo de coibir ass\u00e9dio sexual, moral, inj\u00faria e agress\u00f5es contra operadores de ped\u00e1gio [&hellip;]<\/p>\n","protected":false},"author":1,"featured_media":92348,"comment_status":"open","ping_status":"open","sticky":false,"template":"","format":"standard","meta":{"footnotes":""},"categories":[1],"tags":[],"class_list":["post-96770","post","type-post","status-publish","format-standard","has-post-thumbnail","hentry","category-curso-de-copy"],"_links":{"self":[{"href":"https:\/\/wiy.com.br\/noticias\/wp-json\/wp\/v2\/posts\/96770","targetHints":{"allow":["GET"]}}],"collection":[{"href":"https:\/\/wiy.com.br\/noticias\/wp-json\/wp\/v2\/posts"}],"about":[{"href":"https:\/\/wiy.com.br\/noticias\/wp-json\/wp\/v2\/types\/post"}],"author":[{"embeddable":true,"href":"https:\/\/wiy.com.br\/noticias\/wp-json\/wp\/v2\/users\/1"}],"replies":[{"embeddable":true,"href":"https:\/\/wiy.com.br\/noticias\/wp-json\/wp\/v2\/comments?post=96770"}],"version-history":[{"count":0,"href":"https:\/\/wiy.com.br\/noticias\/wp-json\/wp\/v2\/posts\/96770\/revisions"}],"wp:featuredmedia":[{"embeddable":true,"href":"https:\/\/wiy.com.br\/noticias\/wp-json\/wp\/v2\/media\/92348"}],"wp:attachment":[{"href":"https:\/\/wiy.com.br\/noticias\/wp-json\/wp\/v2\/media?parent=96770"}],"wp:term":[{"taxonomy":"category","embeddable":true,"href":"https:\/\/wiy.com.br\/noticias\/wp-json\/wp\/v2\/categories?post=96770"},{"taxonomy":"post_tag","embeddable":true,"href":"https:\/\/wiy.com.br\/noticias\/wp-json\/wp\/v2\/tags?post=96770"}],"curies":[{"name":"wp","href":"https:\/\/api.w.org\/{rel}","templated":true}]}}