{"id":96491,"date":"2025-08-23T21:53:10","date_gmt":"2025-08-24T00:53:10","guid":{"rendered":"https:\/\/wiy.com.br\/noticias\/vitamina-c-e-um-antioxidante-mas-o-que-seria-um-antioxidante\/"},"modified":"2025-08-23T21:53:25","modified_gmt":"2025-08-24T00:53:25","slug":"vitamina-c-e-um-antioxidante-mas-o-que-seria-um-antioxidante","status":"publish","type":"post","link":"https:\/\/wiy.com.br\/noticias\/vitamina-c-e-um-antioxidante-mas-o-que-seria-um-antioxidante\/","title":{"rendered":"Vitamina C \u00e9 um antioxidante\u2026 mas o que seria um antioxidante?"},"content":{"rendered":"<p> <br \/>\n<\/p>\n<p>Nas prateleiras e nos r\u00f3tulos, n\u00e3o incomum se deparar com express\u00f5es como &#8220;Cont\u00e9m vitamina C e antioxidantes&#8221; como uma promessa de prote\u00e7\u00e3o, mas o que isso realmente significa no corpo ainda soa nebuloso para muita gente. <\/p>\n<p>Entre sucos, c\u00e1psulas e conselhos r\u00e1pidos, a palavra antioxidante virou lugar-comum, embora pouca gente saiba de onde ela vem e por que ganhou tanta import\u00e2ncia na conversa sobre sa\u00fade. <\/p>\n<p>Antes de aceitar a palavra da moda, vale entender do que estamos falando, qual a l\u00f3gica por tr\u00e1s dela e por que a vitamina C entrou nessa hist\u00f3ria.<\/p>\n<h2 class=\"wp-block-heading\" id=\"h-o-que-sao-os-antioxidantes-e-para-que-servem\">O que s\u00e3o os antioxidantes e para que servem?<\/h2>\n<div class=\"wp-block-image\">\n<figure class=\"aligncenter size-large\"><figcaption class=\"wp-element-caption\">(Imagem: Mixa74\/Shutterstock)<\/figcaption><\/figure>\n<\/div>\n<p>Antioxidantes s\u00e3o subst\u00e2ncias que ajudam o corpo a manter o equil\u00edbrio qu\u00edmico diante de mol\u00e9culas muito reativas chamadas radicais livres. Em pequenas doses, esses radicais funcionam como sinais \u00fateis que orientam reparos, defesas e adapta\u00e7\u00f5es. <\/p>\n<p>Quando passam da medida, provocam estresse oxidativo e come\u00e7am a desgastar lip\u00eddios, prote\u00ednas e o DNA. \u00c9 nesse ponto que o arsenal de defesa entra em a\u00e7\u00e3o para reduzir a reatividade excessiva e devolver estabilidade. Entre esses agentes se destaca a vitamina C antioxidante, conhecida por atuar de forma ampla nos fluidos do organismo.<\/p>\n<p>Uma forma simples de entender esse jogo de for\u00e7as \u00e9 pensar no corpo como uma cidade que nunca dorme. As usinas que geram energia seriam as mitoc\u00f4ndrias. <\/p>\n<p>No ritmo constante de produ\u00e7\u00e3o, surgem fa\u00edscas que iluminam sensores e avisam quando algo precisa de manuten\u00e7\u00e3o. Essas fa\u00edscas s\u00e3o os radicais livres. Em volume controlado, atuam como sinalizadores que colocam equipes em movimento para refor\u00e7ar ruas, revisar pontes microsc\u00f3picas e inspecionar cabos de comunica\u00e7\u00e3o celular. Em excesso, come\u00e7am a queimar fia\u00e7\u00e3o, oxidar tubula\u00e7\u00f5es e fragilizar estruturas que sustentam os bairros do corpo.<\/p>\n<div class=\"wp-block-image\">\n<figure class=\"aligncenter size-full\"><img title = \"[Tags]\"loading=\"lazy\" decoding=\"async\" width=\"1020\" height=\"574\" src=\"https:\/\/olhardigital.com.br\/wp-content\/uploads\/2024\/02\/metro-de-londres-construcao.png\"alt = \"metro-de-londres-construcao Vitamina C \u00e9 um antioxidante\u2026 mas o que seria um antioxidante?\" class=\"wp-image-714381\" \/><figcaption class=\"wp-element-caption\">Uma cidade precisa de infra-estrutura para funcionar bem. Cr\u00e9dito: London Transport Museum<\/figcaption><\/figure>\n<\/div>\n<p>Nesse cen\u00e1rio, os antioxidantes operam como brigadas de bombeiros e equipes de manuten\u00e7\u00e3o que apagam focos, removem entulho qu\u00edmico e estabilizam a rede. Eles doam el\u00e9trons, reciclam protetores j\u00e1 usados e colaboram com enzimas internas para que a cidade biol\u00f3gica continue funcional. <\/p>\n<p>O objetivo n\u00e3o \u00e9 silenciar todos os alarmes. O objetivo \u00e9 impedir que uma fagulha \u00fatil vire inc\u00eandio que se espalha por quarteir\u00f5es. Quando a balan\u00e7a pende para o excesso de fa\u00edscas, sintomas de desgaste se acumulam e a cidade perde efici\u00eancia.<\/p>\n<p>A vitamina C \u00e9 especial a porque circula por muitas vias ao mesmo tempo. Neutraliza radicais livres diretamente, regenera outros protetores que j\u00e1 atuaram e participa da produ\u00e7\u00e3o de col\u00e1geno, que \u00e9 o concreto das pontes e ruas microsc\u00f3picas. Ao manter esse concreto em bom estado, reduz fissuras que facilitariam novas infiltra\u00e7\u00f5es qu\u00edmicas. <\/p>\n<p>Tamb\u00e9m apoia enzimas que funcionam melhor em ambiente est\u00e1vel, o que melhora a coordena\u00e7\u00e3o entre servi\u00e7os dessa cidade interna. Quando a alimenta\u00e7\u00e3o entrega vitamina C com regularidade, a central de manuten\u00e7\u00e3o opera com mais previsibilidade e menos ru\u00eddo.<\/p>\n<h3 class=\"wp-block-heading\" id=\"h-como-funciona-a-cidade-do-corpo\">Como funciona a cidade do corpo<\/h3>\n<div class=\"wp-block-image\">\n<figure class=\"aligncenter size-large\"><img title = \"[Tags]\"loading=\"lazy\" decoding=\"async\" width=\"1024\" height=\"1024\" src=\"https:\/\/olhardigital.com.br\/wp-content\/uploads\/2024\/04\/shutterstock_2178113805-1-1024x1024.jpg\"alt = \"metro-de-londres-construcao Vitamina C \u00e9 um antioxidante\u2026 mas o que seria um antioxidante?\" class=\"wp-image-847045\" style=\"aspect-ratio:16\/9;object-fit:cover\" \/><figcaption class=\"wp-element-caption\">Imagem: Coco Ocky\/Shutterstock<\/figcaption><\/figure>\n<\/div>\n<p>Oxidantes n\u00e3o s\u00e3o vil\u00f5es por defini\u00e7\u00e3o. Eles comp\u00f5em a vigil\u00e2ncia desta cidade. O sistema imune usa radicais para neutralizar invasores, como se mobilizasse brigadas especiais para conter amea\u00e7as. <\/p>\n<p>O exerc\u00edcio f\u00edsico eleva temporariamente esses sinais e ensina a metr\u00f3pole a responder melhor, refor\u00e7ando vias de circula\u00e7\u00e3o, ampliando a rede de capilares e ajustando sem\u00e1foros metab\u00f3licos. Em propor\u00e7\u00e3o adequada, o resultado \u00e9 uma cidade mais robusta. <\/p>\n<p>O problema aparece quando o tr\u00e2nsito de sinais fica ca\u00f3tico e as sirenes n\u00e3o se calam, algo que acontece com dieta pobre em alimentos naturais, polui\u00e7\u00e3o, noites mal dormidas e estresse cont\u00ednuo.<\/p>\n<p>A rede antioxidante \u00e9 ampla e funciona por coopera\u00e7\u00e3o. Al\u00e9m da vitamina C em \u00e1reas aquosas, a vitamina E protege regi\u00f5es ricas em gordura e compostos vegetais coloridos trazem refor\u00e7os em v\u00e1rios setores. O pr\u00f3prio corpo fabrica protetores internos, como glutati\u00e3o e enzimas que desmontam part\u00edculas reativas. <\/p>\n<p>Em linguagem da cidade, h\u00e1 bombeiros, varredores, patrulhas de tr\u00e2nsito e engenharia de estruturas. Quando um grupo atrasa, outro cobre o trecho para evitar que o problema se espalhe. Essa sobreposi\u00e7\u00e3o explica por que a diversidade no prato cria mais seguran\u00e7a do que solu\u00e7\u00f5es isoladas.<\/p>\n<p><strong>Leia mais<\/strong><\/p>\n<ul>\n<li>Estudo relaciona fruta brasileira ao controle de v\u00e1rias doen\u00e7as<\/li>\n<li>Doen\u00e7as que voc\u00ea nem imagina podem come\u00e7ar pela sua boca<\/li>\n<li>IA: nova tecnologia identifica doen\u00e7as com quase 100% de precis\u00e3o<\/li>\n<\/ul>\n<p>A alimenta\u00e7\u00e3o \u00e9 a principal forma de abastecer essa rede com pe\u00e7as confi\u00e1veis. Frutas c\u00edtricas, frutas vermelhas, piment\u00e3o, br\u00f3colis e folhas escuras entregam vitamina C junto com fibras e bioativos que trabalham em conjunto. <\/p>\n<p>Essa sinergia \u00e9 uma caracter\u00edstica de alimentos in natura e n\u00e3o se replica com perfei\u00e7\u00e3o em c\u00e1psulas. Suplementos podem ter lugar em situa\u00e7\u00f5es espec\u00edficas sob orienta\u00e7\u00e3o profissional, mas o corpo responde melhor a padr\u00f5es consistentes do que a picos ocasionais. Em termos da cidade, contratos est\u00e1veis com bons fornecedores funcionam melhor do que caminh\u00f5es eventuais sem hora marcada.<\/p>\n<p>\u00c9 importante entender algo: um corpo saud\u00e1vel n\u00e3o significa um corpo sem oxidantes, tudo o que seu organismo produz, mesmo como subproduto \u00e9 algo necess\u00e1rio para o seu funcionamento. Sendo assim, zerar os oxidantes n\u00e3o \u00e9 uma ideia inteligente. <\/p>\n<p>Cidades saud\u00e1veis fazem testes controlados para refor\u00e7ar estruturas. Corpos tamb\u00e9m. O manejo mais s\u00f3lido combina sono regular, movimento compat\u00edvel com a realidade de cada pessoa, manejo do estresse e um prato variado. <\/p>\n<p>Antioxidantes entram para ampliar a margem de seguran\u00e7a. Quando tudo est\u00e1 coordenado, as fa\u00edscas continuam existindo, mas s\u00e3o contidas rapidamente e transformadas em informa\u00e7\u00e3o \u00fatil para reformas e melhorias.<\/p>\n<p><em>Com informa\u00e7\u00f5es de <a href=\"https:\/\/www.health.harvard.edu\/staying-healthy\/understanding-antioxidants\" target=\"_blank\" rel=\"noreferrer noopener\">Harvard Health<\/a><\/em>.<\/p>\n<p>O post Vitamina C \u00e9 um antioxidante&#8230; mas o que seria um antioxidante? apareceu primeiro em Olhar Digital.<\/p>\n<p><br \/>\n<br \/><a href=\"https:\/\/olhardigital.com.br\/2025\/08\/23\/medicina-e-saude\/vitamina-c-e-um-antioxidante-mas-o-que-seria-um-antioxidante\/\">Fonte do Artigo <\/a><br \/>\nTags:<\/p>\n<p><a title=\"Gestor de Tr\u00e1fego\" href=\"https:\/\/www.gestor-de-trafego.com\/\" target=\"_blank\"><strong>Gestor de Tr\u00e1fego<\/strong><\/a><\/p>\n<p><a href=\"https:\/\/wiy.com.br\/noticias\/categoria\/tecnologia\/\">#tecnologia<\/a> <a href=\"https:\/\/wiy.com.br\/noticias\/categoria\/tecnologia\/\">#tecnologias<\/a> <a href=\"https:\/\/wiy.com.br\/noticias\/categoria\/tecnologia\/\">#technology<\/a> <a href=\"https:\/\/wiy.com.br\/noticias\/categoria\/tecnologia\/\">#tecnolog<\/a> <a href=\"https:\/\/wiy.com.br\/noticias\/categoria\/tecnologia\/\">#iphone<\/a> <a href=\"https:\/\/wiy.com.br\/noticias\/categoria\/tecnologia\/\">#informatica<\/a> <a href=\"https:\/\/wiy.com.br\/noticias\/categoria\/tecnologia\/\">#tech<\/a> <a href=\"https:\/\/wiy.com.br\/noticias\/categoria\/tecnologia\/\">#design<\/a> <a href=\"https:\/\/wiy.com.br\/noticias\/categoria\/tecnologia\/\">#samsung<\/a> <a href=\"https:\/\/wiy.com.br\/noticias\/categoria\/tecnologia\/\">#internet<\/a> <a href=\"https:\/\/wiy.com.br\/noticias\/categoria\/tecnologia\/\">#apple<\/a> <a href=\"https:\/\/wiy.com.br\/noticias\/categoria\/tecnologia\/\">#smartphone<\/a> <a href=\"https:\/\/wiy.com.br\/noticias\/categoria\/tecnologia\/\">#seguranca<\/a> <a href=\"https:\/\/wiy.com.br\/noticias\/categoria\/tecnologia\/\">#venezuela<\/a> <a href=\"https:\/\/wiy.com.br\/noticias\/categoria\/tecnologia\/\">#celular<\/a> <a href=\"https:\/\/wiy.com.br\/noticias\/categoria\/tecnologia\/\">#celulares<\/a> <a href=\"https:\/\/wiy.com.br\/noticias\/categoria\/tecnologia\/\">#inovar<\/a> <a href=\"https:\/\/wiy.com.br\/noticias\/categoria\/tecnologia\/\">#qualidade<\/a> <a href=\"https:\/\/wiy.com.br\/noticias\/categoria\/tecnologia\/\">#software<\/a> <a href=\"https:\/\/wiy.com.br\/noticias\/categoria\/tecnologia\/\">#empresas<\/a> <a href=\"https:\/\/wiy.com.br\/noticias\/categoria\/tecnologia\/\">#cursos<\/a> <a href=\"https:\/\/wiy.com.br\/noticias\/categoria\/tecnologia\/\">#engenharia<\/a> <a href=\"https:\/\/wiy.com.br\/noticias\/categoria\/tecnologia\/\">#industria<\/a> <a href=\"https:\/\/wiy.com.br\/noticias\/categoria\/tecnologia\/\">#marketing<\/a> <a href=\"https:\/\/wiy.com.br\/noticias\/categoria\/tecnologia\/\">#ti<\/a> <a href=\"https:\/\/wiy.com.br\/noticias\/categoria\/tecnologia\/\">#tecnoblog<\/a> <a href=\"https:\/\/wiy.com.br\/noticias\/categoria\/tecnologia\/\">#veja<\/a> <a href=\"https:\/\/wiy.com.br\/noticias\/categoria\/tecnologia\/\">#olhardigital<\/a> <a href=\"https:\/\/wiy.com.br\/noticias\/categoria\/tecnologia\/\">#mundodigital<\/a> <a href=\"https:\/\/wiy.com.br\/noticias\/categoria\/tecnologia\/\">#inteligenciaartificial<\/a> <a href=\"https:\/\/wiy.com.br\/criacao-de-sites\/\">#criar site<\/a> <a href=\"https:\/\/wiy.com.br\/criacao-de-sites\/\">#criar site curitiba<\/a> <a href=\"https:\/\/wiy.com.br\/criacao-de-sites\/\">#wiysolutions<\/a><\/p>\n<p><a \n#Vitamina #antioxidante #mas #seria #antioxidante\n<\/p>\n","protected":false},"excerpt":{"rendered":"<p>Nas prateleiras e nos r\u00f3tulos, n\u00e3o incomum se deparar com express\u00f5es como &#8220;Cont\u00e9m vitamina C e antioxidantes&#8221; como uma promessa de prote\u00e7\u00e3o, mas o que isso realmente significa no corpo ainda soa nebuloso para muita gente. Entre sucos, c\u00e1psulas e conselhos r\u00e1pidos, a palavra antioxidante virou lugar-comum, embora pouca gente saiba de onde ela vem [&hellip;]<\/p>\n","protected":false},"author":1,"featured_media":96492,"comment_status":"open","ping_status":"open","sticky":false,"template":"","format":"standard","meta":{"footnotes":""},"categories":[5],"tags":[],"class_list":["post-96491","post","type-post","status-publish","format-standard","has-post-thumbnail","hentry","category-tecnologia"],"_links":{"self":[{"href":"https:\/\/wiy.com.br\/noticias\/wp-json\/wp\/v2\/posts\/96491","targetHints":{"allow":["GET"]}}],"collection":[{"href":"https:\/\/wiy.com.br\/noticias\/wp-json\/wp\/v2\/posts"}],"about":[{"href":"https:\/\/wiy.com.br\/noticias\/wp-json\/wp\/v2\/types\/post"}],"author":[{"embeddable":true,"href":"https:\/\/wiy.com.br\/noticias\/wp-json\/wp\/v2\/users\/1"}],"replies":[{"embeddable":true,"href":"https:\/\/wiy.com.br\/noticias\/wp-json\/wp\/v2\/comments?post=96491"}],"version-history":[{"count":1,"href":"https:\/\/wiy.com.br\/noticias\/wp-json\/wp\/v2\/posts\/96491\/revisions"}],"predecessor-version":[{"id":96493,"href":"https:\/\/wiy.com.br\/noticias\/wp-json\/wp\/v2\/posts\/96491\/revisions\/96493"}],"wp:featuredmedia":[{"embeddable":true,"href":"https:\/\/wiy.com.br\/noticias\/wp-json\/wp\/v2\/media\/96492"}],"wp:attachment":[{"href":"https:\/\/wiy.com.br\/noticias\/wp-json\/wp\/v2\/media?parent=96491"}],"wp:term":[{"taxonomy":"category","embeddable":true,"href":"https:\/\/wiy.com.br\/noticias\/wp-json\/wp\/v2\/categories?post=96491"},{"taxonomy":"post_tag","embeddable":true,"href":"https:\/\/wiy.com.br\/noticias\/wp-json\/wp\/v2\/tags?post=96491"}],"curies":[{"name":"wp","href":"https:\/\/api.w.org\/{rel}","templated":true}]}}