{"id":96338,"date":"2025-08-21T15:51:33","date_gmt":"2025-08-21T18:51:33","guid":{"rendered":"https:\/\/wiy.com.br\/noticias\/entenda-a-controversia-em-torno-da-futura-estacao-teodoro-sampaio-da-linha-20-rosa\/"},"modified":"2025-08-21T15:51:33","modified_gmt":"2025-08-21T18:51:33","slug":"entenda-a-controversia-em-torno-da-futura-estacao-teodoro-sampaio-da-linha-20-rosa","status":"publish","type":"post","link":"https:\/\/wiy.com.br\/noticias\/entenda-a-controversia-em-torno-da-futura-estacao-teodoro-sampaio-da-linha-20-rosa\/","title":{"rendered":"Entenda a controv\u00e9rsia em torno da futura esta\u00e7\u00e3o Teodoro Sampaio, da Linha 20-Rosa"},"content":{"rendered":"<p> <br \/>\n<\/p>\n<p>Ainda na fase de projeto b\u00e1sico, a <strong>Linha 20-Rosa do Metr\u00f4<\/strong> visa conectar Santo Andr\u00e9 e S\u00e3o Bernardo do Campo, no ABC Paulista, \u00e0 Avenida Santa Marina, na Zona Oeste da capital. Seu tra\u00e7ado, cujo modelo referencial prev\u00ea liga\u00e7\u00f5es com a Linha 4-Amarela e as futuras <strong>22-Marrom<\/strong> e <strong>6-Laranja<\/strong>, \u00e9 alvo de debates entre associa\u00e7\u00f5es de moradores na regi\u00e3o de Pinheiros. Residente de uma pequena vila localizada na Rua Doutor Virg\u00edlio de Carvalho Pinto, o psic\u00f3logo Marcos Pedott ficou animado quando soube da cria\u00e7\u00e3o da nova linha. O entusiasmo, por\u00e9m, deu lugar \u00e0 surpresa quando, no come\u00e7o de maio, vizinhos come\u00e7aram a receber notifica\u00e7\u00f5es de advogados sobre a desapropria\u00e7\u00e3o para a constru\u00e7\u00e3o da futura esta\u00e7\u00e3o Teodoro Sampaio, no cruzamento entre a rua hom\u00f4nima e a Doutor Virg\u00edlio de Carvalho Pinto.<\/p>\n<div id=\"relacionadas\" class=\"block noreadme-audima three_columns\">\n<ul class=\"block-menu\">\n<li data-tab=\"tab-1\" class=\"active\">Relacionadas<\/li>\n<\/ul>\n<div id=\"tab-1\" class=\"block-content active\">\n<ul class=\"relacionadas-s-img\">\n<li class=\"widget-news-item without-thumb with-border\">\n<div class=\"widget-news-info\"><a href=\"\/cultura-lazer\">Cultura &amp; Lazer<\/a><span class=\"widget-news-item-title\"><a href=\"https:\/\/vejasp.abril.com.br\/cultura-lazer\/guia-dos-curiosos-30-anos-marcelo-duarte\/\">A mente inquieta por tr\u00e1s de &#8220;O Guia dos Curiosos&#8221;, que completa trinta anos<\/a><\/span><span class=\"widget-news-item-date\">21 ago 2025 &#8211; 11h08<\/span><\/div>\n<\/li>\n<li class=\"widget-news-item without-thumb with-border\">\n<div class=\"widget-news-info\"><a href=\"\/cultura-lazer\">Cultura &amp; Lazer<\/a><span class=\"widget-news-item-title\"><a href=\"https:\/\/vejasp.abril.com.br\/cultura-lazer\/milagreirosdesp\/\">Quem s\u00e3o os santos populares de S\u00e3o Paulo?<\/a><\/span><span class=\"widget-news-item-date\">14 ago 2025 &#8211; 14h08<\/span><\/div>\n<\/li>\n<li class=\"widget-news-item without-thumb with-border\">\n<div class=\"widget-news-info\"><a href=\"\/cidades\">Cidades<\/a><span class=\"widget-news-item-title\"><a href=\"https:\/\/vejasp.abril.com.br\/cidades\/entenda-o-projeto-de-lei-preve-criacao-de-times-square-paulistana-no-centro\/\">Entenda o projeto de lei que permite cria\u00e7\u00e3o de \u201cTimes Square paulistana\u201d<\/a><\/span><span class=\"widget-news-item-date\">8 ago 2025 &#8211; 08h08<\/span><\/div>\n<\/li>\n<\/ul>\n<\/div>\n<\/div>\n<p>Ponto de liga\u00e7\u00e3o das linhas 20-Rosa e 22-Marrom, estava prevista no tra\u00e7ado de refer\u00eancia para a Avenida Faria Lima. \u201cQuando recebi a notifica\u00e7\u00e3o, estudei a linha e encontrei esta\u00e7\u00f5es, principalmente na regi\u00e3o central, que talvez por interesses do mercado imobili\u00e1rio est\u00e3o mal posicionadas. Na Teodoro, por exemplo, me parece um fluxo muito pequeno. Como usu\u00e1rio do metr\u00f4, achei horr\u00edvel. E logo em uma linha cujo objetivo parecia ser bem claro: levar as pessoas das periferias para os empregos\u201d, conta o psic\u00f3logo. A partir da\u00ed, come\u00e7ou uma mobiliza\u00e7\u00e3o dos moradores da vila, junto de outras entidades da \u00e1rea, para a preserva\u00e7\u00e3o do local.<\/p>\n<div class=\"noreadme-audima ads video-ads\">\n<div class=\"abrAD\" data-format=\"intext_video\"><\/div>\n<\/div>\n<p>Os trabalhos renderam frutos e a sorte esteve ao lado deles. Isso porque, em fase de revis\u00e3o t\u00e9cnica do anteprojeto, na qual s\u00e3o avaliados reposicionamentos de esta\u00e7\u00f5es e as \u00e1reas previstas para desapropria\u00e7\u00e3o, foi definido, em julho, que a <strong>esta\u00e7\u00e3o Teodoro Sampaio<\/strong> ser\u00e1 deslocada para a Cardeal Arcoverde. De acordo com o Metr\u00f4, a nova localiza\u00e7\u00e3o otimiza a transfer\u00eancia entre as linhas Rosa e Marrom, evitando que os passageiros percorram um longo t\u00fanel, al\u00e9m de permitir uma conex\u00e3o com a Linha 4-Amarela, na Fradique Coutinho.<\/p>\n<p>Essa altera\u00e7\u00e3o implica mudan\u00e7as profundas no tra\u00e7ado, j\u00e1 que, inicialmente, a baldea\u00e7\u00e3o seria na <strong>esta\u00e7\u00e3o Faria Lima<\/strong>, localizada em uma das mais movimentadas avenidas da cidade. Se por um lado a mudan\u00e7a traz al\u00edvio aos moradores da vila, que tiveram suas casas salvas da desapropria\u00e7\u00e3o, por outro reduz de cinco para tr\u00eas as esta\u00e7\u00f5es na <strong>Avenida Faria Lima<\/strong>, o que provocou questionamentos sobre a efic\u00e1cia da linha.<\/p>\n<figure><img title = \"[Tags]\"decoding=\"async\"alt = \"Screenshot-2025-08-19-at-15.58.16.png Entenda a controv\u00e9rsia em torno da futura esta\u00e7\u00e3o Teodoro Sampaio, da Linha 20-Rosa\" src=\"https:\/\/vejasp.abril.com.br\/wp-content\/uploads\/2025\/08\/Screenshot-2025-08-19-at-15.58.16.png.jpg\" \/><figcaption>Ao lado, comparativo entre o tra\u00e7ado anterior (rosa) e o atual (verde)<span class=\"copyright\">Urucuia Mobilidade\/Divulga\u00e7\u00e3o<\/span><\/figcaption><\/figure>\n<div class=\"ads post-ads noreadme-audima\">\n    <span class=\"title\">Continua ap\u00f3s a publicidade<\/span><\/p>\n<div class=\"abrAD\" data-format=\"intext\"><\/div>\n<\/div>\n<p>\u201cAntes voc\u00ea tinha uma esta\u00e7\u00e3o na Avenida Pedroso de Morais, a integra\u00e7\u00e3o da Teodoro Sampaio com a Faria Lima e outra na Avenida Rebou\u00e7as. Esta \u00e9 uma \u00e1rea que atenderia a muitos usu\u00e1rios. Mas agora colocam em um trecho que tem lojas de m\u00f3veis, que fecham \u00e0s 17h, e um cemit\u00e9rio\u201d, compartilha Fernando Sampaio, presidente da<strong> AME Jardins<\/strong>, uma das dezessete associa\u00e7\u00f5es de moradores e prote\u00e7\u00e3o do patrim\u00f4nio que assinaram uma carta de apoio para manter o desenho original, com as cinco paradas e baldea\u00e7\u00e3o na Faria Lima.<\/p>\n<figure><img title = \"[Tags]\"decoding=\"async\"alt = \"Screenshot-2025-08-19-at-15.58.16.png Entenda a controv\u00e9rsia em torno da futura esta\u00e7\u00e3o Teodoro Sampaio, da Linha 20-Rosa\" src=\"https:\/\/vejasp.abril.com.br\/wp-content\/uploads\/2025\/08\/IMG_9247.JPEG.jpg\" \/><figcaption>Fernando Sampaio, da AME Jardins: contesta\u00e7\u00e3o sobre efic\u00e1cia<span class=\"copyright\">Pedro Ekstein\/Divulga\u00e7\u00e3o<\/span><\/figcaption><\/figure>\n<p>No documento, as entidades apontam que a Fradique Coutinho n\u00e3o possui condi\u00e7\u00f5es estruturais para funcionar como integra\u00e7\u00e3o. \u201cN\u00e3o h\u00e1 mezanino, \u00e1reas de distribui\u00e7\u00e3o interna ou plataformas adequadas para absorver o fluxo previsto da Linha 20-Rosa. Essa solu\u00e7\u00e3o compromete tanto a efici\u00eancia operacional quanto a experi\u00eancia dos passageiros\u201d, enfatizam.<\/p>\n<div class=\"ads post-ads noreadme-audima\">\n    <span class=\"title\">Continua ap\u00f3s a publicidade<\/span><\/p>\n<div class=\"abrAD\" data-format=\"intext\"><\/div>\n<\/div>\n<p>Um estudo t\u00e9cnico encomendado \u00e0 <strong>Urucuia Mobilidade Urbana<\/strong> apontou vantagem do plano anterior em rela\u00e7\u00e3o ao atual quanto ao acesso a empregos (seriam 16 292 trabalhadores a mais beneficiados) e escolas (446 crian\u00e7as a mais matriculadas na regi\u00e3o). J\u00e1 o Metr\u00f4 afirma que a integra\u00e7\u00e3o da Linha 20-Rosa na Faria Lima possui restri\u00e7\u00f5es \u201cgeol\u00f3gicas, limita\u00e7\u00f5es de geometria do tra\u00e7ado e a intensa verticaliza\u00e7\u00e3o das quadras vizinhas\u201d.<\/p>\n<p>Ciclista, Marcos Pedott torce pela escolha que melhor contribua para a integra\u00e7\u00e3o do metr\u00f4 com outros modais urbanos. \u201cA proposta n\u00e3o \u00e9 um discurso conservador, mas sim que a qualidade de vida das pessoas entre no planejamento urbano\u201d, defende.<\/p>\n<p><strong>Publicado em VEJA S\u00e3o Paulo de 22 de agosto de 2025, edi\u00e7\u00e3o n\u00ba 2958<\/strong><\/p>\n<div class=\"box-app-phone-share noreadme-audima\">\n<div class=\"title-phone-share\">Compartilhe essa mat\u00e9ria via:<\/div>\n<div class=\"buttoms-phone-share\">\n\t\t<a class=\"whatsapp\" id=\"whatsappShare\" rel=\"nofollow\" aria-label=\"Compartilhe no Whatsapp\" target=\"_blank\" href=\"https:\/\/api.whatsapp.com\/send?text=https:\/\/vejasp.abril.com.br\/cidades\/entenda-a-controversia-em-torno-da-futura-estacao-teodoro-sampaio-da-linha-20-rosa\/?utm_medium=whatsapp&amp;utm_source=shortcode_vejinhas\"><span>WhatsAPP<\/span><\/a><br \/>\n\t\t<a class=\"telegram\" id=\"telegramShare\" rel=\"nofollow\" aria-label=\"Compartilhe no Telegram\" target=\"_blank\" href=\"https:\/\/telegram.me\/share\/url?url=https:\/\/vejasp.abril.com.br\/cidades\/entenda-a-controversia-em-torno-da-futura-estacao-teodoro-sampaio-da-linha-20-rosa\/?utm_medium=telegram&amp;utm_source=shortcode_vejinhas\"><span>Telegram<\/span><\/a>\n\t\t<\/div>\n<\/p><\/div>\n<div class=\"ads after-text noreadme-audima\">\n    <span class=\"title\">Publicidade<\/span><\/p>\n<div class=\"abrAD\" data-format=\"aftertext\" data-mapping=\"intext\"><\/div>\n<\/div>\n<p><br \/>\n<br \/><a href=\"https:\/\/vejasp.abril.com.br\/cidades\/entenda-a-controversia-em-torno-da-futura-estacao-teodoro-sampaio-da-linha-20-rosa\/\">Fonte do Artigo <\/a><br \/>\nTags:<br \/>\n#loterias #loteriascaixa #megasena #resultadoapostas#noticias #noticiario  #noticia #brasil #noticiascolombia #mundo #esporte #colombia #noticiadeld #ltimasnoticias  #noticiario #noticiasregionales #noticiasdepartamentales #noticiashoy #esportes #noticiaahora #elinformantenoticias #noticiasdeboyac  #esporteinterativo #esportivo #diariodosesportes  #noticiero  #jogodefutebol #jogos #loto #apostas<\/p>\n","protected":false},"excerpt":{"rendered":"<p>Ainda na fase de projeto b\u00e1sico, a Linha 20-Rosa do Metr\u00f4 visa conectar Santo Andr\u00e9 e S\u00e3o Bernardo do Campo, no ABC Paulista, \u00e0 Avenida Santa Marina, na Zona Oeste da capital. Seu tra\u00e7ado, cujo modelo referencial prev\u00ea liga\u00e7\u00f5es com a Linha 4-Amarela e as futuras 22-Marrom e 6-Laranja, \u00e9 alvo de debates entre associa\u00e7\u00f5es [&hellip;]<\/p>\n","protected":false},"author":1,"featured_media":96339,"comment_status":"open","ping_status":"open","sticky":false,"template":"","format":"standard","meta":{"footnotes":""},"categories":[1],"tags":[],"class_list":["post-96338","post","type-post","status-publish","format-standard","has-post-thumbnail","hentry","category-curso-de-copy"],"_links":{"self":[{"href":"https:\/\/wiy.com.br\/noticias\/wp-json\/wp\/v2\/posts\/96338","targetHints":{"allow":["GET"]}}],"collection":[{"href":"https:\/\/wiy.com.br\/noticias\/wp-json\/wp\/v2\/posts"}],"about":[{"href":"https:\/\/wiy.com.br\/noticias\/wp-json\/wp\/v2\/types\/post"}],"author":[{"embeddable":true,"href":"https:\/\/wiy.com.br\/noticias\/wp-json\/wp\/v2\/users\/1"}],"replies":[{"embeddable":true,"href":"https:\/\/wiy.com.br\/noticias\/wp-json\/wp\/v2\/comments?post=96338"}],"version-history":[{"count":0,"href":"https:\/\/wiy.com.br\/noticias\/wp-json\/wp\/v2\/posts\/96338\/revisions"}],"wp:featuredmedia":[{"embeddable":true,"href":"https:\/\/wiy.com.br\/noticias\/wp-json\/wp\/v2\/media\/96339"}],"wp:attachment":[{"href":"https:\/\/wiy.com.br\/noticias\/wp-json\/wp\/v2\/media?parent=96338"}],"wp:term":[{"taxonomy":"category","embeddable":true,"href":"https:\/\/wiy.com.br\/noticias\/wp-json\/wp\/v2\/categories?post=96338"},{"taxonomy":"post_tag","embeddable":true,"href":"https:\/\/wiy.com.br\/noticias\/wp-json\/wp\/v2\/tags?post=96338"}],"curies":[{"name":"wp","href":"https:\/\/api.w.org\/{rel}","templated":true}]}}