{"id":96109,"date":"2025-08-18T13:32:02","date_gmt":"2025-08-18T16:32:02","guid":{"rendered":"https:\/\/wiy.com.br\/noticias\/massa-de-ar-seco-eleva-temperaturas-durante-a-semana-em-sp\/"},"modified":"2025-08-18T13:32:02","modified_gmt":"2025-08-18T16:32:02","slug":"massa-de-ar-seco-eleva-temperaturas-durante-a-semana-em-sp","status":"publish","type":"post","link":"https:\/\/wiy.com.br\/noticias\/massa-de-ar-seco-eleva-temperaturas-durante-a-semana-em-sp\/","title":{"rendered":"Massa de ar seco eleva temperaturas durante a semana em SP"},"content":{"rendered":"<p> <br \/>\n<br \/><img title = \"[Tags]\"alt = \"sol-sp Massa de ar seco eleva temperaturas durante a semana em SP\"decoding=\"async\" src=\"https:\/\/vejasp.abril.com.br\/wp-content\/uploads\/2025\/02\/sol-sp.jpeg\" \/><\/p>\n<p>Uma massa de ar seco continua a elevar a <strong>temperatura<\/strong> nos pr\u00f3ximos dias em S\u00e3o Paulo. Al\u00e9m do sol predominar, n\u00e3o h\u00e1 previs\u00e3o de chuva forte durante a semana.<\/p>\n<p>De acordo com o <strong>Centro de Gerenciamento de Emerg\u00eancias Clim\u00e1ticas<\/strong> (CGE), \u00e9 preciso aten\u00e7\u00e3o com a redu\u00e7\u00e3o dos percentuais de umidade e a combina\u00e7\u00e3o de tempo seco e temperaturas mais altas facilita a propaga\u00e7\u00e3o de queimadas e aumenta a concentra\u00e7\u00e3o dos poluentes nos grandes centros urbanos.<\/p>\n<div class=\"noreadme-audima ads video-ads\">\n<div class=\"abrAD\" data-format=\"intext_video\"><\/div>\n<\/div>\n<div id=\"relacionadas\" class=\"block noreadme-audima three_columns\">\n<ul class=\"block-menu\">\n<li data-tab=\"tab-1\" class=\"active\">Relacionadas<\/li>\n<\/ul>\n<div id=\"tab-1\" class=\"block-content active\">\n<ul class=\"relacionadas-s-img\">\n<li class=\"widget-news-item without-thumb with-border\">\n<div class=\"widget-news-info\"><a href=\"\/cultura-lazer\">Cultura &amp; Lazer<\/a><span class=\"widget-news-item-title\"><a href=\"https:\/\/vejasp.abril.com.br\/cultura-lazer\/ultima-semana-exposicao-monet-masp\/\">Essa \u00e9 a \u00faltima semana para visitar a exposi\u00e7\u00e3o de Monet no Masp<\/a><\/span><span class=\"widget-news-item-date\">18 ago 2025 &#8211; 08h08<\/span><\/div>\n<\/li>\n<li class=\"widget-news-item without-thumb with-border\">\n<div class=\"widget-news-info\"><a href=\"\/cultura-lazer\">Cultura &amp; Lazer<\/a><span class=\"widget-news-item-title\"><a href=\"https:\/\/vejasp.abril.com.br\/cultura-lazer\/morador-da-periferia-de-sp-visita-museus-uma-vez-por-ano-diz-pesquisa\/\">Morador da periferia de SP visita museus uma vez por ano, diz pesquisa<\/a><\/span><span class=\"widget-news-item-date\">17 ago 2025 &#8211; 16h08<\/span><\/div>\n<\/li>\n<li class=\"widget-news-item without-thumb with-border\">\n<div class=\"widget-news-info\"><a href=\"\/cultura-lazer\">Cultura &amp; Lazer<\/a><span class=\"widget-news-item-title\"><a href=\"https:\/\/vejasp.abril.com.br\/cultura-lazer\/confira-9-roteiros-de-procissoes-no-rio-e-no-mar-no-estado-de-sp\/\">Confira 9 roteiros de prociss\u00f5es no rio e no mar no estado de SP<\/a><\/span><span class=\"widget-news-item-date\">17 ago 2025 &#8211; 13h08<\/span><\/div>\n<\/li>\n<\/ul>\n<\/div>\n<\/div>\n<p>Mesmo com a eleva\u00e7\u00e3o, a\u00a0<strong>Defesa Civil Municipal<\/strong> decretou nesta segunda-feira (18) o retorno ao estado de observa\u00e7\u00e3o para baixa temperatura em todo o munic\u00edpio.<\/p>\n<p>Nesta ter\u00e7a-feira (19), o sol deve ficar entre nuvens, <span>mas n\u00e3o h\u00e1 previs\u00e3o de chuva. A m\u00ednima \u00e9 de 14\u00b0C e m\u00e1xima, 23\u00b0C.\u00a0<\/span><\/p>\n<p>Na quarta (20), o sol predomina e a temperatura se eleva com a umidade diminuindo.\u00a0<strong><span>\u00a0<\/span><\/strong>Os term\u00f4metros oscilam entre a m\u00ednima de 14\u00b0C a 26\u00baC.<\/p>\n<div class=\"ads post-ads noreadme-audima\">\n    <span class=\"title\">Continua ap\u00f3s a publicidade<\/span><\/p>\n<div class=\"abrAD\" data-format=\"intext\"><\/div>\n<\/div>\n<p>A quinta-feira (21) tem c\u00e9u nublado ao longo do dia. A m\u00e1xima chega a 30\u00baC e a m\u00ednima, 17\u00baC.<\/p>\n<p>Na sexta-feira (22), o sol volta a aparecer e os term\u00f4metros ficam entre 31\u00baC e 16\u00baC.<\/p>\n<div class=\"box-app-phone-share noreadme-audima\">\n<div class=\"title-phone-share\">Compartilhe essa mat\u00e9ria via:<\/div>\n<div class=\"buttoms-phone-share\">\n\t\t<a class=\"whatsapp\" id=\"whatsappShare\" rel=\"nofollow\" aria-label=\"Compartilhe no Whatsapp\" target=\"_blank\" href=\"https:\/\/api.whatsapp.com\/send?text=https:\/\/vejasp.abril.com.br\/cidades\/massa-de-ar-seco-eleva-temperaturas-em-sao-paulo\/?utm_medium=whatsapp&amp;utm_source=shortcode_vejinhas\"><span>WhatsAPP<\/span><\/a><br \/>\n\t\t<a class=\"telegram\" id=\"telegramShare\" rel=\"nofollow\" aria-label=\"Compartilhe no Telegram\" target=\"_blank\" href=\"https:\/\/telegram.me\/share\/url?url=https:\/\/vejasp.abril.com.br\/cidades\/massa-de-ar-seco-eleva-temperaturas-em-sao-paulo\/?utm_medium=telegram&amp;utm_source=shortcode_vejinhas\"><span>Telegram<\/span><\/a>\n\t\t<\/div>\n<\/p><\/div>\n<div class=\"barra-compartilhamento\"><\/div>\n<div class=\"ads after-text noreadme-audima\">\n    <span class=\"title\">Publicidade<\/span><\/p>\n<div class=\"abrAD\" data-format=\"aftertext\" data-mapping=\"intext\"><\/div>\n<\/div>\n<p><br \/>\n<br \/><a href=\"https:\/\/vejasp.abril.com.br\/cidades\/massa-de-ar-seco-eleva-temperaturas-em-sao-paulo\/\">Fonte do Artigo <\/a><br \/>\nTags:<br \/>\n#loterias #loteriascaixa #megasena #resultadoapostas#noticias #noticiario  #noticia #brasil #noticiascolombia #mundo #esporte #colombia #noticiadeld #ltimasnoticias  #noticiario #noticiasregionales #noticiasdepartamentales #noticiashoy #esportes #noticiaahora #elinformantenoticias #noticiasdeboyac  #esporteinterativo #esportivo #diariodosesportes  #noticiero  #jogodefutebol #jogos #loto #apostas<\/p>\n","protected":false},"excerpt":{"rendered":"<p>Uma massa de ar seco continua a elevar a temperatura nos pr\u00f3ximos dias em S\u00e3o Paulo. Al\u00e9m do sol predominar, n\u00e3o h\u00e1 previs\u00e3o de chuva forte durante a semana. De acordo com o Centro de Gerenciamento de Emerg\u00eancias Clim\u00e1ticas (CGE), \u00e9 preciso aten\u00e7\u00e3o com a redu\u00e7\u00e3o dos percentuais de umidade e a combina\u00e7\u00e3o de tempo [&hellip;]<\/p>\n","protected":false},"author":1,"featured_media":94428,"comment_status":"open","ping_status":"open","sticky":false,"template":"","format":"standard","meta":{"footnotes":""},"categories":[1],"tags":[],"class_list":["post-96109","post","type-post","status-publish","format-standard","has-post-thumbnail","hentry","category-curso-de-copy"],"_links":{"self":[{"href":"https:\/\/wiy.com.br\/noticias\/wp-json\/wp\/v2\/posts\/96109","targetHints":{"allow":["GET"]}}],"collection":[{"href":"https:\/\/wiy.com.br\/noticias\/wp-json\/wp\/v2\/posts"}],"about":[{"href":"https:\/\/wiy.com.br\/noticias\/wp-json\/wp\/v2\/types\/post"}],"author":[{"embeddable":true,"href":"https:\/\/wiy.com.br\/noticias\/wp-json\/wp\/v2\/users\/1"}],"replies":[{"embeddable":true,"href":"https:\/\/wiy.com.br\/noticias\/wp-json\/wp\/v2\/comments?post=96109"}],"version-history":[{"count":0,"href":"https:\/\/wiy.com.br\/noticias\/wp-json\/wp\/v2\/posts\/96109\/revisions"}],"wp:featuredmedia":[{"embeddable":true,"href":"https:\/\/wiy.com.br\/noticias\/wp-json\/wp\/v2\/media\/94428"}],"wp:attachment":[{"href":"https:\/\/wiy.com.br\/noticias\/wp-json\/wp\/v2\/media?parent=96109"}],"wp:term":[{"taxonomy":"category","embeddable":true,"href":"https:\/\/wiy.com.br\/noticias\/wp-json\/wp\/v2\/categories?post=96109"},{"taxonomy":"post_tag","embeddable":true,"href":"https:\/\/wiy.com.br\/noticias\/wp-json\/wp\/v2\/tags?post=96109"}],"curies":[{"name":"wp","href":"https:\/\/api.w.org\/{rel}","templated":true}]}}