{"id":95953,"date":"2025-08-16T09:37:13","date_gmt":"2025-08-16T12:37:13","guid":{"rendered":"https:\/\/wiy.com.br\/noticias\/procon-sp-lanca-nova-cartilha-com-orientacoes-sobre-a-lgpd\/"},"modified":"2025-08-16T09:37:13","modified_gmt":"2025-08-16T12:37:13","slug":"procon-sp-lanca-nova-cartilha-com-orientacoes-sobre-a-lgpd","status":"publish","type":"post","link":"https:\/\/wiy.com.br\/noticias\/procon-sp-lanca-nova-cartilha-com-orientacoes-sobre-a-lgpd\/","title":{"rendered":"Procon-SP lan\u00e7a nova cartilha com orienta\u00e7\u00f5es sobre a LGPD"},"content":{"rendered":"<p> <br \/>\n<br \/><img title = \"[Tags]\"alt = \"Procon-SP-5-1024x683.jpg Procon-SP lan\u00e7a nova cartilha com orienta\u00e7\u00f5es sobre a LGPD\"decoding=\"async\" src=\"https:\/\/vejasp.abril.com.br\/wp-content\/uploads\/2025\/08\/Procon-SP-5-1024x683.jpg.jpeg\" \/><\/p>\n<p>O Procon-SP lan\u00e7ou um v\u00eddeo educativo e uma nova edi\u00e7\u00e3o de cartilha sobre a <strong>Lei Geral de Prote\u00e7\u00e3o de Dados<\/strong> (LGPD), que apresenta os principais pontos da medida.<\/p>\n<div id=\"relacionadas\" class=\"block noreadme-audima three_columns\">\n<ul class=\"block-menu\">\n<li data-tab=\"tab-1\" class=\"active\">Relacionadas<\/li>\n<\/ul>\n<div id=\"tab-1\" class=\"block-content active\">\n<ul class=\"relacionadas-s-img\">\n<li class=\"widget-news-item without-thumb with-border\">\n<div class=\"widget-news-info\"><a href=\"\/cidades\">Cidades<\/a><span class=\"widget-news-item-title\"><a href=\"https:\/\/vejasp.abril.com.br\/cidades\/prefeitura-abre-edital-para-requalificacao-do-largo-da-batata\/\">Prefeitura abre edital para requalifica\u00e7\u00e3o do Largo da Batata<\/a><\/span><span class=\"widget-news-item-date\">15 ago 2025 &#8211; 17h08<\/span><\/div>\n<\/li>\n<li class=\"widget-news-item without-thumb with-border\">\n<div class=\"widget-news-info\"><a href=\"\/cidades\">Cidades<\/a><span class=\"widget-news-item-title\"><a href=\"https:\/\/vejasp.abril.com.br\/cidades\/sp-tem-inverno-mais-frio-dos-ultimos-30-anos-diz-inmet-confira-previsao\/\">SP tem inverno mais frio dos \u00faltimos 30 anos, diz Inmet; confira previs\u00e3o<\/a><\/span><span class=\"widget-news-item-date\">15 ago 2025 &#8211; 15h08<\/span><\/div>\n<\/li>\n<li class=\"widget-news-item without-thumb with-border\">\n<div class=\"widget-news-info\"><a href=\"\/cidades\">Cidades<\/a><span class=\"widget-news-item-title\"><a href=\"https:\/\/vejasp.abril.com.br\/cidades\/dia-do-solteiro-numero-de-pessoas-avulsas-ja-supera-o-de-casadas\/\">Dia do Solteiro: n\u00famero de pessoas \u2018avulsas\u2019 j\u00e1 supera o de casadas<\/a><\/span><span class=\"widget-news-item-date\">15 ago 2025 &#8211; 13h08<\/span><\/div>\n<\/li>\n<\/ul>\n<\/div>\n<\/div>\n<p>A LGPD, promulgada em 2018 e em vigor desde 14 de agosto de 2020, estabelece regras sobre coleta, uso, armazenamento e compartilhamento de dados pessoais por empresas, \u00f3rg\u00e3os p\u00fablicos e outras entidades.<\/p>\n<div class=\"noreadme-audima ads video-ads\">\n<div class=\"abrAD\" data-format=\"intext_video\"><\/div>\n<\/div>\n<p>A cartilha explica conceitos como dado pessoal, dado sens\u00edvel, consentimento e direitos do titular, a cartilha e o v\u00eddeo traz situa\u00e7\u00f5es pr\u00e1ticas do cotidiano, como compras online, uso de aplicativos, telemarketing e cadastro em lojas, mostrando como a lei se aplica em cada caso.<\/p>\n<p>O conte\u00fado tamb\u00e9m orienta sobre como agir em caso de viola\u00e7\u00e3o, refor\u00e7ando que o consumidor \u00e9 o dono de suas informa\u00e7\u00f5es e pode recorrer aos \u00f3rg\u00e3os competentes para proteger seus direitos.<\/p>\n<p><span>A cartilha est\u00e1 dispon\u00edvel para download no <a href=\"https:\/\/www.procon.sp.gov.br\/wp-content\/uploads\/2025\/08\/Cartilha_LGPD_2025.pdf\" target=\"_blank\" rel=\"noopener\">site<\/a> e o v\u00eddeo no <a href=\"https:\/\/www.youtube.com\/watch?v=cFegMqMA-1E&amp;feature=youtu.be\" target=\"_blank\" rel=\"noopener\">link<\/a>.<\/span><\/p>\n<div class=\"ads after-text noreadme-audima\">\n    <span class=\"title\">Publicidade<\/span><\/p>\n<div class=\"abrAD\" data-format=\"aftertext\" data-mapping=\"intext\"><\/div>\n<\/div>\n<p><br \/>\n<br \/><a href=\"https:\/\/vejasp.abril.com.br\/cidades\/procon-sp-lanca-nova-cartilha-com-orientacoes-sobre-a-lgpd\/\">Fonte do Artigo <\/a><br \/>\nTags:<br \/>\n#loterias #loteriascaixa #megasena #resultadoapostas#noticias #noticiario  #noticia #brasil #noticiascolombia #mundo #esporte #colombia #noticiadeld #ltimasnoticias  #noticiario #noticiasregionales #noticiasdepartamentales #noticiashoy #esportes #noticiaahora #elinformantenoticias #noticiasdeboyac  #esporteinterativo #esportivo #diariodosesportes  #noticiero  #jogodefutebol #jogos #loto #apostas<\/p>\n","protected":false},"excerpt":{"rendered":"<p>O Procon-SP lan\u00e7ou um v\u00eddeo educativo e uma nova edi\u00e7\u00e3o de cartilha sobre a Lei Geral de Prote\u00e7\u00e3o de Dados (LGPD), que apresenta os principais pontos da medida. Relacionadas CidadesPrefeitura abre edital para requalifica\u00e7\u00e3o do Largo da Batata15 ago 2025 &#8211; 17h08 CidadesSP tem inverno mais frio dos \u00faltimos 30 anos, diz Inmet; confira previs\u00e3o15 [&hellip;]<\/p>\n","protected":false},"author":1,"featured_media":95954,"comment_status":"open","ping_status":"open","sticky":false,"template":"","format":"standard","meta":{"footnotes":""},"categories":[1],"tags":[],"class_list":["post-95953","post","type-post","status-publish","format-standard","has-post-thumbnail","hentry","category-curso-de-copy"],"_links":{"self":[{"href":"https:\/\/wiy.com.br\/noticias\/wp-json\/wp\/v2\/posts\/95953","targetHints":{"allow":["GET"]}}],"collection":[{"href":"https:\/\/wiy.com.br\/noticias\/wp-json\/wp\/v2\/posts"}],"about":[{"href":"https:\/\/wiy.com.br\/noticias\/wp-json\/wp\/v2\/types\/post"}],"author":[{"embeddable":true,"href":"https:\/\/wiy.com.br\/noticias\/wp-json\/wp\/v2\/users\/1"}],"replies":[{"embeddable":true,"href":"https:\/\/wiy.com.br\/noticias\/wp-json\/wp\/v2\/comments?post=95953"}],"version-history":[{"count":0,"href":"https:\/\/wiy.com.br\/noticias\/wp-json\/wp\/v2\/posts\/95953\/revisions"}],"wp:featuredmedia":[{"embeddable":true,"href":"https:\/\/wiy.com.br\/noticias\/wp-json\/wp\/v2\/media\/95954"}],"wp:attachment":[{"href":"https:\/\/wiy.com.br\/noticias\/wp-json\/wp\/v2\/media?parent=95953"}],"wp:term":[{"taxonomy":"category","embeddable":true,"href":"https:\/\/wiy.com.br\/noticias\/wp-json\/wp\/v2\/categories?post=95953"},{"taxonomy":"post_tag","embeddable":true,"href":"https:\/\/wiy.com.br\/noticias\/wp-json\/wp\/v2\/tags?post=95953"}],"curies":[{"name":"wp","href":"https:\/\/api.w.org\/{rel}","templated":true}]}}