{"id":95664,"date":"2025-08-12T09:53:20","date_gmt":"2025-08-12T12:53:20","guid":{"rendered":"https:\/\/wiy.com.br\/noticias\/adultizacao-entenda-denuncia-feita-por-felca-contra-hytalo-santos-e-outros-influenciadores\/"},"modified":"2025-08-12T09:53:20","modified_gmt":"2025-08-12T12:53:20","slug":"adultizacao-entenda-denuncia-feita-por-felca-contra-hytalo-santos-e-outros-influenciadores","status":"publish","type":"post","link":"https:\/\/wiy.com.br\/noticias\/adultizacao-entenda-denuncia-feita-por-felca-contra-hytalo-santos-e-outros-influenciadores\/","title":{"rendered":"Adultiza\u00e7\u00e3o: entenda den\u00fancia feita por Felca contra Hytalo Santos e outros influenciadores"},"content":{"rendered":"<p> <br \/>\n<\/p>\n<p>Na \u00faltima quarta-feira (6), o youtuber e humorista Felca<a href=\"https:\/\/veja.abril.com.br\/coluna\/veja-gente\/felca-o-youtuber-que-une-politicos-ao-expor-adultizacao-de-criancas\/\"><\/a>, 27, publicou um v\u00eddeo de 50 minutos em que faz den\u00fancias sobre a sexualiza\u00e7\u00e3o e exposi\u00e7\u00e3o de menores de idade na cria\u00e7\u00e3o de conte\u00fado na internet. Na publica\u00e7\u00e3o, que j\u00e1 acumula mais de 28 mil visualiza\u00e7\u00f5es e 210 mil coment\u00e1rios no Youtube, Felca re\u00fane diversas situa\u00e7\u00f5es de explora\u00e7\u00e3o da imagem de crian\u00e7as e adolescentes.<\/p>\n<p>Um dos casos que se destacou nas redes sociais foi o do influenciador Hytalo Santos, 28, criador de um reality para adolescentes que envolve dan\u00e7as sensuais e festas com bebidas alco\u00f3licas.<\/p>\n<div class=\"noreadme-audima ads video-ads\">\n<div class=\"abrAD\" data-format=\"intext_video\"><\/div>\n<\/div>\n<p>Ap\u00f3s as pol\u00eamicas geradas pelo v\u00eddeo, Hytalo teve sua conta no Instagram desativada na \u00faltima sexta-feira.<\/p>\n<h3>Investiga\u00e7\u00e3o de Hytalo Santos<\/h3>\n<p>Nesta segunda-feira (11), o deputado federal Reimont (PT-RJ), presidente da Comiss\u00e3o de Direitos Humanos, Minorias e Igualdade Racial da C\u00e2mara, protocolou um pedido formal de investiga\u00e7\u00e3o contra Hytalo.<\/p>\n<p>O influenciador j\u00e1 \u00e9 investigado desde 2024 pelo <span>Minist\u00e9rio P\u00fablico da Para\u00edba (MPPB). Desde 2020, o criador de conte\u00fado \u00e9 conhecido nas redes por v\u00eddeos ao lado de menores de idade, nos quais aborda assuntos como relacionamentos e se refere \u00e0s meninas como &#8220;filhas&#8221; e aos meninos como &#8220;genros&#8221;. Apesar da conta bloqueada no Instagram, Hytalo ainda mant\u00e9m um canal no Youtube com mais de 1,5 bilh\u00e3o de visualiza\u00e7\u00f5es.<\/span><\/p>\n<div class=\"ads post-ads noreadme-audima\">\n    <span class=\"title\">Continua ap\u00f3s a publicidade<\/span><\/p>\n<div class=\"abrAD\" data-format=\"intext\"><\/div>\n<\/div>\n<p>Segundo o MPPB, os procedimentos \u2014 em tr\u00e2mite nas Promotorias de Jo\u00e3o Pessoa e Bayeux \u2014 apuram poss\u00edvel explora\u00e7\u00e3o de menores. As autoridades avaliam se o conte\u00fado veiculado nas redes possui teor sexual e fere o Estatuto da Crian\u00e7a e do Adolescente (ECA).<\/p>\n<figure><img title = \"[Tags]\"decoding=\"async\"alt = \"WhatsApp-Image-2025-08-11-at-19.46.50 Adultiza\u00e7\u00e3o: entenda den\u00fancia feita por Felca contra Hytalo Santos e outros influenciadores\" src=\"https:\/\/vejasp.abril.com.br\/wp-content\/uploads\/2025\/08\/WhatsApp-Image-2025-08-11-at-19.46.50.jpeg\" \/><figcaption>Hytalo Santos \u00e9 investigado por explora\u00e7\u00e3o da imagem de crian\u00e7as e adolescentes<span class=\"copyright\">Instagram\/Reprodu\u00e7\u00e3o<\/span><\/figcaption><\/figure>\n<p>Na \u00e9poca em que a investiga\u00e7\u00e3o teve in\u00edcio, o influenciador se manifestou sobre o caso e pontuou a rela\u00e7\u00e3o dele com as pessoas que frequentam sua casa. <span>&#8220;Na minha casa t\u00eam minhas crias que passam boa parte do tempo comigo e boa parte com as m\u00e3es. As m\u00e3es sempre acompanharam tudo&#8221;, disse Hytalo. <\/span>Ele ainda destacou que as duas principais adolescentes atreladas \u00e0s den\u00fancias s\u00e3o emancipadas.<\/p>\n<div class=\"ads post-ads noreadme-audima\">\n    <span class=\"title\">Continua ap\u00f3s a publicidade<\/span><\/p>\n<div class=\"abrAD\" data-format=\"intext\"><\/div>\n<\/div>\n<h3>Adultiza\u00e7\u00e3o em pauta no Congresso<\/h3>\n<p>O v\u00eddeo de Felca impulsionou as discuss\u00f5es no Congresso sobre a prote\u00e7\u00e3o de menores no ambiente virtual.<\/p>\n<p>Nesta segunda-feira (11), o presidente da C\u00e2mara dos Deputados, Hugo Motta (Republicanos), informou que vai pautar projetos que combatam ou restrinjam o alcance de perfis e conte\u00fados nas redes sociais que promovam a \u2018adultiza\u00e7\u00e3o\u2019 de crian\u00e7as e adolescentes.<\/p>\n<p>Confira a publica\u00e7\u00e3o de Hugo Motta:<\/p>\n<div class=\"ads post-ads noreadme-audima\">\n    <span class=\"title\">Continua ap\u00f3s a publicidade<\/span><\/p>\n<div class=\"abrAD\" data-format=\"intext\"><\/div>\n<\/div>\n<div class=\"audima-iframe-instagram noreadme-audima\">\n<blockquote class=\"instagram-media\" data-instgrm-captioned data-instgrm-permalink=\"https:\/\/www.instagram.com\/p\/DNMUVZYxEn9\/?utm_source=ig_embed&amp;utm_campaign=loading\" data-instgrm-version=\"14\">\n<div> <a href=\"https:\/\/www.instagram.com\/p\/DNMUVZYxEn9\/?utm_source=ig_embed&amp;utm_campaign=loading\" target=\"_blank\"> <\/p>\n<div>\n<div><\/div>\n<div>\n<div><\/div>\n<div><\/div>\n<\/div>\n<\/div>\n<div><\/div>\n<div><\/div>\n<div>\n<div>View this post on Instagram<\/div>\n<\/div>\n<div><\/div>\n<div>\n<div>\n<div><\/div>\n<div><\/div>\n<div><\/div>\n<\/div>\n<div>\n<div><\/div>\n<div><\/div>\n<\/div>\n<div>\n<div><\/div>\n<div><\/div>\n<div><\/div>\n<\/div>\n<\/div>\n<div>\n<div><\/div>\n<div><\/div>\n<\/div>\n<p><\/a><\/p>\n<p><a href=\"https:\/\/www.instagram.com\/p\/DNMUVZYxEn9\/?utm_source=ig_embed&amp;utm_campaign=loading\" target=\"_blank\">A post shared by Hugo Motta (@hugomottapb)<\/a><\/p>\n<\/div>\n<\/blockquote>\n<\/div>\n<p>A ministra das rela\u00e7\u00f5es institucionais, Gleisi Hoffman, e o<span>\u00a0advogado-geral da Uniao (AGU), Jorge Messias, tamb\u00e9m parabenizaram a iniciativa de Felca e alertaram sobre a necessidade de regulamenta\u00e7\u00e3o das plataformas.<\/span><\/p>\n<h3><\/h3>\n<div id=\"relacionadas\" class=\"block noreadme-audima three_columns\">\n<ul class=\"block-menu\">\n<li data-tab=\"tab-1\" class=\"active\">Relacionadas<\/li>\n<\/ul>\n<div id=\"tab-1\" class=\"block-content active\">\n<ul class=\"relacionadas-s-img\">\n<li class=\"widget-news-item without-thumb with-border\">\n<div class=\"widget-news-info\"><a href=\"\/cultura-lazer\">Cultura &amp; Lazer<\/a><span class=\"widget-news-item-title\"><a href=\"https:\/\/vejasp.abril.com.br\/cultura-lazer\/visita-noturna-fara-homenagem-a-primeira-mulher-sepultada-no-cemiterio-da-consolacao\/\">Visita noturna far\u00e1 homenagem \u00e0 primeira mulher sepultada no Cemit\u00e9rio da Consola\u00e7\u00e3o<\/a><\/span><span class=\"widget-news-item-date\">11 ago 2025 &#8211; 18h08<\/span><\/div>\n<\/li>\n<li class=\"widget-news-item without-thumb with-border\">\n<div class=\"widget-news-info\"><a href=\"\/cidades\">Cidades<\/a><span class=\"widget-news-item-title\"><a href=\"https:\/\/vejasp.abril.com.br\/cidades\/grupo-que-vendia-pornografia-infantil-na-internet-e-alvo-operacao-da-policia-de-sp\/\">Grupo que vendia pornografia infantil na internet \u00e9 alvo opera\u00e7\u00e3o da Pol\u00edcia de SP<\/a><\/span><span class=\"widget-news-item-date\">11 ago 2025 &#8211; 17h08<\/span><\/div>\n<\/li>\n<li class=\"widget-news-item without-thumb with-border\">\n<div class=\"widget-news-info\"><a href=\"\/cultura-lazer\">Cultura &amp; Lazer<\/a><span class=\"widget-news-item-title\"><a href=\"https:\/\/vejasp.abril.com.br\/cultura-lazer\/conheca-o-maior-jardim-de-praia-do-mundo-localizado-em-santos\/\">Conhe\u00e7a o maior jardim de praia do mundo, localizado em Santos<\/a><\/span><span class=\"widget-news-item-date\">11 ago 2025 &#8211; 12h08<\/span><\/div>\n<\/li>\n<li class=\"widget-news-item without-thumb with-border\">\n<div class=\"widget-news-info\"><a href=\"\/cidades\">Cidades<\/a><span class=\"widget-news-item-title\"><a href=\"https:\/\/vejasp.abril.com.br\/cidades\/grupo-ataca-ct-do-palmeiras-com-bombas-e-rojoes-time-chama-de-atentado-terrorista\/\">Grupo ataca CT do Palmeiras com bombas e roj\u00f5es; time chama de &#8220;atentado terrorista&#8221;<\/a><\/span><span class=\"widget-news-item-date\">10 ago 2025 &#8211; 15h08<\/span><\/div>\n<\/li>\n<\/ul>\n<\/div>\n<\/div>\n<p>&nbsp;<\/p>\n<div class=\"ads after-text noreadme-audima\">\n    <span class=\"title\">Publicidade<\/span><\/p>\n<div class=\"abrAD\" data-format=\"aftertext\" data-mapping=\"intext\"><\/div>\n<\/div>\n<p><script async src=\"\/\/www.instagram.com\/embed.js\"><\/script><br \/>\n<br \/><br \/>\n<br \/><a href=\"https:\/\/vejasp.abril.com.br\/cidades\/adultizacao-entenda-denuncia-feita-por-felca-contra-hytalo-santos-e-outros-influenciadores\/\">Fonte do Artigo <\/a><br \/>\nTags:<br \/>\n#loterias #loteriascaixa #megasena #resultadoapostas#noticias #noticiario  #noticia #brasil #noticiascolombia #mundo #esporte #colombia #noticiadeld #ltimasnoticias  #noticiario #noticiasregionales #noticiasdepartamentales #noticiashoy #esportes #noticiaahora #elinformantenoticias #noticiasdeboyac  #esporteinterativo #esportivo #diariodosesportes  #noticiero  #jogodefutebol #jogos #loto #apostas<\/p>\n","protected":false},"excerpt":{"rendered":"<p>Na \u00faltima quarta-feira (6), o youtuber e humorista Felca, 27, publicou um v\u00eddeo de 50 minutos em que faz den\u00fancias sobre a sexualiza\u00e7\u00e3o e exposi\u00e7\u00e3o de menores de idade na cria\u00e7\u00e3o de conte\u00fado na internet. Na publica\u00e7\u00e3o, que j\u00e1 acumula mais de 28 mil visualiza\u00e7\u00f5es e 210 mil coment\u00e1rios no Youtube, Felca re\u00fane diversas situa\u00e7\u00f5es [&hellip;]<\/p>\n","protected":false},"author":1,"featured_media":95665,"comment_status":"open","ping_status":"open","sticky":false,"template":"","format":"standard","meta":{"footnotes":""},"categories":[1],"tags":[],"class_list":["post-95664","post","type-post","status-publish","format-standard","has-post-thumbnail","hentry","category-curso-de-copy"],"_links":{"self":[{"href":"https:\/\/wiy.com.br\/noticias\/wp-json\/wp\/v2\/posts\/95664","targetHints":{"allow":["GET"]}}],"collection":[{"href":"https:\/\/wiy.com.br\/noticias\/wp-json\/wp\/v2\/posts"}],"about":[{"href":"https:\/\/wiy.com.br\/noticias\/wp-json\/wp\/v2\/types\/post"}],"author":[{"embeddable":true,"href":"https:\/\/wiy.com.br\/noticias\/wp-json\/wp\/v2\/users\/1"}],"replies":[{"embeddable":true,"href":"https:\/\/wiy.com.br\/noticias\/wp-json\/wp\/v2\/comments?post=95664"}],"version-history":[{"count":0,"href":"https:\/\/wiy.com.br\/noticias\/wp-json\/wp\/v2\/posts\/95664\/revisions"}],"wp:featuredmedia":[{"embeddable":true,"href":"https:\/\/wiy.com.br\/noticias\/wp-json\/wp\/v2\/media\/95665"}],"wp:attachment":[{"href":"https:\/\/wiy.com.br\/noticias\/wp-json\/wp\/v2\/media?parent=95664"}],"wp:term":[{"taxonomy":"category","embeddable":true,"href":"https:\/\/wiy.com.br\/noticias\/wp-json\/wp\/v2\/categories?post=95664"},{"taxonomy":"post_tag","embeddable":true,"href":"https:\/\/wiy.com.br\/noticias\/wp-json\/wp\/v2\/tags?post=95664"}],"curies":[{"name":"wp","href":"https:\/\/api.w.org\/{rel}","templated":true}]}}