{"id":95588,"date":"2025-08-11T09:21:16","date_gmt":"2025-08-11T12:21:16","guid":{"rendered":"https:\/\/wiy.com.br\/noticias\/comeco-da-semana-e-gelado-em-boa-parte-do-brasil\/"},"modified":"2025-08-11T09:22:28","modified_gmt":"2025-08-11T12:22:28","slug":"comeco-da-semana-e-gelado-em-boa-parte-do-brasil","status":"publish","type":"post","link":"https:\/\/wiy.com.br\/noticias\/comeco-da-semana-e-gelado-em-boa-parte-do-brasil\/","title":{"rendered":"Come\u00e7o da semana \u00e9 gelado em boa parte do Brasil"},"content":{"rendered":"<p> <br \/>\n<\/p>\n<p>A semana come\u00e7a fria em grande parte do centro-sul do pa\u00eds, com temperaturas m\u00ednimas baixas e at\u00e9 possibilidade de geada em algumas regi\u00f5es. Isso por conta de um sistema de alta press\u00e3o associado a uma intensa massa de ar polar que avan\u00e7a pelo Brasil, <a href=\"https:\/\/www.climatempo.com.br\/noticia\/frio\/semana-comeca-gelada-no-sul-e-sudeste-frente-fria-provoca-chuva-forte-no-sul-da-bahia\" target=\"_blank\" rel=\"noreferrer noopener\">segundo a <em>Climatempo<\/em><\/a>.<\/p>\n<p>O fen\u00f4meno mant\u00e9m o tempo seco em \u00e1reas do interior, enquanto regi\u00f5es litor\u00e2neas podem ter aumento de nebulosidade e chance de chuva fraca. Al\u00e9m de derrubar os term\u00f4metros nas regi\u00f5es Sul e Sudeste, a friaca se espalha para partes do Centro-Oeste e at\u00e9 da regi\u00e3o Norte, levando manh\u00e3s geladas e, em alguns pontos, geada fraca e localizada. <\/p>\n<p>J\u00e1 no Nordeste, a combina\u00e7\u00e3o de frente fria e calor provoca chuva em alguns estados e mant\u00e9m o alerta para baixa umidade do ar no interior. A varia\u00e7\u00e3o clim\u00e1tica exige aten\u00e7\u00e3o especial para a sa\u00fade, j\u00e1 que o tempo seco pode causar desconforto respirat\u00f3rio e a amplitude t\u00e9rmica aumenta o risco de doen\u00e7as sazonais.<\/p>\n<h2 class=\"wp-block-heading\" id=\"h-como-fica-o-clima-confira-a-previsao-do-tempo-por-regiao\">Como fica o clima? Confira a previs\u00e3o do tempo por regi\u00e3o<\/h2>\n<p>Confira abaixo a previs\u00e3o do tempo por regi\u00e3o para este come\u00e7o de semana:<\/p>\n<div class=\"wp-block-image\">\n<figure class=\"aligncenter size-large\"><figcaption class=\"wp-element-caption\">H\u00e1 possibilidade de geada nas serras ga\u00facha e catarinense e no centro-sul e sudoeste do Paran\u00e1 nesta semana (Imagem: Mycchel Legnaghi\/Ag\u00eancia S\u00e3o Joaquim Online\/Divulga\u00e7\u00e3o)<\/figcaption><\/figure>\n<\/div>\n<h3 class=\"wp-block-heading\" id=\"h-sul\">Sul:<\/h3>\n<ul>\n<li>Temperaturas muito baixas, com possibilidade de geada nas serras ga\u00facha e catarinense e no centro-sul e sudoeste do Paran\u00e1;<\/li>\n<li>Tarde com sol e poucas nuvens, sem previs\u00e3o de chuva em toda a regi\u00e3o;<\/li>\n<li>Umidade relativa do ar abaixo de 30% no extremo norte do Paran\u00e1.<\/li>\n<\/ul>\n<h3 class=\"wp-block-heading\" id=\"h-sudeste\">Sudeste:<\/h3>\n<ul>\n<li>Ventos do mar aumentam a nebulosidade e a umidade no litoral de S\u00e3o Paulo, Rio de Janeiro, Esp\u00edrito Santo e nordeste de Minas Gerais, com chance de chuva fraca ou moderada e frio;<\/li>\n<li>Amanhecer gelado no Sudeste, com possibilidade de geada no Vale do Para\u00edba, na Mantiqueira e no extremo sul de Minas;<\/li>\n<li>Temperaturas pontuais pr\u00f3ximas ou abaixo de 4 \u00b0C no interior paulista, podendo causar geadas fracas em \u00e1reas mais frias;<\/li>\n<li>Interior da regi\u00e3o segue mais seco, com umidade em n\u00edvel de alerta no Tri\u00e2ngulo Mineiro e extremo norte paulista;<\/li>\n<li>No Rio de Janeiro, chuviscos entre a madrugada e o amanhecer; em S\u00e3o Paulo, dia muito frio, sem chuva e com sol entre nuvens.<\/li>\n<\/ul>\n<h3 class=\"wp-block-heading\" id=\"h-centro-oeste\">Centro-Oeste:<\/h3>\n<ul>\n<li>Tempo firme e ar seco, com umidade em n\u00edvel de alerta no extremo sul de Mato Grosso, sul de Goi\u00e1s e nordeste de Mato Grosso do Sul;<\/li>\n<li>Manh\u00e3 fria em v\u00e1rias \u00e1reas, com possibilidade de geada fraca e localizada no sul de Mato Grosso do Sul;<\/li>\n<li>Tarde com sol forte e m\u00e1ximas em alta no norte de Goi\u00e1s e Mato Grosso; temperaturas mais amenas no Mato Grosso do Sul.<\/li>\n<\/ul>\n<div class=\"wp-block-image\">\n<figure class=\"aligncenter size-large\"><img title = \"[Tags]\"loading=\"lazy\" decoding=\"async\" width=\"1024\" height=\"576\" src=\"https:\/\/olhardigital.com.br\/wp-content\/uploads\/2025\/05\/Frio-23-de-maio-02-1024x576.jpg\"alt = \"Frio-23-de-maio-02-1024x576 Come\u00e7o da semana \u00e9 gelado em boa parte do Brasil\" class=\"wp-image-1121326\" \/><figcaption class=\"wp-element-caption\">Nordeste deve enfrentar combina\u00e7\u00e3o de frente fria e calor (Imagem: Marcelo Camargo\/Ag\u00eancia Brasil)<\/figcaption><\/figure>\n<\/div>\n<h3 class=\"wp-block-heading\" id=\"h-nordeste\">Nordeste:<\/h3>\n<ul>\n<li>Frente fria aumenta a umidade no sul da Bahia, com previs\u00e3o de chuva moderada a forte em Ilh\u00e9us, Itacar\u00e9 e Barra Grande;<\/li>\n<li>Pancadas de chuva \u00e0 tarde no Maranh\u00e3o e centro-norte do Piau\u00ed, com risco de chuva moderada a forte e raios;<\/li>\n<li>Demais \u00e1reas com tempo aberto, calor e alerta de baixa umidade abaixo de 30% em partes da Para\u00edba, Pernambuco, Piau\u00ed, Bahia, Maranh\u00e3o e Cear\u00e1.<\/li>\n<\/ul>\n<p><strong>Leia mais:<\/strong><\/p>\n<ul>\n<li>Os rel\u00e2mpagos sobem para as nuvens? Conhe\u00e7a o Raio Ascendente<\/li>\n<li>Mudan\u00e7as clim\u00e1ticas: o que s\u00e3o e quais suas causas e efeitos no planeta<\/li>\n<li>Entenda o que \u00e9 ecoansiedade e qual rela\u00e7\u00e3o com as mudan\u00e7as clim\u00e1ticas<\/li>\n<\/ul>\n<h3 class=\"wp-block-heading\" id=\"h-norte\">Norte:<\/h3>\n<ul>\n<li>Calor e umidade provocam instabilidades no norte do Par\u00e1, extremo norte do Tocantins, Amazonas e Roraima, com pancadas de chuva moderadas a fortes;<\/li>\n<li>Acre e Rond\u00f4nia t\u00eam manh\u00e3s mais frias, sol com poucas nuvens e tempo seco;<\/li>\n<li>Umidade do ar em aten\u00e7\u00e3o no sul da regi\u00e3o, entre 30% e 21%, incluindo Rio Branco, Porto Velho e Palmas.<\/li>\n<\/ul>\n<p>O post Come\u00e7o da semana \u00e9 gelado em boa parte do Brasil apareceu primeiro em Olhar Digital.<\/p>\n<p><br \/>\n<br \/><a href=\"https:\/\/olhardigital.com.br\/2025\/08\/11\/ciencia-e-espaco\/comeco-da-semana-eh-gelado-em-boa-parte-do-brasil\/\">Fonte do Artigo <\/a><br \/>\nTags:<\/p>\n<p><a title=\"Gestor de Tr\u00e1fego\" href=\"https:\/\/www.gestor-de-trafego.com\/\" target=\"_blank\"><strong>Gestor de Tr\u00e1fego<\/strong><\/a><\/p>\n<p><a href=\"https:\/\/wiy.com.br\/noticias\/categoria\/tecnologia\/\">#tecnologia<\/a> <a href=\"https:\/\/wiy.com.br\/noticias\/categoria\/tecnologia\/\">#tecnologias<\/a> <a href=\"https:\/\/wiy.com.br\/noticias\/categoria\/tecnologia\/\">#technology<\/a> <a href=\"https:\/\/wiy.com.br\/noticias\/categoria\/tecnologia\/\">#tecnolog<\/a> <a href=\"https:\/\/wiy.com.br\/noticias\/categoria\/tecnologia\/\">#iphone<\/a> <a href=\"https:\/\/wiy.com.br\/noticias\/categoria\/tecnologia\/\">#informatica<\/a> <a href=\"https:\/\/wiy.com.br\/noticias\/categoria\/tecnologia\/\">#tech<\/a> <a href=\"https:\/\/wiy.com.br\/noticias\/categoria\/tecnologia\/\">#design<\/a> <a href=\"https:\/\/wiy.com.br\/noticias\/categoria\/tecnologia\/\">#samsung<\/a> <a href=\"https:\/\/wiy.com.br\/noticias\/categoria\/tecnologia\/\">#internet<\/a> <a href=\"https:\/\/wiy.com.br\/noticias\/categoria\/tecnologia\/\">#apple<\/a> <a href=\"https:\/\/wiy.com.br\/noticias\/categoria\/tecnologia\/\">#smartphone<\/a> <a href=\"https:\/\/wiy.com.br\/noticias\/categoria\/tecnologia\/\">#seguranca<\/a> <a href=\"https:\/\/wiy.com.br\/noticias\/categoria\/tecnologia\/\">#venezuela<\/a> <a href=\"https:\/\/wiy.com.br\/noticias\/categoria\/tecnologia\/\">#celular<\/a> <a href=\"https:\/\/wiy.com.br\/noticias\/categoria\/tecnologia\/\">#celulares<\/a> <a href=\"https:\/\/wiy.com.br\/noticias\/categoria\/tecnologia\/\">#inovar<\/a> <a href=\"https:\/\/wiy.com.br\/noticias\/categoria\/tecnologia\/\">#qualidade<\/a> <a href=\"https:\/\/wiy.com.br\/noticias\/categoria\/tecnologia\/\">#software<\/a> <a href=\"https:\/\/wiy.com.br\/noticias\/categoria\/tecnologia\/\">#empresas<\/a> <a href=\"https:\/\/wiy.com.br\/noticias\/categoria\/tecnologia\/\">#cursos<\/a> <a href=\"https:\/\/wiy.com.br\/noticias\/categoria\/tecnologia\/\">#engenharia<\/a> <a href=\"https:\/\/wiy.com.br\/noticias\/categoria\/tecnologia\/\">#industria<\/a> <a href=\"https:\/\/wiy.com.br\/noticias\/categoria\/tecnologia\/\">#marketing<\/a> <a href=\"https:\/\/wiy.com.br\/noticias\/categoria\/tecnologia\/\">#ti<\/a> <a href=\"https:\/\/wiy.com.br\/noticias\/categoria\/tecnologia\/\">#tecnoblog<\/a> <a href=\"https:\/\/wiy.com.br\/noticias\/categoria\/tecnologia\/\">#veja<\/a> <a href=\"https:\/\/wiy.com.br\/noticias\/categoria\/tecnologia\/\">#olhardigital<\/a> <a href=\"https:\/\/wiy.com.br\/noticias\/categoria\/tecnologia\/\">#mundodigital<\/a> <a href=\"https:\/\/wiy.com.br\/noticias\/categoria\/tecnologia\/\">#inteligenciaartificial<\/a> <a href=\"https:\/\/wiy.com.br\/criacao-de-sites\/\">#criar site<\/a> <a href=\"https:\/\/wiy.com.br\/criacao-de-sites\/\">#criar site curitiba<\/a> <a href=\"https:\/\/wiy.com.br\/criacao-de-sites\/\">#wiysolutions<\/a><\/p>\n<p><a \n#Come\u00e7o #semana #gelado #boa #parte #Brasil\n<\/p>\n","protected":false},"excerpt":{"rendered":"<p>A semana come\u00e7a fria em grande parte do centro-sul do pa\u00eds, com temperaturas m\u00ednimas baixas e at\u00e9 possibilidade de geada em algumas regi\u00f5es. Isso por conta de um sistema de alta press\u00e3o associado a uma intensa massa de ar polar que avan\u00e7a pelo Brasil, segundo a Climatempo. O fen\u00f4meno mant\u00e9m o tempo seco em \u00e1reas [&hellip;]<\/p>\n","protected":false},"author":1,"featured_media":94703,"comment_status":"open","ping_status":"open","sticky":false,"template":"","format":"standard","meta":{"footnotes":""},"categories":[5],"tags":[],"class_list":["post-95588","post","type-post","status-publish","format-standard","has-post-thumbnail","hentry","category-tecnologia"],"_links":{"self":[{"href":"https:\/\/wiy.com.br\/noticias\/wp-json\/wp\/v2\/posts\/95588","targetHints":{"allow":["GET"]}}],"collection":[{"href":"https:\/\/wiy.com.br\/noticias\/wp-json\/wp\/v2\/posts"}],"about":[{"href":"https:\/\/wiy.com.br\/noticias\/wp-json\/wp\/v2\/types\/post"}],"author":[{"embeddable":true,"href":"https:\/\/wiy.com.br\/noticias\/wp-json\/wp\/v2\/users\/1"}],"replies":[{"embeddable":true,"href":"https:\/\/wiy.com.br\/noticias\/wp-json\/wp\/v2\/comments?post=95588"}],"version-history":[{"count":1,"href":"https:\/\/wiy.com.br\/noticias\/wp-json\/wp\/v2\/posts\/95588\/revisions"}],"predecessor-version":[{"id":95589,"href":"https:\/\/wiy.com.br\/noticias\/wp-json\/wp\/v2\/posts\/95588\/revisions\/95589"}],"wp:featuredmedia":[{"embeddable":true,"href":"https:\/\/wiy.com.br\/noticias\/wp-json\/wp\/v2\/media\/94703"}],"wp:attachment":[{"href":"https:\/\/wiy.com.br\/noticias\/wp-json\/wp\/v2\/media?parent=95588"}],"wp:term":[{"taxonomy":"category","embeddable":true,"href":"https:\/\/wiy.com.br\/noticias\/wp-json\/wp\/v2\/categories?post=95588"},{"taxonomy":"post_tag","embeddable":true,"href":"https:\/\/wiy.com.br\/noticias\/wp-json\/wp\/v2\/tags?post=95588"}],"curies":[{"name":"wp","href":"https:\/\/api.w.org\/{rel}","templated":true}]}}