{"id":95479,"date":"2025-08-09T16:38:58","date_gmt":"2025-08-09T19:38:58","guid":{"rendered":"https:\/\/wiy.com.br\/noticias\/80-anos-da-bomba-atomica-nagasaki-faz-minuto-de-silencio-em-memoria-das-vitimas\/"},"modified":"2025-08-09T16:39:09","modified_gmt":"2025-08-09T19:39:09","slug":"80-anos-da-bomba-atomica-nagasaki-faz-minuto-de-silencio-em-memoria-das-vitimas","status":"publish","type":"post","link":"https:\/\/wiy.com.br\/noticias\/80-anos-da-bomba-atomica-nagasaki-faz-minuto-de-silencio-em-memoria-das-vitimas\/","title":{"rendered":"80 anos da bomba at\u00f4mica: Nagasaki faz minuto de sil\u00eancio em mem\u00f3ria das v\u00edtimas"},"content":{"rendered":"<p> <br \/>\n<\/p>\n<p>No dia 9 de agosto de 1945, \u00e0s 11h02, Nagasaki, no Jap\u00e3o, foi atingida por uma bomba at\u00f4mica lan\u00e7ada pelos EUA, causando a morte de cerca de 74 mil pessoas. Esse ataque ocorreu apenas tr\u00eas dias depois da bomba lan\u00e7ada sobre Hiroshima, que fez 140 mil v\u00edtimas fatais.<\/p>\n<p>Neste s\u00e1bado, moradores e visitantes da cidade relembram o triste epis\u00f3dio, que marcou o fim da Segunda Guerra Mundial, respeitando um minuto de sil\u00eancio exatamente no hor\u00e1rio em que a bomba explodiu.<\/p>\n<\/p>\n<figure class=\"wp-block-image size-large\"><figcaption class=\"wp-element-caption\">Nuvens de cogumelo formadas pelas bombas at\u00f4micas lan\u00e7adas pelos EUA sobre Hiroshima (esquerda) e Nagasaki (direita) em agosto de 1945. Cr\u00e9ditos: George R. Caron\/Carlos Levy &#8211; Creative Commons<\/figcaption><\/figure>\n<p>Durante a solenidade, o campan\u00e1rio da igreja de Nagasaki, que havia sido destru\u00eddo pelo ataque, tocou pela primeira vez desde aquele dia. Esse sino, restaurado recentemente, simboliza a mem\u00f3ria e a esperan\u00e7a de paz para o munic\u00edpio.<\/p>\n<p>O prefeito Shiro Suzuki fez um discurso emocionado. \u201cOitenta anos se passaram, e quem poderia imaginar que o mundo chegaria a esse ponto? Precisamos parar todos os conflitos armados imediatamente\u201d, disse o governante, alertando para o aumento das tens\u00f5es e divis\u00f5es no mundo, dizendo que o risco de uma guerra nuclear ainda \u00e9 real.<\/p>\n<h2 class=\"wp-block-heading\" id=\"h-mais-de-100-paises-estiveram-presentes\"><strong>Mais de 100 pa\u00edses estiveram presentes<\/strong><\/h2>\n<p>Segundo a ag\u00eancia de not\u00edcias<a href=\"https:\/\/www.euronews.com\/2025\/08\/09\/nagasaki-commemorates-80th-anniversary-of-atomic-bomb-drop-as-mayor-urges-against-nuclear-\" target=\"_blank\" rel=\"noreferrer noopener sponsored nofollow\"><em> Associated Press<\/em><\/a>, a cerim\u00f4nia contou com representantes de mais de 100 pa\u00edses, incluindo a R\u00fassia, que n\u00e3o participava desde a invas\u00e3o da Ucr\u00e2nia em 2022. Israel tamb\u00e9m marcou presen\u00e7a, ap\u00f3s ter sido exclu\u00eddo no ano passado devido a protestos relacionados a conflitos no Oriente M\u00e9dio.<\/p>\n<p>Embora a explos\u00e3o da bomba pare\u00e7a distante no tempo, a trag\u00e9dia \u00e9 uma lembran\u00e7a viva para quem viveu aquele momento. Atsuko Higuchi, uma moradora de 50 anos, disse que \u00e9 importante manter a recorda\u00e7\u00e3o desses fatos para que a hist\u00f3ria n\u00e3o se repita.<\/p>\n<p>A Catedral da Imaculada Concei\u00e7\u00e3o de Urakami, um pr\u00e9dio de tijolos vermelhos reconstru\u00eddo em 1959 no local, \u00e9 outro s\u00edmbolo dessa mem\u00f3ria. Ela fica no alto de uma colina e foi destru\u00edda pela explos\u00e3o, que aconteceu a poucos metros dali. Dois sinos da igreja, um deles restaurado pelos EUA, est\u00e3o lado a lado e foram tocados para marcar a data.<\/p>\n<figure class=\"wp-block-image size-large\"><img title = \"[Tags]\"loading=\"lazy\" decoding=\"async\" width=\"1024\" height=\"681\" src=\"https:\/\/olhardigital.com.br\/wp-content\/uploads\/2025\/08\/Catedral-Urakami-1024x681.jpg\"alt = \"Catedral-Urakami-1024x681 80 anos da bomba at\u00f4mica: Nagasaki faz minuto de sil\u00eancio em mem\u00f3ria das v\u00edtimas\" class=\"wp-image-1163384\" \/><figcaption class=\"wp-element-caption\">Catedral da Imaculada Concei\u00e7\u00e3o de Urakami, um dos s\u00edmbolos de Nagasaki reformados depois da destrui\u00e7\u00e3o causada pela bomba at\u00f4mica. Cr\u00e9dito: Hayakato &#8211; Shutterstock<\/figcaption><\/figure>\n<h2 class=\"wp-block-heading\" id=\"h-sobreviventes-da-bomba-atomica-pedem-o-fim-das-armas-nucleares\"><strong>Sobreviventes da bomba at\u00f4mica pedem o fim das armas nucleares<\/strong><\/h2>\n<p>Sobreviventes do ataque e seus apoiadores seguem defendendo o fim das armas nucleares. Eles buscam transmitir essa mensagem \u00e0s novas gera\u00e7\u00f5es, refor\u00e7ando que o ocorrido n\u00e3o pertence apenas ao passado \u2013 serve como um alerta para o futuro.<\/p>\n<p>\u201cEu desejo duas coisas: que as armas nucleares sejam eliminadas e que a guerra seja proibida. Quero um mundo onde todos possam viver em paz, sem medo\u201d, disse Fumi Takeshita, uma sobrevivente de 83 anos, que regularmente visita escolas para contar sua hist\u00f3ria e ensinar sobre os perigos das armas nucleares.<\/p>\n<p>Durante uma dessas visitas, ela pediu aos alunos: \u201cQuando crescerem, lembrem-se do que aprenderam e pensem no que podem fazer para evitar a guerra.\u201d Para a senhora, essa conex\u00e3o com os jovens \u00e9 essencial para manter viva a mem\u00f3ria e o compromisso com a paz.<\/p>\n<blockquote class=\"twitter-tweet\">\n<p lang=\"en\" dir=\"ltr\">Prime Minister Ishiba attended the Nagasaki Peace Memorial Ceremony, as well as visiting the Nagasaki Atomic Bomb Museum, exchanging views with groups of atomic bomb survivors and others, and visiting a nursing home for atomic bomb survivors. (1\/2) <a href=\"https:\/\/t.co\/ysxvnqmyBL\">pic.twitter.com\/ysxvnqmyBL<\/a><\/p>\n<p>\u2014 PM&#8217;s Office of Japan (@JPN_PMO) <a href=\"https:\/\/twitter.com\/JPN_PMO\/status\/1954157784406298722?ref_src=twsrc%5Etfw\">August 9, 2025<\/a><\/p><\/blockquote>\n<p>Teruko Yokoyama, outra sobrevivente de 83 anos, tamb\u00e9m est\u00e1 preocupada com o futuro. Com o passar dos anos, muitos sobreviventes t\u00eam falecido, e ela quer registrar suas hist\u00f3rias antes que desapare\u00e7am. Atualmente, h\u00e1 cerca de 99 mil sobreviventes, com idade m\u00e9dia acima de 86 anos.<\/p>\n<p>Para preservar essas mem\u00f3rias, uma organiza\u00e7\u00e3o em Nagasaki est\u00e1 digitalizando e compartilhando os relatos dessas pessoas em plataformas como o YouTube, uma iniciativa que conta com a ajuda de jovens que querem manter a hist\u00f3ria viva.<\/p>\n<p>\u201cExistem pessoas mais novas que est\u00e3o come\u00e7ando a agir, e isso nos d\u00e1 esperan\u00e7a\u201d, disse Yokoyama. A cidade tamb\u00e9m organizou um \u201cf\u00f3rum da paz\u201d, onde mais de 300 jovens ouviram relatos de sobreviventes. Seiichiro Mise, de 90 anos, entregou sementes de \u201cflores da paz\u201d para que essas mensagens flores\u00e7am nas novas gera\u00e7\u00f5es.<\/p>\n<p>Apesar desse esfor\u00e7o, h\u00e1 preocupa\u00e7\u00e3o entre os sobreviventes sobre a crescente amea\u00e7a nuclear no mundo. Eles criticam governos que continuam apoiando armas at\u00f4micas para garantir a seguran\u00e7a, mesmo com os riscos que isso traz.<\/p>\n<blockquote class=\"twitter-tweet\">\n<p lang=\"en\" dir=\"ltr\">August 9, 2025, marks the 80th anniversary of the atomic bombing of Nagasaki. Historically, Nagasaki was an important center of Japanese Catholicism. Among the civilian victims there were many believers, including Servant of God Nagai Midori. <a href=\"https:\/\/t.co\/WMzTooeFSq\">pic.twitter.com\/WMzTooeFSq<\/a><\/p>\n<p>\u2014 Catholicism in East Asia (@TheChurchInAsia) <a href=\"https:\/\/twitter.com\/TheChurchInAsia\/status\/1954139239731368283?ref_src=twsrc%5Etfw\">August 9, 2025<\/a><\/p><\/blockquote>\n<p><strong>Leia mais:<\/strong><\/p>\n<ul>\n<li>Cidade \u00e9 esvaziada ap\u00f3s descoberta de bombas da 2\u00aa Guerra Mundial<\/li>\n<li>Bomba da 2\u00aa Guerra Mundial \u00e9 encontrada em esta\u00e7\u00e3o de trem de Paris<\/li>\n<li>Navio brasileiro afundado durante a 2\u00aa Guerra Mundial \u00e9 localizado<\/li>\n<\/ul>\n<h2 class=\"wp-block-heading\" id=\"h-japao-nao-assinou-tratado-de-proibicao-de-armas-nucleares\"><strong>Jap\u00e3o n\u00e3o assinou Tratado de Proibi\u00e7\u00e3o de Armas Nucleares<\/strong><\/h2>\n<p>O Jap\u00e3o, que sofreu com as bombas em Hiroshima e Nagasaki, n\u00e3o assinou o Tratado de Proibi\u00e7\u00e3o de Armas Nucleares. O governo argumenta que depende da prote\u00e7\u00e3o nuclear dos EUA, hoje seu aliado, para manter a seguran\u00e7a nacional.<\/p>\n<p>No discurso em Nagasaki, o primeiro-ministro Shigeru Ishiba reafirmou o compromisso do pa\u00eds com um mundo sem armas nucleares. Ele prometeu incentivar o di\u00e1logo entre na\u00e7\u00f5es com armas nucleares e as que n\u00e3o t\u00eam, especialmente na pr\u00f3xima confer\u00eancia de revis\u00e3o do Tratado de N\u00e3o Prolifera\u00e7\u00e3o de Armas Nucleares, marcada para 2026 em Nova York.<\/p>\n<p>Ant\u00f3nio Guterres, secret\u00e1rio-geral da Organiza\u00e7\u00e3o das Na\u00e7\u00f5es Unidas (ONU), tamb\u00e9m destacou a import\u00e2ncia do desarmamento. Em mensagem lida na cerim\u00f4nia, ele pediu que os pa\u00edses deixem de falar e passem a agir para reduzir as armas nucleares, ressaltando o papel do Tratado de N\u00e3o Prolifera\u00e7\u00e3o.<\/p>\n<p>Todos os pa\u00edses foram convidados para a cerim\u00f4nia, mas a China avisou que n\u00e3o participaria, sem explicar o motivo. No ano passado, a aus\u00eancia do embaixador dos EUA e de outros representantes ocidentais causou pol\u00eamica, ap\u00f3s Nagasaki n\u00e3o convidar autoridades de Israel.<\/p>\n<p>A cada ano, a cidade renova sua lembran\u00e7a do passado, lan\u00e7ando tamb\u00e9m um alerta para o futuro. O desafio \u00e9 manter viva a mem\u00f3ria e trabalhar para que trag\u00e9dias como essa nunca mais aconte\u00e7am, especialmente num mundo onde a amea\u00e7a nuclear ainda existe.<\/p>\n<p>O post 80 anos da bomba at\u00f4mica: Nagasaki faz minuto de sil\u00eancio em mem\u00f3ria das v\u00edtimas apareceu primeiro em Olhar Digital.<\/p>\n<p><script async src=\"https:\/\/platform.twitter.com\/widgets.js\" charset=\"utf-8\"><\/script><br \/>\n<br \/><br \/>\n<br \/><a href=\"https:\/\/olhardigital.com.br\/2025\/08\/09\/ciencia-e-espaco\/80-anos-da-bomba-atomica-nagasaki-faz-minuto-de-silencio-em-memoria-das-vitimas\/\">Fonte do Artigo <\/a><br \/>\nTags:<\/p>\n<p><a title=\"Gestor de Tr\u00e1fego\" href=\"https:\/\/www.gestor-de-trafego.com\/\" target=\"_blank\"><strong>Gestor de Tr\u00e1fego<\/strong><\/a><\/p>\n<p><a href=\"https:\/\/wiy.com.br\/noticias\/categoria\/tecnologia\/\">#tecnologia<\/a> <a href=\"https:\/\/wiy.com.br\/noticias\/categoria\/tecnologia\/\">#tecnologias<\/a> <a href=\"https:\/\/wiy.com.br\/noticias\/categoria\/tecnologia\/\">#technology<\/a> <a href=\"https:\/\/wiy.com.br\/noticias\/categoria\/tecnologia\/\">#tecnolog<\/a> <a href=\"https:\/\/wiy.com.br\/noticias\/categoria\/tecnologia\/\">#iphone<\/a> <a href=\"https:\/\/wiy.com.br\/noticias\/categoria\/tecnologia\/\">#informatica<\/a> <a href=\"https:\/\/wiy.com.br\/noticias\/categoria\/tecnologia\/\">#tech<\/a> <a href=\"https:\/\/wiy.com.br\/noticias\/categoria\/tecnologia\/\">#design<\/a> <a href=\"https:\/\/wiy.com.br\/noticias\/categoria\/tecnologia\/\">#samsung<\/a> <a href=\"https:\/\/wiy.com.br\/noticias\/categoria\/tecnologia\/\">#internet<\/a> <a href=\"https:\/\/wiy.com.br\/noticias\/categoria\/tecnologia\/\">#apple<\/a> <a href=\"https:\/\/wiy.com.br\/noticias\/categoria\/tecnologia\/\">#smartphone<\/a> <a href=\"https:\/\/wiy.com.br\/noticias\/categoria\/tecnologia\/\">#seguranca<\/a> <a href=\"https:\/\/wiy.com.br\/noticias\/categoria\/tecnologia\/\">#venezuela<\/a> <a href=\"https:\/\/wiy.com.br\/noticias\/categoria\/tecnologia\/\">#celular<\/a> <a href=\"https:\/\/wiy.com.br\/noticias\/categoria\/tecnologia\/\">#celulares<\/a> <a href=\"https:\/\/wiy.com.br\/noticias\/categoria\/tecnologia\/\">#inovar<\/a> <a href=\"https:\/\/wiy.com.br\/noticias\/categoria\/tecnologia\/\">#qualidade<\/a> <a href=\"https:\/\/wiy.com.br\/noticias\/categoria\/tecnologia\/\">#software<\/a> <a href=\"https:\/\/wiy.com.br\/noticias\/categoria\/tecnologia\/\">#empresas<\/a> <a href=\"https:\/\/wiy.com.br\/noticias\/categoria\/tecnologia\/\">#cursos<\/a> <a href=\"https:\/\/wiy.com.br\/noticias\/categoria\/tecnologia\/\">#engenharia<\/a> <a href=\"https:\/\/wiy.com.br\/noticias\/categoria\/tecnologia\/\">#industria<\/a> <a href=\"https:\/\/wiy.com.br\/noticias\/categoria\/tecnologia\/\">#marketing<\/a> <a href=\"https:\/\/wiy.com.br\/noticias\/categoria\/tecnologia\/\">#ti<\/a> <a href=\"https:\/\/wiy.com.br\/noticias\/categoria\/tecnologia\/\">#tecnoblog<\/a> <a href=\"https:\/\/wiy.com.br\/noticias\/categoria\/tecnologia\/\">#veja<\/a> <a href=\"https:\/\/wiy.com.br\/noticias\/categoria\/tecnologia\/\">#olhardigital<\/a> <a href=\"https:\/\/wiy.com.br\/noticias\/categoria\/tecnologia\/\">#mundodigital<\/a> <a href=\"https:\/\/wiy.com.br\/noticias\/categoria\/tecnologia\/\">#inteligenciaartificial<\/a> <a href=\"https:\/\/wiy.com.br\/criacao-de-sites\/\">#criar site<\/a> <a href=\"https:\/\/wiy.com.br\/criacao-de-sites\/\">#criar site curitiba<\/a> <a href=\"https:\/\/wiy.com.br\/criacao-de-sites\/\">#wiysolutions<\/a><\/p>\n<p><a \n#anos #bomba #at\u00f4mica #Nagasaki #faz #minuto #sil\u00eancio #mem\u00f3ria #das #v\u00edtimas\n<\/p>\n","protected":false},"excerpt":{"rendered":"<p>No dia 9 de agosto de 1945, \u00e0s 11h02, Nagasaki, no Jap\u00e3o, foi atingida por uma bomba at\u00f4mica lan\u00e7ada pelos EUA, causando a morte de cerca de 74 mil pessoas. Esse ataque ocorreu apenas tr\u00eas dias depois da bomba lan\u00e7ada sobre Hiroshima, que fez 140 mil v\u00edtimas fatais. Neste s\u00e1bado, moradores e visitantes da cidade [&hellip;]<\/p>\n","protected":false},"author":1,"featured_media":92277,"comment_status":"open","ping_status":"open","sticky":false,"template":"","format":"standard","meta":{"footnotes":""},"categories":[5],"tags":[],"class_list":["post-95479","post","type-post","status-publish","format-standard","has-post-thumbnail","hentry","category-tecnologia"],"_links":{"self":[{"href":"https:\/\/wiy.com.br\/noticias\/wp-json\/wp\/v2\/posts\/95479","targetHints":{"allow":["GET"]}}],"collection":[{"href":"https:\/\/wiy.com.br\/noticias\/wp-json\/wp\/v2\/posts"}],"about":[{"href":"https:\/\/wiy.com.br\/noticias\/wp-json\/wp\/v2\/types\/post"}],"author":[{"embeddable":true,"href":"https:\/\/wiy.com.br\/noticias\/wp-json\/wp\/v2\/users\/1"}],"replies":[{"embeddable":true,"href":"https:\/\/wiy.com.br\/noticias\/wp-json\/wp\/v2\/comments?post=95479"}],"version-history":[{"count":1,"href":"https:\/\/wiy.com.br\/noticias\/wp-json\/wp\/v2\/posts\/95479\/revisions"}],"predecessor-version":[{"id":95480,"href":"https:\/\/wiy.com.br\/noticias\/wp-json\/wp\/v2\/posts\/95479\/revisions\/95480"}],"wp:featuredmedia":[{"embeddable":true,"href":"https:\/\/wiy.com.br\/noticias\/wp-json\/wp\/v2\/media\/92277"}],"wp:attachment":[{"href":"https:\/\/wiy.com.br\/noticias\/wp-json\/wp\/v2\/media?parent=95479"}],"wp:term":[{"taxonomy":"category","embeddable":true,"href":"https:\/\/wiy.com.br\/noticias\/wp-json\/wp\/v2\/categories?post=95479"},{"taxonomy":"post_tag","embeddable":true,"href":"https:\/\/wiy.com.br\/noticias\/wp-json\/wp\/v2\/tags?post=95479"}],"curies":[{"name":"wp","href":"https:\/\/api.w.org\/{rel}","templated":true}]}}