{"id":95164,"date":"2025-08-05T06:48:49","date_gmt":"2025-08-05T09:48:49","guid":{"rendered":"https:\/\/wiy.com.br\/noticias\/e-mais-saudavel-trabalhar-so-4-dias-por-semana-entenda-os-impactos-da-escala-reduzida\/"},"modified":"2025-08-05T06:48:57","modified_gmt":"2025-08-05T09:48:57","slug":"e-mais-saudavel-trabalhar-so-4-dias-por-semana-entenda-os-impactos-da-escala-reduzida","status":"publish","type":"post","link":"https:\/\/wiy.com.br\/noticias\/e-mais-saudavel-trabalhar-so-4-dias-por-semana-entenda-os-impactos-da-escala-reduzida\/","title":{"rendered":"\u00c9 mais saud\u00e1vel trabalhar s\u00f3 4 dias por semana? Entenda os impactos da escala reduzida"},"content":{"rendered":"<p> <br \/>\n<\/p>\n<p>Uma semana com quatro dias de trabalho e tr\u00eas de descanso. A escala 4&#215;3 \u00e9 o sonho de muitas pessoas que desejam viver uma vida mais equilibrada, sem excesso de trabalho e com mais sa\u00fade. Muitas delas se veem sobrecarregadas tendo dois dias de descanso semanal \u2013 e mais ainda aquelas que n\u00e3o frequentam o trabalho em apenas um dia na semana.<\/p>\n<p>Em alguns pa\u00edses como B\u00e9lgica e Nova Zel\u00e2ndia a escala 4&#215;3 j\u00e1 \u00e9 uma realidade. Na Isl\u00e2ndia, pa\u00eds pioneiro nos testes dessa nova jornada de trabalho, a ado\u00e7\u00e3o foi massiva, reduzindo a jornada dos islandeses para 35 ou 36 horas semanais.&nbsp;<\/p>\n<p>Tendo esses pa\u00edses como refer\u00eancia, v\u00e1rios outros est\u00e3o testando o modelo de trabalho reduzido, avaliando resultados sobre produtividade dentro da empresa, bem como quest\u00f5es de desempenho e sa\u00fade mental dos trabalhadores.<\/p>\n<p><strong>Leia mais:<\/strong><\/p>\n<ul>\n<li>Fim da escala 6&#215;1 pode beneficiar sa\u00fade f\u00edsica e mental, diz estudo<\/li>\n<li>Estressado no trabalho? Essa dica \u00e9 gratuita e ainda melhora a produtividade<\/li>\n<li>5 aplicativos para voc\u00ea organizar sua rotina<\/li>\n<\/ul>\n<h2 class=\"wp-block-heading\" id=\"h-quais-sao-os-beneficios-da-escala-4x3\">Quais s\u00e3o os benef\u00edcios da escala 4&#215;3?<\/h2>\n<p>Uma das maiores pesquisas sobre tema divulgada at\u00e9 ent\u00e3o, realizada pela revista cient\u00edfica <a href=\"https:\/\/www.nature.com\/articles\/s41562-025-02259-6.epdf\" target=\"_blank\" rel=\"noreferrer noopener\">Nature Human Behavior<\/a>, traz resultados promissores sobre essa nova jornada de trabalho.\u00a0<\/p>\n<p>O estudo conduzido por pesquisadores americanos e irlandeses realizou testes com 2.896 trabalhadores de 141 empresas com sede em pa\u00edses como Austr\u00e1lia, Canad\u00e1, Estados Unidos, Irlanda, Nova Zel\u00e2ndia e Reino Unido.&nbsp;<\/p>\n<p>As pessoas foram entrevistadas duas semanas antes da reestrutura\u00e7\u00e3o da carga semanal de trabalho, e ap\u00f3s o experimento, que durou 6 meses. Os participantes responderam um question\u00e1rio sobre sa\u00fade mental com foco em quatro temas: esgotamento, satisfa\u00e7\u00e3o no trabalho, bem-estar psicol\u00f3gico e sa\u00fade f\u00edsica.&nbsp;<\/p>\n<div class=\"wp-block-image\">\n<figure class=\"aligncenter size-large\"><figcaption class=\"wp-element-caption\">Benef\u00edcios da escala 4&#215;3 impactam sa\u00fade mental sem alterar os n\u00edveis de produtividade. (Imagem: Jacob Lund\/Shutterstock)<\/figcaption><\/figure>\n<\/div>\n<p>Antes da realiza\u00e7\u00e3o do estudo, uma hip\u00f3tese levantada pelos pesquisadores era a de que a escala 4&#215;3 pudesse gerar mais estresse, uma vez que os trabalhadores teriam que manter a mesma produtividade num tempo menor. No entanto, ao contr\u00e1rio do que muitos poderiam pensar, diminuir o tempo de trabalho manteve a produtividade.&nbsp;<\/p>\n<p>\u201cQuando as pessoas est\u00e3o mais descansadas, cometem menos erros e trabalham com mais intensidade\u201d, afirma em <a href=\"https:\/\/www.nature.com\/articles\/d41586-025-02295-2\" target=\"_blank\" rel=\"noreferrer noopener\">comunicado<\/a> Pedro Gomes, economista na Universidade Birkbeck de Londres.<\/p>\n<div class=\"wp-block-image\">\n<figure class=\"aligncenter size-large\"><img title = \"[Tags]\"loading=\"lazy\" decoding=\"async\" width=\"1024\" height=\"684\" src=\"https:\/\/olhardigital.com.br\/wp-content\/uploads\/2025\/04\/trabalho-1024x684.jpg\"alt = \"trabalho-1024x684 \u00c9 mais saud\u00e1vel trabalhar s\u00f3 4 dias por semana? Entenda os impactos da escala reduzida\" class=\"wp-image-1087500\" \/><figcaption class=\"wp-element-caption\">Redu\u00e7\u00e3o de fadiga \u00e9 um dos pontos positivos mencionados pelos participantes do estudo. (Imagem: Zamrznuti tonovi\/Shutterstock)<\/figcaption><\/figure>\n<\/div>\n<p>Ap\u00f3s o experimento de 6 meses operando dentro da escala 4&#215;3, sem altera\u00e7\u00e3o de sal\u00e1rio, as pessoas relataram melhorias n\u00e3o apenas no bem-estar, mas tamb\u00e9m apontaram menos problemas com sono e n\u00edveis de fadiga diminu\u00eddos.<\/p>\n<p>Outro dado interessante sobre o estudo \u00e9 que, ap\u00f3s o experimento de 6 meses, 90% das empresas decidiram manter a escala 4&#215;3. O que sinaliza que as empresas n\u00e3o sofreram mudan\u00e7as significativas, que fariam com que elas voltassem \u00e0 escala de trabalho com cinco dias \u00fateis.&nbsp;<\/p>\n<p>O post \u00c9 mais saud\u00e1vel trabalhar s\u00f3 4 dias por semana? Entenda os impactos da escala reduzida apareceu primeiro em Olhar Digital.<\/p>\n<p><br \/>\n<br \/><a href=\"https:\/\/olhardigital.com.br\/2025\/08\/05\/medicina-e-saude\/e-mais-saudavel-trabalhar-so-4-dias-por-semana-entenda-os-impactos-da-escala-reduzida\/\">Fonte do Artigo <\/a><br \/>\nTags:<\/p>\n<p><a title=\"Gestor de Tr\u00e1fego\" href=\"https:\/\/www.gestor-de-trafego.com\/\" target=\"_blank\"><strong>Gestor de Tr\u00e1fego<\/strong><\/a><\/p>\n<p><a href=\"https:\/\/wiy.com.br\/noticias\/categoria\/tecnologia\/\">#tecnologia<\/a> <a href=\"https:\/\/wiy.com.br\/noticias\/categoria\/tecnologia\/\">#tecnologias<\/a> <a href=\"https:\/\/wiy.com.br\/noticias\/categoria\/tecnologia\/\">#technology<\/a> <a href=\"https:\/\/wiy.com.br\/noticias\/categoria\/tecnologia\/\">#tecnolog<\/a> <a href=\"https:\/\/wiy.com.br\/noticias\/categoria\/tecnologia\/\">#iphone<\/a> <a href=\"https:\/\/wiy.com.br\/noticias\/categoria\/tecnologia\/\">#informatica<\/a> <a href=\"https:\/\/wiy.com.br\/noticias\/categoria\/tecnologia\/\">#tech<\/a> <a href=\"https:\/\/wiy.com.br\/noticias\/categoria\/tecnologia\/\">#design<\/a> <a href=\"https:\/\/wiy.com.br\/noticias\/categoria\/tecnologia\/\">#samsung<\/a> <a href=\"https:\/\/wiy.com.br\/noticias\/categoria\/tecnologia\/\">#internet<\/a> <a href=\"https:\/\/wiy.com.br\/noticias\/categoria\/tecnologia\/\">#apple<\/a> <a href=\"https:\/\/wiy.com.br\/noticias\/categoria\/tecnologia\/\">#smartphone<\/a> <a href=\"https:\/\/wiy.com.br\/noticias\/categoria\/tecnologia\/\">#seguranca<\/a> <a href=\"https:\/\/wiy.com.br\/noticias\/categoria\/tecnologia\/\">#venezuela<\/a> <a href=\"https:\/\/wiy.com.br\/noticias\/categoria\/tecnologia\/\">#celular<\/a> <a href=\"https:\/\/wiy.com.br\/noticias\/categoria\/tecnologia\/\">#celulares<\/a> <a href=\"https:\/\/wiy.com.br\/noticias\/categoria\/tecnologia\/\">#inovar<\/a> <a href=\"https:\/\/wiy.com.br\/noticias\/categoria\/tecnologia\/\">#qualidade<\/a> <a href=\"https:\/\/wiy.com.br\/noticias\/categoria\/tecnologia\/\">#software<\/a> <a href=\"https:\/\/wiy.com.br\/noticias\/categoria\/tecnologia\/\">#empresas<\/a> <a href=\"https:\/\/wiy.com.br\/noticias\/categoria\/tecnologia\/\">#cursos<\/a> <a href=\"https:\/\/wiy.com.br\/noticias\/categoria\/tecnologia\/\">#engenharia<\/a> <a href=\"https:\/\/wiy.com.br\/noticias\/categoria\/tecnologia\/\">#industria<\/a> <a href=\"https:\/\/wiy.com.br\/noticias\/categoria\/tecnologia\/\">#marketing<\/a> <a href=\"https:\/\/wiy.com.br\/noticias\/categoria\/tecnologia\/\">#ti<\/a> <a href=\"https:\/\/wiy.com.br\/noticias\/categoria\/tecnologia\/\">#tecnoblog<\/a> <a href=\"https:\/\/wiy.com.br\/noticias\/categoria\/tecnologia\/\">#veja<\/a> <a href=\"https:\/\/wiy.com.br\/noticias\/categoria\/tecnologia\/\">#olhardigital<\/a> <a href=\"https:\/\/wiy.com.br\/noticias\/categoria\/tecnologia\/\">#mundodigital<\/a> <a href=\"https:\/\/wiy.com.br\/noticias\/categoria\/tecnologia\/\">#inteligenciaartificial<\/a> <a href=\"https:\/\/wiy.com.br\/criacao-de-sites\/\">#criar site<\/a> <a href=\"https:\/\/wiy.com.br\/criacao-de-sites\/\">#criar site curitiba<\/a> <a href=\"https:\/\/wiy.com.br\/criacao-de-sites\/\">#wiysolutions<\/a><\/p>\n<p><a \n#mais #saud\u00e1vel #trabalhar #s\u00f3 #dias #por #semana #Entenda #impactos #escala #reduzida\n<\/p>\n","protected":false},"excerpt":{"rendered":"<p>Uma semana com quatro dias de trabalho e tr\u00eas de descanso. A escala 4&#215;3 \u00e9 o sonho de muitas pessoas que desejam viver uma vida mais equilibrada, sem excesso de trabalho e com mais sa\u00fade. Muitas delas se veem sobrecarregadas tendo dois dias de descanso semanal \u2013 e mais ainda aquelas que n\u00e3o frequentam o [&hellip;]<\/p>\n","protected":false},"author":1,"featured_media":95165,"comment_status":"open","ping_status":"open","sticky":false,"template":"","format":"standard","meta":{"footnotes":""},"categories":[5],"tags":[],"class_list":["post-95164","post","type-post","status-publish","format-standard","has-post-thumbnail","hentry","category-tecnologia"],"_links":{"self":[{"href":"https:\/\/wiy.com.br\/noticias\/wp-json\/wp\/v2\/posts\/95164","targetHints":{"allow":["GET"]}}],"collection":[{"href":"https:\/\/wiy.com.br\/noticias\/wp-json\/wp\/v2\/posts"}],"about":[{"href":"https:\/\/wiy.com.br\/noticias\/wp-json\/wp\/v2\/types\/post"}],"author":[{"embeddable":true,"href":"https:\/\/wiy.com.br\/noticias\/wp-json\/wp\/v2\/users\/1"}],"replies":[{"embeddable":true,"href":"https:\/\/wiy.com.br\/noticias\/wp-json\/wp\/v2\/comments?post=95164"}],"version-history":[{"count":1,"href":"https:\/\/wiy.com.br\/noticias\/wp-json\/wp\/v2\/posts\/95164\/revisions"}],"predecessor-version":[{"id":95166,"href":"https:\/\/wiy.com.br\/noticias\/wp-json\/wp\/v2\/posts\/95164\/revisions\/95166"}],"wp:featuredmedia":[{"embeddable":true,"href":"https:\/\/wiy.com.br\/noticias\/wp-json\/wp\/v2\/media\/95165"}],"wp:attachment":[{"href":"https:\/\/wiy.com.br\/noticias\/wp-json\/wp\/v2\/media?parent=95164"}],"wp:term":[{"taxonomy":"category","embeddable":true,"href":"https:\/\/wiy.com.br\/noticias\/wp-json\/wp\/v2\/categories?post=95164"},{"taxonomy":"post_tag","embeddable":true,"href":"https:\/\/wiy.com.br\/noticias\/wp-json\/wp\/v2\/tags?post=95164"}],"curies":[{"name":"wp","href":"https:\/\/api.w.org\/{rel}","templated":true}]}}