{"id":94736,"date":"2025-07-30T01:11:44","date_gmt":"2025-07-30T04:11:44","guid":{"rendered":"https:\/\/wiy.com.br\/noticias\/audi-prepara-esportivo-eletrico-que-promete-redefinir-a-marca\/"},"modified":"2025-07-30T01:12:01","modified_gmt":"2025-07-30T04:12:01","slug":"audi-prepara-esportivo-eletrico-que-promete-redefinir-a-marca","status":"publish","type":"post","link":"https:\/\/wiy.com.br\/noticias\/audi-prepara-esportivo-eletrico-que-promete-redefinir-a-marca\/","title":{"rendered":"Audi prepara esportivo el\u00e9trico que promete redefinir a marca"},"content":{"rendered":"<p> <br \/>\n<\/p>\n<p>A Audi est\u00e1 prestes a apresentar um novo carro esportivo el\u00e9trico, com estreia marcada para setembro, antes do Sal\u00e3o de Munique.<\/p>\n<p>Em entrevista ao jornal alem\u00e3o <em><a href=\"https:\/\/www.bild.de\/geld\/wirtschaft\/audi-chef-doellner-will-revolutionaeres-modell-enthuellen-68791ce33511bc17ac86dc31\" target=\"_blank\" rel=\"noreferrer noopener\">Bild<\/a><\/em>, o CEO da marca, Gernot D\u00f6llner, afirmou que o modelo representar\u00e1 um \u201cMomento TT 2.0\u201d, em refer\u00eancia ao impacto que o Audi TT teve nos anos 1990.<\/p>\n<div class=\"wp-block-image\">\n<figure class=\"aligncenter size-large\"><figcaption class=\"wp-element-caption\">Novo modelo el\u00e9trico ser\u00e1 aposta da montadora para renovar sua identidade e recuperar o prest\u00edgio &#8211; Imagem: Audi<\/figcaption><\/figure>\n<\/div>\n<h2 class=\"wp-block-heading\" id=\"h-comercializacao-para-meados-de-2027\">Comercializa\u00e7\u00e3o para meados de 2027 <\/h2>\n<ul>\n<li>A revela\u00e7\u00e3o ser\u00e1 inicialmente como carro-conceito, mas D\u00f6llner garantiu que o modelo ser\u00e1 produzido, com lan\u00e7amento previsto para daqui a dois anos.<\/li>\n<li>Embora detalhes t\u00e9cnicos n\u00e3o tenham sido divulgados, o novo esportivo servir\u00e1 como vitrine para o futuro da Audi, com nova linguagem de design, interior renovado e avan\u00e7os tecnol\u00f3gicos.<\/li>\n<li>D\u00f6llner o descreveu como um \u201cesportivo altamente emocional\u201d, posicionado entre o TT e o R8 em desempenho.<\/li>\n<\/ul>\n<p><strong>Leia mais<\/strong><\/p>\n<ul>\n<li>Os 10 carros mais populares da Audi<\/li>\n<li>Audi R8: o carro do Homem de Ferro deixar\u00e1 de existir<\/li>\n<li>Audi cogita tirar de linha seu 1\u00ba carro el\u00e9trico<\/li>\n<\/ul>\n<div class=\"wp-block-image\">\n<figure class=\"aligncenter size-large\"><img title = \"[Tags]\"loading=\"lazy\" decoding=\"async\" width=\"1024\" height=\"576\" src=\"https:\/\/olhardigital.com.br\/wp-content\/uploads\/2024\/03\/audi-r8-2-1024x576.webp\"alt = \"audi-r8-2-1024x576 Audi prepara esportivo el\u00e9trico que promete redefinir a marca\" class=\"wp-image-793786\" \/><figcaption class=\"wp-element-caption\">Novo ve\u00edculo vai trazer avan\u00e7os tecnol\u00f3gicos, e ter\u00e1 desempenho compar\u00e1vel a modelos famosos da Audi, como o TT e o R8 &#8211; Imagem: Audi<\/figcaption><\/figure>\n<\/div>\n<h2 class=\"wp-block-heading\" id=\"h-motor-igual-ao-de-modelo-da-porsche\">Motor igual ao de modelo da Porsche<\/h2>\n<p>Rumores indicam que o modelo pode compartilhar base e motoriza\u00e7\u00e3o com o futuro Porsche 718 EV, que teve seu lan\u00e7amento adiado. Se confirmado, o Audi dever\u00e1 ter ajustes pr\u00f3prios para se diferenciar da vers\u00e3o da Porsche.<\/p>\n<p>A marca aposta no novo esportivo como pe\u00e7a-chave para recuperar relev\u00e2ncia, ap\u00f3s enfrentar dificuldades com software, dire\u00e7\u00e3o aut\u00f4noma e uma linha de produtos que perdeu apelo.<\/p>\n<p>\u201cPrecisamos voltar aos trilhos agora\u201d, afirmou D\u00f6llner, que v\u00ea o novo modelo como um &#8220;construtor de identidade&#8221; para a Audi. A revela\u00e7\u00e3o oficial acontece em pouco mais de um m\u00eas.<\/p>\n<div class=\"wp-block-image\">\n<figure class=\"aligncenter size-full\"><img title = \"[Tags]\"loading=\"lazy\" decoding=\"async\" width=\"980\" height=\"599\" src=\"https:\/\/img.odcdn.com.br\/wp-content\/uploads\/2025\/07\/image-76.png\"alt = \"audi-r8-2-1024x576 Audi prepara esportivo el\u00e9trico que promete redefinir a marca\" class=\"wp-image-1156251\" \/><figcaption class=\"wp-element-caption\">CEO alega que o pr\u00f3ximo esportivo el\u00e9trico da Audi promete unir emo\u00e7\u00e3o e inova\u00e7\u00e3o &#8211; Imagem: Audi<\/figcaption><\/figure>\n<\/div>\n<p>O post Audi prepara esportivo el\u00e9trico que promete redefinir a marca apareceu primeiro em Olhar Digital.<\/p>\n<p><br \/>\n<br \/><a href=\"https:\/\/olhardigital.com.br\/2025\/07\/30\/carros-e-tecnologia\/audi-prepara-esportivo-eletrico-que-promete-redefinir-a-marca\/\">Fonte do Artigo <\/a><br \/>\nTags:<\/p>\n<p><a title=\"Gestor de Tr\u00e1fego\" href=\"https:\/\/www.gestor-de-trafego.com\/\" target=\"_blank\"><strong>Gestor de Tr\u00e1fego<\/strong><\/a><\/p>\n<p><a href=\"https:\/\/wiy.com.br\/noticias\/categoria\/tecnologia\/\">#tecnologia<\/a> <a href=\"https:\/\/wiy.com.br\/noticias\/categoria\/tecnologia\/\">#tecnologias<\/a> <a href=\"https:\/\/wiy.com.br\/noticias\/categoria\/tecnologia\/\">#technology<\/a> <a href=\"https:\/\/wiy.com.br\/noticias\/categoria\/tecnologia\/\">#tecnolog<\/a> <a href=\"https:\/\/wiy.com.br\/noticias\/categoria\/tecnologia\/\">#iphone<\/a> <a href=\"https:\/\/wiy.com.br\/noticias\/categoria\/tecnologia\/\">#informatica<\/a> <a href=\"https:\/\/wiy.com.br\/noticias\/categoria\/tecnologia\/\">#tech<\/a> <a href=\"https:\/\/wiy.com.br\/noticias\/categoria\/tecnologia\/\">#design<\/a> <a href=\"https:\/\/wiy.com.br\/noticias\/categoria\/tecnologia\/\">#samsung<\/a> <a href=\"https:\/\/wiy.com.br\/noticias\/categoria\/tecnologia\/\">#internet<\/a> <a href=\"https:\/\/wiy.com.br\/noticias\/categoria\/tecnologia\/\">#apple<\/a> <a href=\"https:\/\/wiy.com.br\/noticias\/categoria\/tecnologia\/\">#smartphone<\/a> <a href=\"https:\/\/wiy.com.br\/noticias\/categoria\/tecnologia\/\">#seguranca<\/a> <a href=\"https:\/\/wiy.com.br\/noticias\/categoria\/tecnologia\/\">#venezuela<\/a> <a href=\"https:\/\/wiy.com.br\/noticias\/categoria\/tecnologia\/\">#celular<\/a> <a href=\"https:\/\/wiy.com.br\/noticias\/categoria\/tecnologia\/\">#celulares<\/a> <a href=\"https:\/\/wiy.com.br\/noticias\/categoria\/tecnologia\/\">#inovar<\/a> <a href=\"https:\/\/wiy.com.br\/noticias\/categoria\/tecnologia\/\">#qualidade<\/a> <a href=\"https:\/\/wiy.com.br\/noticias\/categoria\/tecnologia\/\">#software<\/a> <a href=\"https:\/\/wiy.com.br\/noticias\/categoria\/tecnologia\/\">#empresas<\/a> <a href=\"https:\/\/wiy.com.br\/noticias\/categoria\/tecnologia\/\">#cursos<\/a> <a href=\"https:\/\/wiy.com.br\/noticias\/categoria\/tecnologia\/\">#engenharia<\/a> <a href=\"https:\/\/wiy.com.br\/noticias\/categoria\/tecnologia\/\">#industria<\/a> <a href=\"https:\/\/wiy.com.br\/noticias\/categoria\/tecnologia\/\">#marketing<\/a> <a href=\"https:\/\/wiy.com.br\/noticias\/categoria\/tecnologia\/\">#ti<\/a> <a href=\"https:\/\/wiy.com.br\/noticias\/categoria\/tecnologia\/\">#tecnoblog<\/a> <a href=\"https:\/\/wiy.com.br\/noticias\/categoria\/tecnologia\/\">#veja<\/a> <a href=\"https:\/\/wiy.com.br\/noticias\/categoria\/tecnologia\/\">#olhardigital<\/a> <a href=\"https:\/\/wiy.com.br\/noticias\/categoria\/tecnologia\/\">#mundodigital<\/a> <a href=\"https:\/\/wiy.com.br\/noticias\/categoria\/tecnologia\/\">#inteligenciaartificial<\/a> <a href=\"https:\/\/wiy.com.br\/criacao-de-sites\/\">#criar site<\/a> <a href=\"https:\/\/wiy.com.br\/criacao-de-sites\/\">#criar site curitiba<\/a> <a href=\"https:\/\/wiy.com.br\/criacao-de-sites\/\">#wiysolutions<\/a><\/p>\n<p><a \n#Audi #prepara #esportivo #el\u00e9trico #promete #redefinir #marca\n<\/p>\n","protected":false},"excerpt":{"rendered":"<p>A Audi est\u00e1 prestes a apresentar um novo carro esportivo el\u00e9trico, com estreia marcada para setembro, antes do Sal\u00e3o de Munique. Em entrevista ao jornal alem\u00e3o Bild, o CEO da marca, Gernot D\u00f6llner, afirmou que o modelo representar\u00e1 um \u201cMomento TT 2.0\u201d, em refer\u00eancia ao impacto que o Audi TT teve nos anos 1990. Novo [&hellip;]<\/p>\n","protected":false},"author":1,"featured_media":94737,"comment_status":"open","ping_status":"open","sticky":false,"template":"","format":"standard","meta":{"footnotes":""},"categories":[5],"tags":[],"class_list":["post-94736","post","type-post","status-publish","format-standard","has-post-thumbnail","hentry","category-tecnologia"],"_links":{"self":[{"href":"https:\/\/wiy.com.br\/noticias\/wp-json\/wp\/v2\/posts\/94736","targetHints":{"allow":["GET"]}}],"collection":[{"href":"https:\/\/wiy.com.br\/noticias\/wp-json\/wp\/v2\/posts"}],"about":[{"href":"https:\/\/wiy.com.br\/noticias\/wp-json\/wp\/v2\/types\/post"}],"author":[{"embeddable":true,"href":"https:\/\/wiy.com.br\/noticias\/wp-json\/wp\/v2\/users\/1"}],"replies":[{"embeddable":true,"href":"https:\/\/wiy.com.br\/noticias\/wp-json\/wp\/v2\/comments?post=94736"}],"version-history":[{"count":1,"href":"https:\/\/wiy.com.br\/noticias\/wp-json\/wp\/v2\/posts\/94736\/revisions"}],"predecessor-version":[{"id":94738,"href":"https:\/\/wiy.com.br\/noticias\/wp-json\/wp\/v2\/posts\/94736\/revisions\/94738"}],"wp:featuredmedia":[{"embeddable":true,"href":"https:\/\/wiy.com.br\/noticias\/wp-json\/wp\/v2\/media\/94737"}],"wp:attachment":[{"href":"https:\/\/wiy.com.br\/noticias\/wp-json\/wp\/v2\/media?parent=94736"}],"wp:term":[{"taxonomy":"category","embeddable":true,"href":"https:\/\/wiy.com.br\/noticias\/wp-json\/wp\/v2\/categories?post=94736"},{"taxonomy":"post_tag","embeddable":true,"href":"https:\/\/wiy.com.br\/noticias\/wp-json\/wp\/v2\/tags?post=94736"}],"curies":[{"name":"wp","href":"https:\/\/api.w.org\/{rel}","templated":true}]}}