{"id":94094,"date":"2025-07-20T18:19:04","date_gmt":"2025-07-20T21:19:04","guid":{"rendered":"https:\/\/wiy.com.br\/noticias\/fotos-ineditas-mostram-como-e-o-menor-carro-eletrico-baratinho-da-byd\/"},"modified":"2025-07-20T18:19:16","modified_gmt":"2025-07-20T21:19:16","slug":"fotos-ineditas-mostram-como-e-o-menor-carro-eletrico-baratinho-da-byd","status":"publish","type":"post","link":"https:\/\/wiy.com.br\/noticias\/fotos-ineditas-mostram-como-e-o-menor-carro-eletrico-baratinho-da-byd\/","title":{"rendered":"Fotos in\u00e9ditas mostram como \u00e9 o menor carro el\u00e9trico \u201cbaratinho\u201d da BYD"},"content":{"rendered":"<p> <br \/>\n<\/p>\n<p>Finalmente, j\u00e1 podemos ver como ser\u00e1 por dentro o novo carro el\u00e9trico &#8220;baratinho&#8221; da BYD que est\u00e1 sendo desenvolvido para competir com marcas nacionais, como a Honda, a Nissan e a Toyota no Jap\u00e3o. <\/p>\n<p>Estima-se que esse ser\u00e1 o menor ve\u00edculo j\u00e1 produzido pela marca. O modelo deve chegar ao mercado japon\u00eas na segunda metade de 2026 com pre\u00e7o inicial estimado em US$ 18 mil (cerca de R$ 100 mil), posicionado abaixo dos principais concorrentes locais.<\/p>\n<p>Em maio, o <strong>Olhar Digital<\/strong> noticiou sobre os planos da montadora chinesa em entrar no concentrado mercado japon\u00eas. Na ocasi\u00e3o, j\u00e1 era conhecido que a aposta seria em um kei car el\u00e9trico, tamb\u00e9m conhecido como K-Car. <\/p>\n<p>Agora, segundo o post do <a href=\"https:\/\/x.com\/thinkercar\/status\/1945303062995984580\" target=\"_blank\" rel=\"noreferrer noopener\">ThinkerCar no X<\/a>, o ve\u00edculo j\u00e1 foi flagrado em testes e teve imagens in\u00e9ditas do interior divulgadas nos \u00faltimos dias. Entre os detalhes que mais chamaram a aten\u00e7\u00e3o, est\u00e1 uma central multim\u00eddia flutuante no painel frontal. <\/p>\n<div class=\"wp-block-image\">\n<figure class=\"aligncenter size-large\"><figcaption class=\"wp-element-caption\"><em>Ainda sem nome, novo carro el\u00e9trico da BYD ser\u00e1 no segmento de K-Car para competir com as montadoras japonesas. Imagem: ThinkerCar via X\/ Reprodu\u00e7\u00e3o<\/em><\/figcaption><\/figure>\n<\/div>\n<p>Com dimens\u00f5es compactas e visual caracter\u00edstico desse tipo de ve\u00edculo urbano, o modelo promete conquistar espa\u00e7o em pa\u00edses como Jap\u00e3o, Reino Unido e regi\u00f5es do Sudeste Asi\u00e1tico. <\/p>\n<figure class=\"wp-block-embed is-type-rich is-provider-twitter wp-block-embed-twitter\">\n<div class=\"wp-block-embed__wrapper\">\n<blockquote class=\"twitter-tweet\" data-width=\"500\" data-dnt=\"true\">\n<p lang=\"en\" dir=\"ltr\"><a href=\"https:\/\/twitter.com\/hashtag\/BYD?src=hash&amp;ref_src=twsrc%5Etfw\">#BYD<\/a> K-Car spy shots reveal a four-door layout with sliding rear doors. The vehicle is expected to launch in <a href=\"https:\/\/twitter.com\/hashtag\/Japan?src=hash&amp;ref_src=twsrc%5Etfw\">#Japan<\/a> in H2 2026, with a starting price of RMB 130,000.<br \/>It will feature a 20 kWh battery offering 180km range (WLTC), heat pump AC system, and 100 kW fast charging\u2026 <a href=\"\"><\/a> <a href=\"https:\/\/t.co\/wYGtoC3yJk\">pic.twitter.com\/wYGtoC3yJk<\/a><\/p>\n<p>&mdash; ThinkerCar (@thinkercar) <a href=\"https:\/\/twitter.com\/thinkercar\/status\/1945303062995984580?ref_src=twsrc%5Etfw\">July 16, 2025<\/a><\/p><\/blockquote>\n<\/div>\n<\/figure>\n<h2 class=\"wp-block-heading\" id=\"h-byd-e-o-mercado-de-kei-cars-eletricos\">BYD e o mercado de kei cars el\u00e9tricos<\/h2>\n<ul>\n<li>O novo modelo da BYD ter\u00e1 menos de 3,4 metros de comprimento e deve custar menos que o <strong>Nissan Sakura<\/strong>, o EV mais vendido no Jap\u00e3o.<\/li>\n<\/ul>\n<ul>\n<li>A bateria de 20 kWh deve oferecer at\u00e9 180 km de alcance, com suporte a carregamento r\u00e1pido de at\u00e9 100 kW.<\/li>\n<\/ul>\n<ul>\n<li>O ve\u00edculo ter\u00e1 interior com volante \u00e0 direita e central multim\u00eddia flutuante, seguindo o padr\u00e3o visual de modelos como o Honda N-Box.<\/li>\n<\/ul>\n<h2 class=\"wp-block-heading\" id=\"h-novo-carro-eletrico-da-byd-chega-em-2026-com-foco-no-japao\">Novo carro el\u00e9trico da BYD chega em 2026 com foco no Jap\u00e3o<\/h2>\n<p>Os kei cars s\u00e3o uma categoria muito popular no Jap\u00e3o, com regras que limitam as dimens\u00f5es dos ve\u00edculos a at\u00e9 3,4 metros de comprimento, 1,48 m de largura e 2 m de altura. Com esses requisitos, os carros se tornam mais econ\u00f4micos em impostos e perfeitos para o uso urbano em cidades densas. <\/p>\n<p>O novo modelo da BYD, ainda sem nome oficial divulgado, segue esse padr\u00e3o. No entanto, se destaca por trazer um visual moderno, linhas retas e um design \u201cboxy\u201d que remete a modelos como o Honda N-Box, l\u00edder de vendas no Jap\u00e3o.<\/p>\n<div class=\"wp-block-image\">\n<figure class=\"aligncenter size-large\"><img title = \"[Tags]\"loading=\"lazy\" decoding=\"async\" width=\"1024\" height=\"660\" src=\"https:\/\/olhardigital.com.br\/wp-content\/uploads\/2025\/07\/Honda-N-Box-2024-1024x660.jpg\"alt = \"Honda-N-Box-2024-1024x660 Fotos in\u00e9ditas mostram como \u00e9 o menor carro el\u00e9trico \u201cbaratinho\u201d da BYD\" class=\"wp-image-1151536\" \/><figcaption class=\"wp-element-caption\"><em>Honda N-Box \u00e9 um kei car do Jap\u00e3o. Imagem: Honda N-Box \/ Divulga\u00e7\u00e3o<\/em><\/figcaption><\/figure>\n<\/div>\n<p>As fotos mais recentes revelam um interior simples, mas tecnol\u00f3gico, com destaque para uma central multim\u00eddia flutuante no centro do painel \u2013 elemento presente tamb\u00e9m em outros modelos da marca, como o BYD Dolphin Surf (conhecido como Seagull em outros mercados). <\/p>\n<p>A vers\u00e3o kei deve vir com bateria LFP fornecida pela FinDreams, divis\u00e3o da pr\u00f3pria BYD, o que ajuda a manter os custos baixos e pode representar uma vantagem competitiva em rela\u00e7\u00e3o \u00e0s montadoras japonesas.<\/p>\n<p><strong>Leia tamb\u00e9m:<\/strong><\/p>\n<ul>\n<li>10 carros da BYD que voc\u00ea pode comprar no Brasil<\/li>\n<li>BYD apresenta seu primeiro carro el\u00e9trico montado no Brasil<\/li>\n<li>Pneu de ve\u00edculos tem validade? Veja como isso se aplica a carro, moto e caminh\u00e3o<\/li>\n<\/ul>\n<h2 class=\"wp-block-heading\" id=\"h-minieletrico-da-byd-desafia-montadoras-japonesas\">Miniel\u00e9trico da BYD desafia montadoras japonesas<\/h2>\n<p>A expectativa de mercado \u00e9 alta. Segundo o <a href=\"https:\/\/electrek.co\/2025\/07\/18\/byds-18000-kei-car-ev-revealed-up-close-with-new-details\/\" target=\"_blank\" rel=\"noreferrer noopener\">Electrek<\/a>, fabricantes como Toyota, Honda, Nissan e Suzuki j\u00e1 est\u00e3o acompanhando de perto o movimento da BYD. <\/p>\n<p>Um revendedor da Suzuki chegou a afirmar que a chegada de modelos el\u00e9tricos baratos da montadora chinesa representa uma \u201camea\u00e7a real\u201d, especialmente entre os consumidores mais jovens, que n\u00e3o t\u00eam resist\u00eancia \u00e0 marca estrangeira.<\/p>\n<p>A BYD j\u00e1 conquistou espa\u00e7o relevante em mercados internacionais com modelos el\u00e9tricos de baixo custo e, com a chegada do seu kei car, quer repetir a estrat\u00e9gia no Jap\u00e3o, territ\u00f3rio at\u00e9 ent\u00e3o dominado pelas marcas locais.<\/p>\n<div class=\"wp-block-image\">\n<figure class=\"aligncenter size-large\"><img title = \"[Tags]\"loading=\"lazy\" decoding=\"async\" width=\"1024\" height=\"590\" src=\"https:\/\/olhardigital.com.br\/wp-content\/uploads\/2025\/07\/nissan-sakura-1024x590.jpg\"alt = \"Honda-N-Box-2024-1024x660 Fotos in\u00e9ditas mostram como \u00e9 o menor carro el\u00e9trico \u201cbaratinho\u201d da BYD\" class=\"wp-image-1151539\" \/><figcaption class=\"wp-element-caption\">Atualmente, o Nissan Sakura \u00e9 o carro el\u00e9trico mais vendido no Jap\u00e3o. Imagem: Nissan \/ Divulga\u00e7\u00e3o<\/figcaption><\/figure>\n<\/div>\n<p>O post Fotos in\u00e9ditas mostram como \u00e9 o menor carro el\u00e9trico &#8220;baratinho&#8221; da BYD apareceu primeiro em Olhar Digital.<\/p>\n<p><script async src=\"https:\/\/platform.twitter.com\/widgets.js\" charset=\"utf-8\"><\/script><br \/>\n<br \/><br \/>\n<br \/><a href=\"https:\/\/olhardigital.com.br\/2025\/07\/20\/carros-e-tecnologia\/fotos-ineditas-mostram-como-e-por-dentro-o-menor-carro-eletrico-baratinho-da-byd\/\">Fonte do Artigo <\/a><br \/>\nTags:<\/p>\n<p><a title=\"Gestor de Tr\u00e1fego\" href=\"https:\/\/www.gestor-de-trafego.com\/\" target=\"_blank\"><strong>Gestor de Tr\u00e1fego<\/strong><\/a><\/p>\n<p><a href=\"https:\/\/wiy.com.br\/noticias\/categoria\/tecnologia\/\">#tecnologia<\/a> <a href=\"https:\/\/wiy.com.br\/noticias\/categoria\/tecnologia\/\">#tecnologias<\/a> <a href=\"https:\/\/wiy.com.br\/noticias\/categoria\/tecnologia\/\">#technology<\/a> <a href=\"https:\/\/wiy.com.br\/noticias\/categoria\/tecnologia\/\">#tecnolog<\/a> <a href=\"https:\/\/wiy.com.br\/noticias\/categoria\/tecnologia\/\">#iphone<\/a> <a href=\"https:\/\/wiy.com.br\/noticias\/categoria\/tecnologia\/\">#informatica<\/a> <a href=\"https:\/\/wiy.com.br\/noticias\/categoria\/tecnologia\/\">#tech<\/a> <a href=\"https:\/\/wiy.com.br\/noticias\/categoria\/tecnologia\/\">#design<\/a> <a href=\"https:\/\/wiy.com.br\/noticias\/categoria\/tecnologia\/\">#samsung<\/a> <a href=\"https:\/\/wiy.com.br\/noticias\/categoria\/tecnologia\/\">#internet<\/a> <a href=\"https:\/\/wiy.com.br\/noticias\/categoria\/tecnologia\/\">#apple<\/a> <a href=\"https:\/\/wiy.com.br\/noticias\/categoria\/tecnologia\/\">#smartphone<\/a> <a href=\"https:\/\/wiy.com.br\/noticias\/categoria\/tecnologia\/\">#seguranca<\/a> <a href=\"https:\/\/wiy.com.br\/noticias\/categoria\/tecnologia\/\">#venezuela<\/a> <a href=\"https:\/\/wiy.com.br\/noticias\/categoria\/tecnologia\/\">#celular<\/a> <a href=\"https:\/\/wiy.com.br\/noticias\/categoria\/tecnologia\/\">#celulares<\/a> <a href=\"https:\/\/wiy.com.br\/noticias\/categoria\/tecnologia\/\">#inovar<\/a> <a href=\"https:\/\/wiy.com.br\/noticias\/categoria\/tecnologia\/\">#qualidade<\/a> <a href=\"https:\/\/wiy.com.br\/noticias\/categoria\/tecnologia\/\">#software<\/a> <a href=\"https:\/\/wiy.com.br\/noticias\/categoria\/tecnologia\/\">#empresas<\/a> <a href=\"https:\/\/wiy.com.br\/noticias\/categoria\/tecnologia\/\">#cursos<\/a> <a href=\"https:\/\/wiy.com.br\/noticias\/categoria\/tecnologia\/\">#engenharia<\/a> <a href=\"https:\/\/wiy.com.br\/noticias\/categoria\/tecnologia\/\">#industria<\/a> <a href=\"https:\/\/wiy.com.br\/noticias\/categoria\/tecnologia\/\">#marketing<\/a> <a href=\"https:\/\/wiy.com.br\/noticias\/categoria\/tecnologia\/\">#ti<\/a> <a href=\"https:\/\/wiy.com.br\/noticias\/categoria\/tecnologia\/\">#tecnoblog<\/a> <a href=\"https:\/\/wiy.com.br\/noticias\/categoria\/tecnologia\/\">#veja<\/a> <a href=\"https:\/\/wiy.com.br\/noticias\/categoria\/tecnologia\/\">#olhardigital<\/a> <a href=\"https:\/\/wiy.com.br\/noticias\/categoria\/tecnologia\/\">#mundodigital<\/a> <a href=\"https:\/\/wiy.com.br\/noticias\/categoria\/tecnologia\/\">#inteligenciaartificial<\/a> <a href=\"https:\/\/wiy.com.br\/criacao-de-sites\/\">#criar site<\/a> <a href=\"https:\/\/wiy.com.br\/criacao-de-sites\/\">#criar site curitiba<\/a> <a href=\"https:\/\/wiy.com.br\/criacao-de-sites\/\">#wiysolutions<\/a><\/p>\n<p><a \n#Fotos #in\u00e9ditas #mostram #como #menor #carro #el\u00e9trico #baratinho #BYD\n<\/p>\n","protected":false},"excerpt":{"rendered":"<p>Finalmente, j\u00e1 podemos ver como ser\u00e1 por dentro o novo carro el\u00e9trico &#8220;baratinho&#8221; da BYD que est\u00e1 sendo desenvolvido para competir com marcas nacionais, como a Honda, a Nissan e a Toyota no Jap\u00e3o. Estima-se que esse ser\u00e1 o menor ve\u00edculo j\u00e1 produzido pela marca. O modelo deve chegar ao mercado japon\u00eas na segunda metade [&hellip;]<\/p>\n","protected":false},"author":1,"featured_media":94095,"comment_status":"open","ping_status":"open","sticky":false,"template":"","format":"standard","meta":{"footnotes":""},"categories":[5],"tags":[],"class_list":["post-94094","post","type-post","status-publish","format-standard","has-post-thumbnail","hentry","category-tecnologia"],"_links":{"self":[{"href":"https:\/\/wiy.com.br\/noticias\/wp-json\/wp\/v2\/posts\/94094","targetHints":{"allow":["GET"]}}],"collection":[{"href":"https:\/\/wiy.com.br\/noticias\/wp-json\/wp\/v2\/posts"}],"about":[{"href":"https:\/\/wiy.com.br\/noticias\/wp-json\/wp\/v2\/types\/post"}],"author":[{"embeddable":true,"href":"https:\/\/wiy.com.br\/noticias\/wp-json\/wp\/v2\/users\/1"}],"replies":[{"embeddable":true,"href":"https:\/\/wiy.com.br\/noticias\/wp-json\/wp\/v2\/comments?post=94094"}],"version-history":[{"count":1,"href":"https:\/\/wiy.com.br\/noticias\/wp-json\/wp\/v2\/posts\/94094\/revisions"}],"predecessor-version":[{"id":94096,"href":"https:\/\/wiy.com.br\/noticias\/wp-json\/wp\/v2\/posts\/94094\/revisions\/94096"}],"wp:featuredmedia":[{"embeddable":true,"href":"https:\/\/wiy.com.br\/noticias\/wp-json\/wp\/v2\/media\/94095"}],"wp:attachment":[{"href":"https:\/\/wiy.com.br\/noticias\/wp-json\/wp\/v2\/media?parent=94094"}],"wp:term":[{"taxonomy":"category","embeddable":true,"href":"https:\/\/wiy.com.br\/noticias\/wp-json\/wp\/v2\/categories?post=94094"},{"taxonomy":"post_tag","embeddable":true,"href":"https:\/\/wiy.com.br\/noticias\/wp-json\/wp\/v2\/tags?post=94094"}],"curies":[{"name":"wp","href":"https:\/\/api.w.org\/{rel}","templated":true}]}}