{"id":93846,"date":"2025-07-17T00:44:04","date_gmt":"2025-07-17T03:44:04","guid":{"rendered":"https:\/\/wiy.com.br\/noticias\/8-curtas-que-viraram-longa-metragens-e-voce-precisa-conferir\/"},"modified":"2025-07-17T00:44:16","modified_gmt":"2025-07-17T03:44:16","slug":"8-curtas-que-viraram-longa-metragens-e-voce-precisa-conferir","status":"publish","type":"post","link":"https:\/\/wiy.com.br\/noticias\/8-curtas-que-viraram-longa-metragens-e-voce-precisa-conferir\/","title":{"rendered":"8 curtas que viraram longa-metragens e voc\u00ea precisa conferir"},"content":{"rendered":"<p> <br \/>\n<\/p>\n<p>Talvez aquele filme que voc\u00ea adora pela ideia engenhosa e criativa n\u00e3o seja t\u00e3o original assim! Na verdade, ele pode ser uma expans\u00e3o de uma ideia que o realizador desenvolveu em um curta-metragem.&nbsp;<\/p>\n<p>Isso \u00e9 bem comum: muitos longas-metragens surgem como vers\u00f5es ampliadas de curtas lan\u00e7ados anteriormente. Se voc\u00ea ficou curioso, confira a seguir 8 casos de curtas que viraram longas metragens.<\/p>\n<div class=\"wp-block-yoast-seo-table-of-contents yoast-table-of-contents\">\n<h2>Filmes que se originaram de curtas-metragens<\/h2>\n<ul>\n<li><a href=\"#h-monster-2005-e-o-babadook-2014\" data-level=\"2\">\u201cMonster\u201d (2005) e \u201cO Babadook\u201d (2014)<\/a><\/li>\n<li><a href=\"#h-eu-nao-quero-voltar-sozinho-2010-e-hoje-eu-quero-voltar-sozinho-2014\" data-level=\"2\">\u201cEu N\u00e3o Quero Voltar Sozinho\u201d (2010) e \u201cHoje Eu Quero Voltar Sozinho\u201d (2014)<\/a><\/li>\n<li><a href=\"#h-luzes-apagadas-2013-e-quando-as-luzes-se-apagam-2016\" data-level=\"2\">\u201cLuzes Apagadas\u201d (2013) e \u201cQuando as Luzes se Apagam\u201d (2016)<\/a><\/li>\n<li><a href=\"#h-laura-hasn-t-slept-2020-e-sorria-2022\" data-level=\"2\">\u201cLaura Hasn&#8217;t Slept\u201d (2020) e \u201cSorria\u201d (2022)<\/a><\/li>\n<li><a href=\"#h-frankenweenie-1984-e-frankenweenie-2012\" data-level=\"2\">\u201cFrankenweenie\u201d (1984) e \u201cFrankenweenie\u201d (2012)<\/a><\/li>\n<li><a href=\"#h-peluca-2002-e-napoleon-dynamite-2004\" data-level=\"2\">\u201cPeluca\u201d (2002) e \u201cNapoleon Dynamite\u201d (2004)<\/a><\/li>\n<li><a href=\"#h-oculus-chapter-3-the-man-with-the-plan-2006-e-o-espelho-2013\" data-level=\"2\">\u201cOculus: Chapter 3 &#8211; The Man with the Plan\u201d (2006) e \u201cO Espelho\u201d (2013)<\/a><\/li>\n<li><a href=\"#h-cargo-2013-e-cargo-2017\" data-level=\"2\">\u201cCargo\u201d (2013) e \u201cCargo\u201d (2017)<\/a><\/li>\n<\/ul>\n<\/div>\n<h2 class=\"wp-block-heading\" id=\"h-monster-2005-e-o-babadook-2014\">\u201cMonster\u201d (2005) e \u201cO Babadook\u201d (2014)<\/h2>\n<div class=\"wp-block-image\">\n<figure class=\"aligncenter size-large\"><figcaption class=\"wp-element-caption\">The Babadook (2014) \/ Cr\u00e9dito: Umbrella Entertainment (divulga\u00e7\u00e3o)<\/figcaption><\/figure>\n<\/div>\n<p>O terror psicol\u00f3gico &#8220;O Babadook&#8221; \u00e9 considerado por muitos cr\u00edticos como um dos melhores filmes da d\u00e9cada passada.<\/p>\n<p>Dirigido por Jennifer Kent, o longa acompanha uma m\u00e3e vi\u00fava (Essie Davis), abalada pela morte do marido, que tenta lidar com o medo do filho de um monstro imagin\u00e1rio. No entanto, eventos estranhos fazem a linha entre imagina\u00e7\u00e3o e realidade se confundir diante de uma presen\u00e7a sinistra.<\/p>\n<div class=\"wp-block-image\">\n<figure class=\"aligncenter size-large\"><img title = \"[Tags]\"loading=\"lazy\" decoding=\"async\" width=\"1024\" height=\"576\" src=\"https:\/\/olhardigital.com.br\/wp-content\/uploads\/2025\/07\/monster-1024x576.jpg\"alt = \"monster-1024x576 8 curtas que viraram longa-metragens e voc\u00ea precisa conferir\" class=\"wp-image-1149927\" \/><figcaption class=\"wp-element-caption\">Monster (2005) \/ Cr\u00e9dito: New South Wales Film &amp; Television Office, Maya Films (divulga\u00e7\u00e3o)<\/figcaption><\/figure>\n<\/div>\n<p>O que talvez voc\u00ea n\u00e3o saiba \u00e9 que Jennifer Kent baseou seu aclamado filme em um curta-metragem que realizou em 2005: &#8220;Monster&#8221;. Com 10 minutos de dura\u00e7\u00e3o, o curta apresenta uma m\u00e3e enfrentando o medo do filho de um monstro no arm\u00e1rio, mas logo percebem que algo sinistro realmente est\u00e1 \u00e0 espreita.<\/p>\n<ul>\n<li><strong>Onde assistir: <\/strong>\n<ul>\n<li>Curta-metragem: <a href=\"https:\/\/vimeo.com\/39042148\" target=\"_blank\" rel=\"noreferrer noopener\">Vimeo<\/a>;<\/li>\n<li>Filme: Mubi. <\/li>\n<\/ul>\n<\/li>\n<\/ul>\n<h2 class=\"wp-block-heading\" id=\"h-eu-nao-quero-voltar-sozinho-2010-e-hoje-eu-quero-voltar-sozinho-2014\">\u201cEu N\u00e3o Quero Voltar Sozinho\u201d (2010) e \u201cHoje Eu Quero Voltar Sozinho\u201d (2014)<\/h2>\n<div class=\"wp-block-image\">\n<figure class=\"aligncenter size-large\"><img title = \"[Tags]\"loading=\"lazy\" decoding=\"async\" width=\"1024\" height=\"576\" src=\"https:\/\/img.odcdn.com.br\/wp-content\/uploads\/2025\/04\/eu-nao-quero-voltar-sozinho-2010-1024x576.webp\"alt = \"monster-1024x576 8 curtas que viraram longa-metragens e voc\u00ea precisa conferir\" class=\"wp-image-1104999\" \/><figcaption class=\"wp-element-caption\">Eu N\u00e3o Quero Voltar Sozinho (2010) \/ Cr\u00e9dito: Lacuna Filmes (divulga\u00e7\u00e3o)<\/figcaption><\/figure>\n<\/div>\n<p>O longa brasileiro \u201cHoje Eu Quero Voltar Sozinho\u201d n\u00e3o s\u00f3 teve recep\u00e7\u00e3o positiva da cr\u00edtica brasileira (e tamb\u00e9m internacional), como tamb\u00e9m chamou a aten\u00e7\u00e3o do p\u00fablico.&nbsp;<\/p>\n<p>O filme \u00e9 um coming-of-age que acompanha um adolescente cego (Ghilherme Lobo) que descobre o amor com a chegada de um novo aluno (F\u00e1bio Audi) e lida com os ci\u00fames de sua melhor amiga (Tess Amorim).<\/p>\n<div class=\"wp-block-image\">\n<figure class=\"aligncenter size-large\"><img title = \"[Tags]\"decoding=\"async\" loading=\"lazy\" width=\"1024\" height=\"576\" src=\"https:\/\/img.odcdn.com.br\/wp-content\/uploads\/2025\/04\/hoje-eu-qiero-voltar-sozinho-2014-1024x576.webp\"alt = \"monster-1024x576 8 curtas que viraram longa-metragens e voc\u00ea precisa conferir\" class=\"wp-image-1105297\" \/><figcaption class=\"wp-element-caption\">Hoje Eu Quero Voltar Sozinho (2014) \/ Cr\u00e9dito: Vitrine Filmes (divulga\u00e7\u00e3o)<\/figcaption><\/figure>\n<\/div>\n<p>Contudo, voc\u00ea sabia que esse filme \u00e9, na verdade, uma expans\u00e3o de um curta de 17 minutos tamb\u00e9m dirigido por Daniel Ribeiro? Com um nome um pouco diferente, \u201cEu N\u00e3o Quero Voltar Sozinho\u201d foi lan\u00e7ado em 2010 e traz os mesmos atores adolescentes nos tr\u00eas pap\u00e9is principais.<\/p>\n<ul>\n<li><strong>Onde assistir: <\/strong>\n<ul>\n<li>Curta-metragem: <a href=\"https:\/\/youtu.be\/1Wav5KjBHbI?si=Xi3WTD3-4MV1PM9R\" target=\"_blank\" rel=\"noreferrer noopener\">YouTube<\/a>;<\/li>\n<li>Filme: Telecine. <\/li>\n<\/ul>\n<\/li>\n<\/ul>\n<h2 class=\"wp-block-heading\" id=\"h-luzes-apagadas-2013-e-quando-as-luzes-se-apagam-2016\">\u201cLuzes Apagadas\u201d (2013) e \u201cQuando as Luzes se Apagam\u201d (2016)<\/h2>\n<div class=\"wp-block-image\">\n<figure class=\"aligncenter size-large\"><img title = \"[Tags]\"decoding=\"async\" loading=\"lazy\" width=\"1024\" height=\"576\" src=\"https:\/\/img.odcdn.com.br\/wp-content\/uploads\/2025\/04\/lights-out-2016-1024x576.webp\"alt = \"monster-1024x576 8 curtas que viraram longa-metragens e voc\u00ea precisa conferir\" class=\"wp-image-1105001\" \/><figcaption class=\"wp-element-caption\">Lights Out (2016) \/ Cr\u00e9dito: Warner Bros. Pictures (divulga\u00e7\u00e3o)<\/figcaption><\/figure>\n<\/div>\n<p>O sueco David F. Sandberg deve sua carreira ao seu curta-metragem \u201cLuzes Apagadas\u201d. Com 3 minutos de dura\u00e7\u00e3o, a produ\u00e7\u00e3o \u00e9 estrelada por Lotta Losten, esposa de Sandberg.&nbsp;<\/p>\n<p>No curta, ela interpreta uma mulher que, ao apagar a luz do corredor de sua casa, v\u00ea uma silhueta humana aterrorizante. Quando acende a luz, a figura desaparece. A mulher tenta ir dormir deixando as luzes acesas, por\u00e9m a figura sinistra retorna com a escurid\u00e3o.&nbsp;<\/p>\n<p>\u201cLuzes Apagadas\u201d ganhou pr\u00eamios em festivais e se popularizou ap\u00f3s ser publicado no Vimeo e no YouTube, atraindo o interesse de produtores de Hollywood.<\/p>\n<div class=\"wp-block-image\">\n<figure class=\"aligncenter size-large\"><img title = \"[Tags]\"decoding=\"async\" loading=\"lazy\" width=\"1024\" height=\"576\" src=\"https:\/\/img.odcdn.com.br\/wp-content\/uploads\/2025\/07\/Luzes-Apagadas-1024x576.jpg\"alt = \"monster-1024x576 8 curtas que viraram longa-metragens e voc\u00ea precisa conferir\" class=\"wp-image-1149928\" \/><figcaption class=\"wp-element-caption\">Lights Out (2013) \/ Cr\u00e9dito: Sandberg Company (divulga\u00e7\u00e3o)<\/figcaption><\/figure>\n<\/div>\n<p>Em 2016, David F. Sandberg dirigiu a adapta\u00e7\u00e3o em longa-metragem, \u201cQuando as Luzes se Apagam\u201d, que acompanha uma mulher (Teresa Palmer) tentando proteger seu meio-irm\u00e3o mais novo de uma entidade que ataca na escurid\u00e3o.<\/p>\n<ul>\n<li><strong>Onde assistir: <\/strong>\n<ul>\n<li>Curta-metragem: <a href=\"https:\/\/vimeo.com\/82920243\" target=\"_blank\" rel=\"noreferrer noopener\">Vimeo<\/a>; <\/li>\n<li>Filme: HBO Max. <\/li>\n<\/ul>\n<\/li>\n<\/ul>\n<h2 class=\"wp-block-heading\" id=\"h-laura-hasn-t-slept-2020-e-sorria-2022\">\u201cLaura Hasn&#8217;t Slept\u201d (2020) e \u201cSorria\u201d (2022)<\/h2>\n<div class=\"wp-block-image\">\n<figure class=\"aligncenter size-large\"><img title = \"[Tags]\"decoding=\"async\" loading=\"lazy\" width=\"1024\" height=\"576\" src=\"https:\/\/img.odcdn.com.br\/wp-content\/uploads\/2025\/04\/sorria-1024x576.webp\"alt = \"monster-1024x576 8 curtas que viraram longa-metragens e voc\u00ea precisa conferir\" class=\"wp-image-1105002\" \/><figcaption class=\"wp-element-caption\">Smile (2022) \/ Credito: Paramount Pictures (divulga\u00e7\u00e3o)<\/figcaption><\/figure>\n<\/div>\n<p>Um dos filmes de terror de maior sucesso dos \u00faltimos anos, \u201cSorria\u201d marca a estreia do diretor Parker Finn. Na trama, uma terapeuta (Sosie Bacon) atende Laura (Caitlin Stasey), que afirma ter presenciado o suic\u00eddio de seu professor e estar sendo perseguida por uma entidade que se manifesta como pessoas sorridentes e prev\u00ea sua morte.<\/p>\n<p>Durante a sess\u00e3o, Laura entra em surto, sorri de forma perturbadora e se mata. A partir de ent\u00e3o, a terapeuta tamb\u00e9m passa a ser perseguida pela mesma entidade.<\/p>\n<p>Bem recebido pela cr\u00edtica, o filme chamou aten\u00e7\u00e3o global do p\u00fablico e ganhou uma sequ\u00eancia. No entanto, voc\u00ea sabia que \u201cSorria\u201d \u00e9, na verdade, uma sequ\u00eancia de um curta-metragem?<\/p>\n<div class=\"wp-block-image\">\n<figure class=\"aligncenter size-large\"><img title = \"[Tags]\"decoding=\"async\" loading=\"lazy\" width=\"1024\" height=\"576\" src=\"https:\/\/img.odcdn.com.br\/wp-content\/uploads\/2025\/04\/laura-hasnt-slept-1024x576.webp\"alt = \"monster-1024x576 8 curtas que viraram longa-metragens e voc\u00ea precisa conferir\" class=\"wp-image-1105015\" \/><figcaption class=\"wp-element-caption\">Laura Hasn&#8217;t Slept (2020) \/ Cr\u00e9dito: Paramount Home Entertainment (divulga\u00e7\u00e3o)<\/figcaption><\/figure>\n<\/div>\n<p>Em 2020, Parker Finn lan\u00e7ou o curta-metragem &#8220;Laura Hasn&#8217;t Slept&#8221;, que mostra acontecimentos anteriores envolvendo a personagem Laura Weaver, tamb\u00e9m interpretada por Caitlin Stasey. Na trama, Laura pede ajuda a seu terapeuta para lidar com um pesadelo recorrente e acaba encarando um terror bizarro em seguida.<\/p>\n<ul>\n<li><strong>Onde assistir: <\/strong>\n<ul>\n<li>Curta-metragem: <a href=\"https:\/\/youtu.be\/uy3t633Q4w0?si=_YD1hWW5ooSBc7sJ\" target=\"_blank\" rel=\"noreferrer noopener\">YouTube<\/a>; <\/li>\n<li>Filme: alugar ou comprar no YouTube Filmes, Amazon Prime Video, Microsoft Store e Apple TV+.<\/li>\n<\/ul>\n<\/li>\n<\/ul>\n<h2 class=\"wp-block-heading\" id=\"h-frankenweenie-1984-e-frankenweenie-2012\">\u201cFrankenweenie\u201d (1984) e \u201cFrankenweenie\u201d (2012)<\/h2>\n<div class=\"wp-block-image\">\n<figure class=\"aligncenter size-large\"><img title = \"[Tags]\"decoding=\"async\" loading=\"lazy\" width=\"1024\" height=\"576\" src=\"https:\/\/img.odcdn.com.br\/wp-content\/uploads\/2025\/04\/frankweenie-2012-1024x576.webp\"alt = \"monster-1024x576 8 curtas que viraram longa-metragens e voc\u00ea precisa conferir\" class=\"wp-image-1105007\" \/><figcaption class=\"wp-element-caption\">Frankenweenie (2012) \/ Cr\u00e9dito: Walt Disney Studios Motion Pictures (divulga\u00e7\u00e3o)<\/figcaption><\/figure>\n<\/div>\n<p>Se voc\u00ea j\u00e1 acompanha a carreira de Tim Burton h\u00e1 algum tempo, provavelmente sabia que ele baseou sua anima\u00e7\u00e3o em stop motion &#8220;Frankenweenie&#8221; em um curta-metragem live-action que dirigiu em 1984, no in\u00edcio de sua carreira.<\/p>\n<div class=\"wp-block-image\">\n<figure class=\"aligncenter size-large\"><img title = \"[Tags]\"decoding=\"async\" loading=\"lazy\" width=\"1024\" height=\"576\" src=\"https:\/\/img.odcdn.com.br\/wp-content\/uploads\/2025\/04\/frankweenie-1984-1024x576.webp\"alt = \"monster-1024x576 8 curtas que viraram longa-metragens e voc\u00ea precisa conferir\" class=\"wp-image-1105014\" \/><figcaption class=\"wp-element-caption\">Frankenweenie (1984) \/ Cr\u00e9dito: Buena Vista Distribution (divulga\u00e7\u00e3o)<\/figcaption><\/figure>\n<\/div>\n<p>Fazendo uma par\u00f3dia do romance Frankenstein, de Mary Shelley, o curta de 30 minutos acompanha um garoto que perde seu amado c\u00e3o atropelado. Ap\u00f3s assistir a uma aula de ci\u00eancias em que o professor demonstra o uso de corrente el\u00e9trica em sapos mortos, o menino decide fazer o mesmo com seu cachorro \u2013 e consegue ressuscit\u00e1-lo. O elenco traz nomes como Shelley Duvall e Daniel Stern.<\/p>\n<p>Em 2012, Burton realizou um remake do curta, dessa vez em forma de anima\u00e7\u00e3o em stop motion, expandindo a hist\u00f3ria original.<\/p>\n<ul>\n<li><strong>Onde assistir:<\/strong> tanto o curta quanto o longa est\u00e3o dispon\u00edveis no Disney+.<\/li>\n<\/ul>\n<h2 class=\"wp-block-heading\" id=\"h-peluca-2002-e-napoleon-dynamite-2004\">\u201cPeluca\u201d (2002) e \u201cNapoleon Dynamite\u201d (2004)<\/h2>\n<div class=\"wp-block-image\">\n<figure class=\"aligncenter size-large\"><img title = \"[Tags]\"decoding=\"async\" loading=\"lazy\" width=\"1024\" height=\"576\" src=\"https:\/\/img.odcdn.com.br\/wp-content\/uploads\/2025\/04\/napoleon-1024x576.webp\"alt = \"monster-1024x576 8 curtas que viraram longa-metragens e voc\u00ea precisa conferir\" class=\"wp-image-1105013\" \/><figcaption class=\"wp-element-caption\">Napoleon Dynamite (2004) \/ Cr\u00e9dito: Paramount Pictures, MTV Films (divulga\u00e7\u00e3o)<\/figcaption><\/figure>\n<\/div>\n<p>Com status cult, a com\u00e9dia indie &#8220;Napoleon Dynamite&#8221; segue o jovem esquisito e socialmente desajeitado que d\u00e1 nome ao filme (Jon Heder). A trama acompanha Napoleon lidando com sua fam\u00edlia bizarra e ajudando seu novo amigo a ganhar a presid\u00eancia da escola.<\/p>\n<p>O longa \u00e9 dirigido por Jared Hess e adaptado parcialmente de seu curta de 9 minutos, &#8220;Peluca&#8221; (2002), que tamb\u00e9m traz Jon Heder no papel principal.<\/p>\n<div class=\"wp-block-image\">\n<figure class=\"aligncenter size-large\"><img title = \"[Tags]\"decoding=\"async\" loading=\"lazy\" width=\"1024\" height=\"576\" src=\"https:\/\/img.odcdn.com.br\/wp-content\/uploads\/2025\/04\/peluca-2002-1024x576.webp\"alt = \"monster-1024x576 8 curtas que viraram longa-metragens e voc\u00ea precisa conferir\" class=\"wp-image-1105008\" \/><figcaption class=\"wp-element-caption\">Peluca (2002) \/ Cr\u00e9dito: Fox Searchlight Pictures, Paramount Pictures (divulga\u00e7\u00e3o)<\/figcaption><\/figure>\n<\/div>\n<ul>\n<li><strong>Onde assistir:<\/strong>\n<ul>\n<li>Curta-metragem: <a href=\"https:\/\/youtu.be\/uSP_NAjIv4Q?si=gD6joqypIfVxyyuk\" target=\"_blank\" rel=\"noreferrer noopener\">YouTube<\/a>;<\/li>\n<li>Filme: Mercado Play (gratuito com an\u00fancios).<\/li>\n<\/ul>\n<\/li>\n<\/ul>\n<p><strong>Leia tamb\u00e9m<\/strong>:<\/p>\n<ul>\n<li>Qual \u00e9 a ordem cronol\u00f3gica de <em>Pulp Fiction<\/em>?<\/li>\n<li>Os 7 melhores filmes com Madonna<\/li>\n<li><a class=\"\">Homem-Aranha: saiba qual a ordem cronol\u00f3gica dos filmes e anima\u00e7\u00f5es do Cabe\u00e7a de Teia<\/a><\/li>\n<\/ul>\n<h2 class=\"wp-block-heading\" id=\"h-oculus-chapter-3-the-man-with-the-plan-2006-e-o-espelho-2013\">\u201cOculus: Chapter 3 &#8211; The Man with the Plan\u201d (2006) e \u201cO Espelho\u201d (2013)<\/h2>\n<div class=\"wp-block-image\">\n<figure class=\"aligncenter size-large\"><img title = \"[Tags]\"decoding=\"async\" loading=\"lazy\" width=\"1024\" height=\"575\" src=\"https:\/\/img.odcdn.com.br\/wp-content\/uploads\/2025\/04\/oculus-1024x575.webp\"alt = \"monster-1024x576 8 curtas que viraram longa-metragens e voc\u00ea precisa conferir\" class=\"wp-image-1105009\" \/><figcaption class=\"wp-element-caption\">Oculus (2013) \/ Cr\u00e9dito: Relativity Media (divulga\u00e7\u00e3o)<\/figcaption><\/figure>\n<\/div>\n<p>Sob a dire\u00e7\u00e3o de Mike Flanagan, um dos cineastas de terror mais prestigiados da atualidade, &#8220;O Espelho&#8221; \u00e9 mais um exemplo de longa que expandiu a ideia de um curta lan\u00e7ado anteriormente.<\/p>\n<p>Karen Gillan e Brenton Thwaites estrelam como dois irm\u00e3os convencidos de que um espelho antigo \u00e9 o respons\u00e1vel pela morte e pelo infort\u00fanio de sua fam\u00edlia.<\/p>\n<p>Flanagan baseou o filme no seu curta-metragem &#8220;Oculus: Chapter 3 \u2013 The Man with the Plan&#8221;. Lan\u00e7ado em 2006 e com 32 minutos de dura\u00e7\u00e3o, o curta acompanha um jovem (Scott Graham) tentando provar e documentar que um espelho antigo \u00e9 o verdadeiro respons\u00e1vel por um crime horr\u00edvel atribu\u00eddo ao seu pai.<\/p>\n<div class=\"wp-block-image\">\n<figure class=\"aligncenter size-large\"><img title = \"[Tags]\"decoding=\"async\" loading=\"lazy\" width=\"1024\" height=\"576\" src=\"https:\/\/img.odcdn.com.br\/wp-content\/uploads\/2025\/04\/oculus-chapter-3-2006-1024x576.webp\"alt = \"monster-1024x576 8 curtas que viraram longa-metragens e voc\u00ea precisa conferir\" class=\"wp-image-1105012\" \/><figcaption class=\"wp-element-caption\">Oculus: Chapter 3 &#8211; The Man with the Plan (2006) \/ Cr\u00e9dito: Back 2 One Productions (divulga\u00e7\u00e3o)<\/figcaption><\/figure>\n<\/div>\n<ul>\n<li><strong>Onde assistir: <\/strong>\n<ul>\n<li>Curta-metragem: <a href=\"https:\/\/youtu.be\/gaCaVRSx8Bs?si=KqfRZJ4nR0cOX3Mh\" target=\"_blank\" rel=\"noreferrer noopener\">YouTube<\/a>; <\/li>\n<li>Filme: Paramount+, NetMovies (gratuito com an\u00fancios) e Pluto TV (gratuito com an\u00fancios). <\/li>\n<\/ul>\n<\/li>\n<\/ul>\n<h2 class=\"wp-block-heading\" id=\"h-cargo-2013-e-cargo-2017\">\u201cCargo\u201d (2013) e \u201cCargo\u201d (2017)<\/h2>\n<div class=\"wp-block-image\">\n<figure class=\"aligncenter size-large\"><img title = \"[Tags]\"decoding=\"async\" loading=\"lazy\" width=\"1024\" height=\"576\" src=\"https:\/\/img.odcdn.com.br\/wp-content\/uploads\/2025\/04\/cargo-2017-1024x576.webp\"alt = \"monster-1024x576 8 curtas que viraram longa-metragens e voc\u00ea precisa conferir\" class=\"wp-image-1105010\" \/><figcaption class=\"wp-element-caption\">Cargo (2017) \/ Cr\u00e9dito: Netflix (divulga\u00e7\u00e3o)<\/figcaption><\/figure>\n<\/div>\n<p>O curta australiano &#8220;Cargo&#8221;, da dupla Ben Howling e Yolanda Ramke, tornou-se viral ap\u00f3s ser publicado no YouTube. Lan\u00e7ada em 2013, a obra de 7 minutos se passa em um apocalipse zumbi e acompanha um pai tentando proteger sua filha rec\u00e9m-nascida.<\/p>\n<p>Em 2017, a dupla dirigiu o longa-metragem baseado no curta, trazendo o ator Martin Freeman no papel do pai.<\/p>\n<div class=\"wp-block-image\">\n<figure class=\"aligncenter size-large\"><img title = \"[Tags]\"decoding=\"async\" loading=\"lazy\" width=\"1024\" height=\"576\" src=\"https:\/\/img.odcdn.com.br\/wp-content\/uploads\/2025\/04\/cargo-2013-curta-1024x576.jpg\"alt = \"monster-1024x576 8 curtas que viraram longa-metragens e voc\u00ea precisa conferir\" class=\"wp-image-1105011\" \/><figcaption class=\"wp-element-caption\">Cargo (2013) \/ Cr\u00e9dito: Dreaming Tree Productions (divulga\u00e7\u00e3o)<\/figcaption><\/figure>\n<\/div>\n<ul>\n<li><strong>Onde assistir: <\/strong>\n<ul>\n<li>Curta-metragem: <a href=\"https:\/\/vimeo.com\/56629974\" target=\"_blank\" rel=\"noreferrer noopener\">Vimeo<\/a>;<\/li>\n<li>Filme: Netflix. <\/li>\n<\/ul>\n<\/li>\n<\/ul>\n<p>O post 8 curtas que viraram longa-metragens e voc\u00ea precisa conferir apareceu primeiro em Olhar Digital.<\/p>\n<p><br \/>\n<br \/><a href=\"https:\/\/olhardigital.com.br\/2025\/07\/17\/cinema-e-streaming\/8-curtas-que-viraram-longa-metragens-e-voce-precisa-conferir\/\">Fonte do Artigo <\/a><br \/>\nTags:<\/p>\n<p><a title=\"Gestor de Tr\u00e1fego\" href=\"https:\/\/www.gestor-de-trafego.com\/\" target=\"_blank\"><strong>Gestor de Tr\u00e1fego<\/strong><\/a><\/p>\n<p><a href=\"https:\/\/wiy.com.br\/noticias\/categoria\/tecnologia\/\">#tecnologia<\/a> <a href=\"https:\/\/wiy.com.br\/noticias\/categoria\/tecnologia\/\">#tecnologias<\/a> <a href=\"https:\/\/wiy.com.br\/noticias\/categoria\/tecnologia\/\">#technology<\/a> <a href=\"https:\/\/wiy.com.br\/noticias\/categoria\/tecnologia\/\">#tecnolog<\/a> <a href=\"https:\/\/wiy.com.br\/noticias\/categoria\/tecnologia\/\">#iphone<\/a> <a href=\"https:\/\/wiy.com.br\/noticias\/categoria\/tecnologia\/\">#informatica<\/a> <a href=\"https:\/\/wiy.com.br\/noticias\/categoria\/tecnologia\/\">#tech<\/a> <a href=\"https:\/\/wiy.com.br\/noticias\/categoria\/tecnologia\/\">#design<\/a> <a href=\"https:\/\/wiy.com.br\/noticias\/categoria\/tecnologia\/\">#samsung<\/a> <a href=\"https:\/\/wiy.com.br\/noticias\/categoria\/tecnologia\/\">#internet<\/a> <a href=\"https:\/\/wiy.com.br\/noticias\/categoria\/tecnologia\/\">#apple<\/a> <a href=\"https:\/\/wiy.com.br\/noticias\/categoria\/tecnologia\/\">#smartphone<\/a> <a href=\"https:\/\/wiy.com.br\/noticias\/categoria\/tecnologia\/\">#seguranca<\/a> <a href=\"https:\/\/wiy.com.br\/noticias\/categoria\/tecnologia\/\">#venezuela<\/a> <a href=\"https:\/\/wiy.com.br\/noticias\/categoria\/tecnologia\/\">#celular<\/a> <a href=\"https:\/\/wiy.com.br\/noticias\/categoria\/tecnologia\/\">#celulares<\/a> <a href=\"https:\/\/wiy.com.br\/noticias\/categoria\/tecnologia\/\">#inovar<\/a> <a href=\"https:\/\/wiy.com.br\/noticias\/categoria\/tecnologia\/\">#qualidade<\/a> <a href=\"https:\/\/wiy.com.br\/noticias\/categoria\/tecnologia\/\">#software<\/a> <a href=\"https:\/\/wiy.com.br\/noticias\/categoria\/tecnologia\/\">#empresas<\/a> <a href=\"https:\/\/wiy.com.br\/noticias\/categoria\/tecnologia\/\">#cursos<\/a> <a href=\"https:\/\/wiy.com.br\/noticias\/categoria\/tecnologia\/\">#engenharia<\/a> <a href=\"https:\/\/wiy.com.br\/noticias\/categoria\/tecnologia\/\">#industria<\/a> <a href=\"https:\/\/wiy.com.br\/noticias\/categoria\/tecnologia\/\">#marketing<\/a> <a href=\"https:\/\/wiy.com.br\/noticias\/categoria\/tecnologia\/\">#ti<\/a> <a href=\"https:\/\/wiy.com.br\/noticias\/categoria\/tecnologia\/\">#tecnoblog<\/a> <a href=\"https:\/\/wiy.com.br\/noticias\/categoria\/tecnologia\/\">#veja<\/a> <a href=\"https:\/\/wiy.com.br\/noticias\/categoria\/tecnologia\/\">#olhardigital<\/a> <a href=\"https:\/\/wiy.com.br\/noticias\/categoria\/tecnologia\/\">#mundodigital<\/a> <a href=\"https:\/\/wiy.com.br\/noticias\/categoria\/tecnologia\/\">#inteligenciaartificial<\/a> <a href=\"https:\/\/wiy.com.br\/criacao-de-sites\/\">#criar site<\/a> <a href=\"https:\/\/wiy.com.br\/criacao-de-sites\/\">#criar site curitiba<\/a> <a href=\"https:\/\/wiy.com.br\/criacao-de-sites\/\">#wiysolutions<\/a><\/p>\n<p><a \n#curtas #viraram #longametragens #voc\u00ea #precisa #conferir\n<\/p>\n","protected":false},"excerpt":{"rendered":"<p>Talvez aquele filme que voc\u00ea adora pela ideia engenhosa e criativa n\u00e3o seja t\u00e3o original assim! Na verdade, ele pode ser uma expans\u00e3o de uma ideia que o realizador desenvolveu em um curta-metragem.&nbsp; Isso \u00e9 bem comum: muitos longas-metragens surgem como vers\u00f5es ampliadas de curtas lan\u00e7ados anteriormente. Se voc\u00ea ficou curioso, confira a seguir 8 [&hellip;]<\/p>\n","protected":false},"author":1,"featured_media":93847,"comment_status":"open","ping_status":"open","sticky":false,"template":"","format":"standard","meta":{"footnotes":""},"categories":[5],"tags":[],"class_list":["post-93846","post","type-post","status-publish","format-standard","has-post-thumbnail","hentry","category-tecnologia"],"_links":{"self":[{"href":"https:\/\/wiy.com.br\/noticias\/wp-json\/wp\/v2\/posts\/93846","targetHints":{"allow":["GET"]}}],"collection":[{"href":"https:\/\/wiy.com.br\/noticias\/wp-json\/wp\/v2\/posts"}],"about":[{"href":"https:\/\/wiy.com.br\/noticias\/wp-json\/wp\/v2\/types\/post"}],"author":[{"embeddable":true,"href":"https:\/\/wiy.com.br\/noticias\/wp-json\/wp\/v2\/users\/1"}],"replies":[{"embeddable":true,"href":"https:\/\/wiy.com.br\/noticias\/wp-json\/wp\/v2\/comments?post=93846"}],"version-history":[{"count":1,"href":"https:\/\/wiy.com.br\/noticias\/wp-json\/wp\/v2\/posts\/93846\/revisions"}],"predecessor-version":[{"id":93848,"href":"https:\/\/wiy.com.br\/noticias\/wp-json\/wp\/v2\/posts\/93846\/revisions\/93848"}],"wp:featuredmedia":[{"embeddable":true,"href":"https:\/\/wiy.com.br\/noticias\/wp-json\/wp\/v2\/media\/93847"}],"wp:attachment":[{"href":"https:\/\/wiy.com.br\/noticias\/wp-json\/wp\/v2\/media?parent=93846"}],"wp:term":[{"taxonomy":"category","embeddable":true,"href":"https:\/\/wiy.com.br\/noticias\/wp-json\/wp\/v2\/categories?post=93846"},{"taxonomy":"post_tag","embeddable":true,"href":"https:\/\/wiy.com.br\/noticias\/wp-json\/wp\/v2\/tags?post=93846"}],"curies":[{"name":"wp","href":"https:\/\/api.w.org\/{rel}","templated":true}]}}