{"id":93790,"date":"2025-07-16T08:27:50","date_gmt":"2025-07-16T11:27:50","guid":{"rendered":"https:\/\/wiy.com.br\/noticias\/o-que-aconteceria-se-a-velocidade-da-luz-fosse-menor\/"},"modified":"2025-07-16T08:27:59","modified_gmt":"2025-07-16T11:27:59","slug":"o-que-aconteceria-se-a-velocidade-da-luz-fosse-menor","status":"publish","type":"post","link":"https:\/\/wiy.com.br\/noticias\/o-que-aconteceria-se-a-velocidade-da-luz-fosse-menor\/","title":{"rendered":"O que aconteceria se a velocidade da luz fosse menor?"},"content":{"rendered":"<p> <br \/>\n<\/p>\n<p>O Universo \u00e9 um palco de movimentos r\u00e1pidos e for\u00e7as grandiosas. Carros atingem velocidades impressionantes nas estradas, meteoros cruzam o c\u00e9u a milhares de quil\u00f4metros por hora e at\u00e9 o nosso planeta realiza sua \u00f3rbita ao redor do Sol a uma velocidade impressionante de aproximadamente 107.000 quil\u00f4metros por hora. <\/p>\n<p>Mas, nada que conhecemos chega perto da velocidade da luz, o limite m\u00e1ximo para a propaga\u00e7\u00e3o de energia e informa\u00e7\u00e3o no v\u00e1cuo. Essa constante define as regras do espa\u00e7o e do tempo, sustenta teorias fundamentais da f\u00edsica e permite que compreendamos fen\u00f4menos c\u00f3smicos. <\/p>\n<p>E se essa velocidade fosse um pouquinho mais lenta? O que seria da exist\u00eancia do Universo e do espa\u00e7o-tempo como conhecemos?<\/p>\n<p>A velocidade da luz \u00e9 um dos pilares fundamentais da f\u00edsica moderna e est\u00e1 presente em praticamente todas as explica\u00e7\u00f5es cient\u00edficas sobre o Universo. Sem esse valor, n\u00e3o seria poss\u00edvel compreender conceitos como tempo, espa\u00e7o, gravidade ou energia. <\/p>\n<p>O n\u00famero que hoje conhecemos como aproximadamente trezentos mil quil\u00f4metros por segundo define a rapidez m\u00e1xima com que a informa\u00e7\u00e3o e a mat\u00e9ria podem se mover no v\u00e1cuo. Essa constante est\u00e1 nas bases da Teoria da Relatividade, na compreens\u00e3o da origem do cosmos e na tecnologia que utilizamos todos os dias.<\/p>\n<h2 class=\"wp-block-heading\" id=\"h-o-que-e-a-velocidade-da-luz\">O que \u00e9 a velocidade da luz?<\/h2>\n<div class=\"wp-block-image\">\n<figure class=\"aligncenter size-full\"><figcaption class=\"wp-element-caption\">Imagem: Marcelo Zurita<\/figcaption><\/figure>\n<\/div>\n<p>A velocidade da luz \u00e9 a taxa m\u00e1xima em que a luz e todas as outras formas de radia\u00e7\u00e3o eletromagn\u00e9tica se propagam pelo v\u00e1cuo. Medida em aproximadamente 299.792 quil\u00f4metros por segundo, ela funciona como um limite natural para a movimenta\u00e7\u00e3o de energia e informa\u00e7\u00e3o. <\/p>\n<p>Essa constante universal est\u00e1 presente em f\u00f3rmulas fundamentais como a famosa equa\u00e7\u00e3o de Einstein, &#8220;E = mc\u00b2&#8221;, que relaciona energia, massa e a pr\u00f3pria velocidade da luz. Sem ela, n\u00e3o compreender\u00edamos os fen\u00f4menos que regem estrelas, buracos negros ou a expans\u00e3o do Universo.<\/p>\n<p>Esse valor tamb\u00e9m orienta diversas tecnologias do nosso dia a dia. Sistemas de comunica\u00e7\u00e3o via sat\u00e9lite, redes de internet, GPS e at\u00e9 exames m\u00e9dicos como resson\u00e2ncia magn\u00e9tica dependem de c\u00e1lculos precisos baseados na velocidade da luz. <\/p>\n<p>Na ci\u00eancia, ela permite medir dist\u00e2ncias c\u00f3smicas, estimar o tempo que a luz leva para chegar de estrelas distantes e compreender a idade de gal\u00e1xias. O impacto desse n\u00famero \u00e9 t\u00e3o amplo que qualquer altera\u00e7\u00e3o hipot\u00e9tica no seu valor mudaria completamente as leis f\u00edsicas que conhecemos.<\/p>\n<h2 class=\"wp-block-heading\" id=\"h-o-que-aconteceria-se-a-velocidade-da-luz-fosse-menor\">O que aconteceria se a velocidade da luz fosse menor?<\/h2>\n<div class=\"wp-block-image\">\n<figure class=\"aligncenter size-large\"><img title = \"[Tags]\"loading=\"lazy\" decoding=\"async\" width=\"1024\" height=\"682\" src=\"https:\/\/olhardigital.com.br\/wp-content\/uploads\/2025\/05\/Efeito-Terrell-Penrose-1024x682.jpg\"alt = \"Efeito-Terrell-Penrose-1024x682 O que aconteceria se a velocidade da luz fosse menor?\" class=\"wp-image-1115675\" \/><figcaption class=\"wp-element-caption\">Efeito Terrell-Penrose: objetos pr\u00f3ximos \u00e0 velocidade da luz parecem estar girando aos olhos de um observador. Cr\u00e9dito:  TU Wien<\/figcaption><\/figure>\n<\/div>\n<p>Se a velocidade da luz fosse menor, o primeiro impacto seria nas rela\u00e7\u00f5es fundamentais entre espa\u00e7o e tempo. Uma luz mais lenta significaria que informa\u00e7\u00f5es e energia levariam mais tempo para se propagar, o que mudaria o comportamento das estrelas, o equil\u00edbrio t\u00e9rmico dos planetas e at\u00e9 a forma como a gravidade influencia os corpos celestes. O Universo seria um lugar diferente, possivelmente mais denso e sujeito a processos evolutivos mais lentos.<\/p>\n<p><strong>Leia mais:<\/strong><\/p>\n<ul>\n<li>O que aconteceria se n\u00e3o existisse a Lua<\/li>\n<li>Por que J\u00fapiter parece estar encolhendo? Entenda o fen\u00f4meno que intriga os cientistas<\/li>\n<li>O que aconteceria se viaj\u00e1ssemos na velocidade da luz<\/li>\n<li><a href=\"https:\/\/olharddigital.com.br\/2022\/06\/27\/colunistas\/como-foi-medida-a-velocidade-da-luz\/\" target=\"_blank\" rel=\"noreferrer noopener\">Como foi medida a velocidade da luz<\/a><\/li>\n<\/ul>\n<p>Os pr\u00f3prios \u00e1tomos poderiam ter outra estrutura, pois as intera\u00e7\u00f5es eletromagn\u00e9ticas tamb\u00e9m seriam afetadas. Isso teria consequ\u00eancias diretas para a qu\u00edmica e para a forma\u00e7\u00e3o de mol\u00e9culas complexas, podendo dificultar ou at\u00e9 impedir o surgimento da vida como a conhecemos. <\/p>\n<p>O c\u00e9u noturno tamb\u00e9m seria distinto. Estrelas e gal\u00e1xias pareceriam mais apagadas ou distantes porque a luz demoraria mais a chegar at\u00e9 n\u00f3s. Fen\u00f4menos como eclipses, supernovas e explos\u00f5es c\u00f3smicas seriam observados com atrasos ainda maiores do que j\u00e1 ocorrem.<\/p>\n<p>Al\u00e9m disso, a tecnologia humana seria completamente diferente. Sistemas de comunica\u00e7\u00e3o baseados em sinais eletromagn\u00e9ticos teriam lat\u00eancias enormes. Viagens espaciais, que j\u00e1 s\u00e3o um desafio, se tornariam ainda mais limitadas, pois a troca de informa\u00e7\u00f5es com sondas e naves levaria muito mais tempo. <\/p>\n<p>At\u00e9 mesmo a percep\u00e7\u00e3o do tempo seria alterada, j\u00e1 que a luz \u00e9 o nosso principal meio de medir dist\u00e2ncias e registrar eventos.<\/p>\n<p>A velocidade da luz \u00e9 mais do que um n\u00famero fixo. Ela \u00e9 a base para o funcionamento de tudo o que conhecemos, desde os fen\u00f4menos c\u00f3smicos at\u00e9 as tecnologias que usamos todos os dias. Imaginar um Universo onde a velocidade da luz fosse menor \u00e9 um exerc\u00edcio que revela o quanto dependemos dessa constante para compreender a realidade e para desenvolver tudo o que sustenta nossa civiliza\u00e7\u00e3o.<\/p>\n<p><em>Com informa\u00e7\u00f5es de <a href=\"https:\/\/www.livescience.com\/what-if-speed-of-light-slowed-down\" target=\"_blank\" rel=\"noreferrer noopener\">Live Science<\/a>.<\/em><\/p>\n<p>O post O que aconteceria se a velocidade da luz fosse menor? apareceu primeiro em Olhar Digital.<\/p>\n<p><br \/>\n<br \/><a href=\"https:\/\/olhardigital.com.br\/2025\/07\/16\/ciencia-e-espaco\/o-que-aconteceria-se-a-velocidade-da-luz-fosse-menor\/\">Fonte do Artigo <\/a><br \/>\nTags:<\/p>\n<p><a title=\"Gestor de Tr\u00e1fego\" href=\"https:\/\/www.gestor-de-trafego.com\/\" target=\"_blank\"><strong>Gestor de Tr\u00e1fego<\/strong><\/a><\/p>\n<p><a href=\"https:\/\/wiy.com.br\/noticias\/categoria\/tecnologia\/\">#tecnologia<\/a> <a href=\"https:\/\/wiy.com.br\/noticias\/categoria\/tecnologia\/\">#tecnologias<\/a> <a href=\"https:\/\/wiy.com.br\/noticias\/categoria\/tecnologia\/\">#technology<\/a> <a href=\"https:\/\/wiy.com.br\/noticias\/categoria\/tecnologia\/\">#tecnolog<\/a> <a href=\"https:\/\/wiy.com.br\/noticias\/categoria\/tecnologia\/\">#iphone<\/a> <a href=\"https:\/\/wiy.com.br\/noticias\/categoria\/tecnologia\/\">#informatica<\/a> <a href=\"https:\/\/wiy.com.br\/noticias\/categoria\/tecnologia\/\">#tech<\/a> <a href=\"https:\/\/wiy.com.br\/noticias\/categoria\/tecnologia\/\">#design<\/a> <a href=\"https:\/\/wiy.com.br\/noticias\/categoria\/tecnologia\/\">#samsung<\/a> <a href=\"https:\/\/wiy.com.br\/noticias\/categoria\/tecnologia\/\">#internet<\/a> <a href=\"https:\/\/wiy.com.br\/noticias\/categoria\/tecnologia\/\">#apple<\/a> <a href=\"https:\/\/wiy.com.br\/noticias\/categoria\/tecnologia\/\">#smartphone<\/a> <a href=\"https:\/\/wiy.com.br\/noticias\/categoria\/tecnologia\/\">#seguranca<\/a> <a href=\"https:\/\/wiy.com.br\/noticias\/categoria\/tecnologia\/\">#venezuela<\/a> <a href=\"https:\/\/wiy.com.br\/noticias\/categoria\/tecnologia\/\">#celular<\/a> <a href=\"https:\/\/wiy.com.br\/noticias\/categoria\/tecnologia\/\">#celulares<\/a> <a href=\"https:\/\/wiy.com.br\/noticias\/categoria\/tecnologia\/\">#inovar<\/a> <a href=\"https:\/\/wiy.com.br\/noticias\/categoria\/tecnologia\/\">#qualidade<\/a> <a href=\"https:\/\/wiy.com.br\/noticias\/categoria\/tecnologia\/\">#software<\/a> <a href=\"https:\/\/wiy.com.br\/noticias\/categoria\/tecnologia\/\">#empresas<\/a> <a href=\"https:\/\/wiy.com.br\/noticias\/categoria\/tecnologia\/\">#cursos<\/a> <a href=\"https:\/\/wiy.com.br\/noticias\/categoria\/tecnologia\/\">#engenharia<\/a> <a href=\"https:\/\/wiy.com.br\/noticias\/categoria\/tecnologia\/\">#industria<\/a> <a href=\"https:\/\/wiy.com.br\/noticias\/categoria\/tecnologia\/\">#marketing<\/a> <a href=\"https:\/\/wiy.com.br\/noticias\/categoria\/tecnologia\/\">#ti<\/a> <a href=\"https:\/\/wiy.com.br\/noticias\/categoria\/tecnologia\/\">#tecnoblog<\/a> <a href=\"https:\/\/wiy.com.br\/noticias\/categoria\/tecnologia\/\">#veja<\/a> <a href=\"https:\/\/wiy.com.br\/noticias\/categoria\/tecnologia\/\">#olhardigital<\/a> <a href=\"https:\/\/wiy.com.br\/noticias\/categoria\/tecnologia\/\">#mundodigital<\/a> <a href=\"https:\/\/wiy.com.br\/noticias\/categoria\/tecnologia\/\">#inteligenciaartificial<\/a> <a href=\"https:\/\/wiy.com.br\/criacao-de-sites\/\">#criar site<\/a> <a href=\"https:\/\/wiy.com.br\/criacao-de-sites\/\">#criar site curitiba<\/a> <a href=\"https:\/\/wiy.com.br\/criacao-de-sites\/\">#wiysolutions<\/a><\/p>\n<p><a \n#aconteceria #velocidade #luz #fosse #menor\n<\/p>\n","protected":false},"excerpt":{"rendered":"<p>O Universo \u00e9 um palco de movimentos r\u00e1pidos e for\u00e7as grandiosas. Carros atingem velocidades impressionantes nas estradas, meteoros cruzam o c\u00e9u a milhares de quil\u00f4metros por hora e at\u00e9 o nosso planeta realiza sua \u00f3rbita ao redor do Sol a uma velocidade impressionante de aproximadamente 107.000 quil\u00f4metros por hora. Mas, nada que conhecemos chega perto [&hellip;]<\/p>\n","protected":false},"author":1,"featured_media":93791,"comment_status":"open","ping_status":"open","sticky":false,"template":"","format":"standard","meta":{"footnotes":""},"categories":[5],"tags":[],"class_list":["post-93790","post","type-post","status-publish","format-standard","has-post-thumbnail","hentry","category-tecnologia"],"_links":{"self":[{"href":"https:\/\/wiy.com.br\/noticias\/wp-json\/wp\/v2\/posts\/93790","targetHints":{"allow":["GET"]}}],"collection":[{"href":"https:\/\/wiy.com.br\/noticias\/wp-json\/wp\/v2\/posts"}],"about":[{"href":"https:\/\/wiy.com.br\/noticias\/wp-json\/wp\/v2\/types\/post"}],"author":[{"embeddable":true,"href":"https:\/\/wiy.com.br\/noticias\/wp-json\/wp\/v2\/users\/1"}],"replies":[{"embeddable":true,"href":"https:\/\/wiy.com.br\/noticias\/wp-json\/wp\/v2\/comments?post=93790"}],"version-history":[{"count":1,"href":"https:\/\/wiy.com.br\/noticias\/wp-json\/wp\/v2\/posts\/93790\/revisions"}],"predecessor-version":[{"id":93792,"href":"https:\/\/wiy.com.br\/noticias\/wp-json\/wp\/v2\/posts\/93790\/revisions\/93792"}],"wp:featuredmedia":[{"embeddable":true,"href":"https:\/\/wiy.com.br\/noticias\/wp-json\/wp\/v2\/media\/93791"}],"wp:attachment":[{"href":"https:\/\/wiy.com.br\/noticias\/wp-json\/wp\/v2\/media?parent=93790"}],"wp:term":[{"taxonomy":"category","embeddable":true,"href":"https:\/\/wiy.com.br\/noticias\/wp-json\/wp\/v2\/categories?post=93790"},{"taxonomy":"post_tag","embeddable":true,"href":"https:\/\/wiy.com.br\/noticias\/wp-json\/wp\/v2\/tags?post=93790"}],"curies":[{"name":"wp","href":"https:\/\/api.w.org\/{rel}","templated":true}]}}