{"id":93788,"date":"2025-07-16T08:26:41","date_gmt":"2025-07-16T11:26:41","guid":{"rendered":"https:\/\/wiy.com.br\/noticias\/jogando-golfe-a-beira-mar\/"},"modified":"2025-07-16T08:26:41","modified_gmt":"2025-07-16T11:26:41","slug":"jogando-golfe-a-beira-mar","status":"publish","type":"post","link":"https:\/\/wiy.com.br\/noticias\/jogando-golfe-a-beira-mar\/","title":{"rendered":"Jogando golfe \u00e0 beira mar"},"content":{"rendered":"<p> <br \/>\n<br \/><img title = \"[Tags]\"alt = \"Mariana2 Jogando golfe \u00e0 beira mar\"decoding=\"async\" src=\"https:\/\/vejasp.abril.com.br\/wp-content\/uploads\/2025\/07\/Mariana2.jpg\" \/><\/p>\n<p>Arquiteta por tr\u00e1s de empreendimentos de luxo em Santos, <strong>Mariana Crego<\/strong>, 33, estreia na Riviera de S\u00e3o Louren\u00e7o com o condom\u00ednio <strong>The Golf Village<\/strong>, que re\u00fane casas de tr\u00eas andares cercadas por um campo de golfe. Com veia sustent\u00e1vel, o projeto aposta em materiais como madeiras trazidas da Finl\u00e2ndia e certifica\u00e7\u00f5es ambientais como o selo franc\u00eas AQUA-HQE.<\/p>\n<p>Elevadores e terra\u00e7os com hidromassagem s\u00e3o algumas das comodidades nos im\u00f3veis, com valores de 12 a 19 milh\u00f5es de reais. \u201cFrequento a Riviera desde os 15 anos e \u00e9 aquele tipo de lugar que voc\u00ea nunca v\u00ea deteriorar, s\u00f3 valorizar\u201d, avalia.<\/p>\n<div id=\"relacionadas\" class=\"block noreadme-audima three_columns\">\n<ul class=\"block-menu\">\n<li data-tab=\"tab-1\" class=\"active\">Relacionadas<\/li>\n<\/ul>\n<div id=\"tab-1\" class=\"block-content active\">\n<ul class=\"relacionadas-s-img\">\n<li class=\"widget-news-item without-thumb with-border\">\n<div class=\"widget-news-info\"><a href=\"\/cultura-lazer\">Cultura &amp; Lazer<\/a><span class=\"widget-news-item-title\"><a href=\"https:\/\/vejasp.abril.com.br\/cultura-lazer\/brasil-esta-mais-seguro-de-sua-forca-cultural-diz-diplomata\/\">\u201cBrasil est\u00e1 mais seguro de sua for\u00e7a cultural\u201d, diz diplomata<\/a><\/span><span class=\"widget-news-item-date\">11 jul 2025 &#8211; 06h07<\/span><\/div>\n<\/li>\n<li class=\"widget-news-item without-thumb with-border\">\n<div class=\"widget-news-info\"><a href=\"\/cidades\">Cidades<\/a><span class=\"widget-news-item-title\"><a href=\"https:\/\/vejasp.abril.com.br\/cidades\/festa-da-cerejeira-em-flor-comeca-no-dia-26-em-campos-do-jordao\/\">Festa da Cerejeira em Flor come\u00e7a no dia 26 em Campos do Jord\u00e3o<\/a><\/span><span class=\"widget-news-item-date\">10 jul 2025 &#8211; 16h07<\/span><\/div>\n<\/li>\n<li class=\"widget-news-item without-thumb with-border\">\n<div class=\"widget-news-info\"><a href=\"\/cultura-lazer\">Cultura &amp; Lazer<\/a><span class=\"widget-news-item-title\"><a href=\"https:\/\/vejasp.abril.com.br\/cultura-lazer\/megaexposicao-raul-seixas-mis-serie-globoplay\/\">Megaexposi\u00e7\u00e3o de Raul Seixas no MIS tem primeiro viol\u00e3o e manuscritos originais do cantor<\/a><\/span><span class=\"widget-news-item-date\">10 jul 2025 &#8211; 13h07<\/span><\/div>\n<\/li>\n<\/ul>\n<\/div>\n<\/div>\n<div class=\"ads after-text noreadme-audima\">\n    <span class=\"title\">Publicidade<\/span><\/p>\n<div class=\"abrAD\" data-format=\"aftertext\" data-mapping=\"intext\"><\/div>\n<\/div>\n<p><br \/>\n<br \/><a href=\"https:\/\/vejasp.abril.com.br\/coluna\/terraco-paulistano\/jogando-golfe-a-beira-mar\/\">Fonte do Artigo <\/a><br \/>\nTags:<br \/>\n#loterias #loteriascaixa #megasena #resultadoapostas#noticias #noticiario  #noticia #brasil #noticiascolombia #mundo #esporte #colombia #noticiadeld #ltimasnoticias  #noticiario #noticiasregionales #noticiasdepartamentales #noticiashoy #esportes #noticiaahora #elinformantenoticias #noticiasdeboyac  #esporteinterativo #esportivo #diariodosesportes  #noticiero  #jogodefutebol #jogos #loto #apostas<\/p>\n","protected":false},"excerpt":{"rendered":"<p>Arquiteta por tr\u00e1s de empreendimentos de luxo em Santos, Mariana Crego, 33, estreia na Riviera de S\u00e3o Louren\u00e7o com o condom\u00ednio The Golf Village, que re\u00fane casas de tr\u00eas andares cercadas por um campo de golfe. Com veia sustent\u00e1vel, o projeto aposta em materiais como madeiras trazidas da Finl\u00e2ndia e certifica\u00e7\u00f5es ambientais como o selo [&hellip;]<\/p>\n","protected":false},"author":1,"featured_media":93789,"comment_status":"open","ping_status":"open","sticky":false,"template":"","format":"standard","meta":{"footnotes":""},"categories":[1],"tags":[],"class_list":["post-93788","post","type-post","status-publish","format-standard","has-post-thumbnail","hentry","category-curso-de-copy"],"_links":{"self":[{"href":"https:\/\/wiy.com.br\/noticias\/wp-json\/wp\/v2\/posts\/93788","targetHints":{"allow":["GET"]}}],"collection":[{"href":"https:\/\/wiy.com.br\/noticias\/wp-json\/wp\/v2\/posts"}],"about":[{"href":"https:\/\/wiy.com.br\/noticias\/wp-json\/wp\/v2\/types\/post"}],"author":[{"embeddable":true,"href":"https:\/\/wiy.com.br\/noticias\/wp-json\/wp\/v2\/users\/1"}],"replies":[{"embeddable":true,"href":"https:\/\/wiy.com.br\/noticias\/wp-json\/wp\/v2\/comments?post=93788"}],"version-history":[{"count":0,"href":"https:\/\/wiy.com.br\/noticias\/wp-json\/wp\/v2\/posts\/93788\/revisions"}],"wp:featuredmedia":[{"embeddable":true,"href":"https:\/\/wiy.com.br\/noticias\/wp-json\/wp\/v2\/media\/93789"}],"wp:attachment":[{"href":"https:\/\/wiy.com.br\/noticias\/wp-json\/wp\/v2\/media?parent=93788"}],"wp:term":[{"taxonomy":"category","embeddable":true,"href":"https:\/\/wiy.com.br\/noticias\/wp-json\/wp\/v2\/categories?post=93788"},{"taxonomy":"post_tag","embeddable":true,"href":"https:\/\/wiy.com.br\/noticias\/wp-json\/wp\/v2\/tags?post=93788"}],"curies":[{"name":"wp","href":"https:\/\/api.w.org\/{rel}","templated":true}]}}