{"id":93407,"date":"2025-07-10T13:58:18","date_gmt":"2025-07-10T16:58:18","guid":{"rendered":"https:\/\/wiy.com.br\/noticias\/41-dos-postes-eletricos-no-centro-de-sao-paulo-estao-revitalizados\/"},"modified":"2025-07-10T13:58:18","modified_gmt":"2025-07-10T16:58:18","slug":"41-dos-postes-eletricos-no-centro-de-sao-paulo-estao-revitalizados","status":"publish","type":"post","link":"https:\/\/wiy.com.br\/noticias\/41-dos-postes-eletricos-no-centro-de-sao-paulo-estao-revitalizados\/","title":{"rendered":"41% dos postes el\u00e9tricos no centro de S\u00e3o Paulo est\u00e3o revitalizados"},"content":{"rendered":"<p> <br \/>\n<br \/><img title = \"[Tags]\"alt = \"IMG_6659 41% dos postes el\u00e9tricos no centro de S\u00e3o Paulo est\u00e3o revitalizados\"decoding=\"async\" src=\"https:\/\/vejasp.abril.com.br\/wp-content\/uploads\/2025\/07\/IMG_6659.jpeg\" \/><\/p>\n<p>A gest\u00e3o municipal anunciou nesta quinta-feira (10) que vinte postes cl\u00e1ssicos est\u00e3o em fase de <a href=\"https:\/\/vejasp.abril.com.br\/arquitetura\/conheca-os-tres-paineis-do-di-cavalcanti-no-centro-de-sao-paulo\/\">restauro<\/a> na regi\u00e3o da Rep\u00fablica e do Largo do Arouche. Colocados no in\u00edcio do s\u00e9culo XX, eles s\u00e3o conhecidos como \u201c<strong>postes da Light<\/strong>\u201d, em refer\u00eancia \u00e0 antiga companhia de energia da cidade.<\/p>\n<p>O projeto de restaura\u00e7\u00e3o das estruturas come\u00e7ou em 2018, sob responsabilidade da Ilumina SP, e at\u00e9 o momento alcan\u00e7ou 41, 43%. No total, s\u00e3o 1716 ilumina\u00e7\u00f5es do tipo no centro da cidade, das quais 711 passaram pelo processo.<\/p>\n<div class=\"noreadme-audima ads video-ads\">\n<div class=\"abrAD\" data-format=\"intext_video\"><\/div>\n<\/div>\n<p>Atualmente, a cidade possui oito diferentes tipos de postes el\u00e9tricos de ferro fundido. Instalados em 1907, a capital chegou a ter 24 tipos distintos.<\/p>\n<p>Segundo a <strong>Secretaria Municipal das Subprefeituras<\/strong> (SMSUB), o procedimento de restauro \u00e9 complexo, porque envolve diferentes etapas: <span>\u00a0lixamento para retirada de tintas antigas, aplica\u00e7\u00e3o de zarc\u00e3o (fundo sint\u00e9tico anticorrosivo), pintura com esmalte sint\u00e9tico preto semi-brilho, substitui\u00e7\u00e3o de pe\u00e7as danificadas, al\u00e9m da padroniza\u00e7\u00e3o de itens como globos, soquetes e cabeamentos. As partes em ferro fundido ainda s\u00e3o escaneadas em 3D para fazer moldes de madeira para nova fundi\u00e7\u00e3o.<\/span><\/p>\n<p>Os j\u00e1 restaurados se encontram em locais hist\u00f3ricos da cidade, como o Museu do Ipiranga, o Viaduto Santa Ifig\u00eania, a Rua Brigadeiro Tobias, a Avenida Prestes Maia e a Pra\u00e7a Pedro Lessa.<\/p>\n<div class=\"box-app-phone-share noreadme-audima\">\n<div class=\"title-phone-share\">Compartilhe essa mat\u00e9ria via:<\/div>\n<div class=\"buttoms-phone-share\">\n\t\t<a class=\"whatsapp\" id=\"whatsappShare\" rel=\"nofollow\" aria-label=\"Compartilhe no Whatsapp\" target=\"_blank\" href=\"https:\/\/api.whatsapp.com\/send?text=https:\/\/vejasp.abril.com.br\/cidades\/41-dos-postes-eletricos-no-centro-de-sao-paulo-estao-revitalizados\/?utm_medium=whatsapp&amp;utm_source=shortcode_vejinhas\"><span>WhatsAPP<\/span><\/a><br \/>\n\t\t<a class=\"telegram\" id=\"telegramShare\" rel=\"nofollow\" aria-label=\"Compartilhe no Telegram\" target=\"_blank\" href=\"https:\/\/telegram.me\/share\/url?url=https:\/\/vejasp.abril.com.br\/cidades\/41-dos-postes-eletricos-no-centro-de-sao-paulo-estao-revitalizados\/?utm_medium=telegram&amp;utm_source=shortcode_vejinhas\"><span>Telegram<\/span><\/a>\n\t\t<\/div>\n<\/p><\/div>\n<div class=\"ads after-text noreadme-audima\">\n    <span class=\"title\">Publicidade<\/span><\/p>\n<div class=\"abrAD\" data-format=\"aftertext\" data-mapping=\"intext\"><\/div>\n<\/div>\n<p><br \/>\n<br \/><a href=\"https:\/\/vejasp.abril.com.br\/cidades\/41-dos-postes-eletricos-no-centro-de-sao-paulo-estao-revitalizados\/\">Fonte do Artigo <\/a><br \/>\nTags:<br \/>\n#loterias #loteriascaixa #megasena #resultadoapostas#noticias #noticiario  #noticia #brasil #noticiascolombia #mundo #esporte #colombia #noticiadeld #ltimasnoticias  #noticiario #noticiasregionales #noticiasdepartamentales #noticiashoy #esportes #noticiaahora #elinformantenoticias #noticiasdeboyac  #esporteinterativo #esportivo #diariodosesportes  #noticiero  #jogodefutebol #jogos #loto #apostas<\/p>\n","protected":false},"excerpt":{"rendered":"<p>A gest\u00e3o municipal anunciou nesta quinta-feira (10) que vinte postes cl\u00e1ssicos est\u00e3o em fase de restauro na regi\u00e3o da Rep\u00fablica e do Largo do Arouche. Colocados no in\u00edcio do s\u00e9culo XX, eles s\u00e3o conhecidos como \u201cpostes da Light\u201d, em refer\u00eancia \u00e0 antiga companhia de energia da cidade. O projeto de restaura\u00e7\u00e3o das estruturas come\u00e7ou em [&hellip;]<\/p>\n","protected":false},"author":1,"featured_media":93408,"comment_status":"open","ping_status":"open","sticky":false,"template":"","format":"standard","meta":{"footnotes":""},"categories":[1],"tags":[],"class_list":["post-93407","post","type-post","status-publish","format-standard","has-post-thumbnail","hentry","category-curso-de-copy"],"_links":{"self":[{"href":"https:\/\/wiy.com.br\/noticias\/wp-json\/wp\/v2\/posts\/93407","targetHints":{"allow":["GET"]}}],"collection":[{"href":"https:\/\/wiy.com.br\/noticias\/wp-json\/wp\/v2\/posts"}],"about":[{"href":"https:\/\/wiy.com.br\/noticias\/wp-json\/wp\/v2\/types\/post"}],"author":[{"embeddable":true,"href":"https:\/\/wiy.com.br\/noticias\/wp-json\/wp\/v2\/users\/1"}],"replies":[{"embeddable":true,"href":"https:\/\/wiy.com.br\/noticias\/wp-json\/wp\/v2\/comments?post=93407"}],"version-history":[{"count":0,"href":"https:\/\/wiy.com.br\/noticias\/wp-json\/wp\/v2\/posts\/93407\/revisions"}],"wp:featuredmedia":[{"embeddable":true,"href":"https:\/\/wiy.com.br\/noticias\/wp-json\/wp\/v2\/media\/93408"}],"wp:attachment":[{"href":"https:\/\/wiy.com.br\/noticias\/wp-json\/wp\/v2\/media?parent=93407"}],"wp:term":[{"taxonomy":"category","embeddable":true,"href":"https:\/\/wiy.com.br\/noticias\/wp-json\/wp\/v2\/categories?post=93407"},{"taxonomy":"post_tag","embeddable":true,"href":"https:\/\/wiy.com.br\/noticias\/wp-json\/wp\/v2\/tags?post=93407"}],"curies":[{"name":"wp","href":"https:\/\/api.w.org\/{rel}","templated":true}]}}