{"id":93124,"date":"2025-07-06T12:10:15","date_gmt":"2025-07-06T15:10:15","guid":{"rendered":"https:\/\/wiy.com.br\/noticias\/homem-morre-apos-ser-atropelado-na-zona-oeste-de-sp\/"},"modified":"2025-07-06T12:10:15","modified_gmt":"2025-07-06T15:10:15","slug":"homem-morre-apos-ser-atropelado-na-zona-oeste-de-sp","status":"publish","type":"post","link":"https:\/\/wiy.com.br\/noticias\/homem-morre-apos-ser-atropelado-na-zona-oeste-de-sp\/","title":{"rendered":"Homem morre ap\u00f3s ser atropelado na zona oeste de SP"},"content":{"rendered":"<p> <br \/>\n<br \/><img title = \"[Tags]\"alt = \"ipva Homem morre ap\u00f3s ser atropelado na zona oeste de SP\"decoding=\"async\" src=\"https:\/\/vejasp.abril.com.br\/wp-content\/uploads\/2024\/12\/ipva.jpg\" \/><\/p>\n<p>Um homem de 48 anos morreu ap\u00f3s ser atropelado por um carro na avenida Ermano Marchetti, na <strong>\u00c1gua Branca<\/strong>, zona oeste de S\u00e3o Paulo, por volta de 1h20 deste s\u00e1bado (5). As informa\u00e7\u00f5es s\u00e3o da Folha.<\/p>\n<p>O ponto fica pr\u00f3ximo ao cruzamento da via com a avenida Marqu\u00eas de S\u00e3o Vicente e da ponte da Freguesia do \u00d3.<\/p>\n<div class=\"noreadme-audima ads video-ads\">\n<div class=\"abrAD\" data-format=\"intext_video\"><\/div>\n<\/div>\n<p>Policiais militares contaram que estavam em patrulhamento quando foram acionados pela central da PM para atender a ocorr\u00eancia. Ao chegarem ao local viram a v\u00edtima, identificada como Jailson de Oliveira, inconsciente.<\/p>\n<p>Uma equipe do Corpo de Bombeiros constatou a morte no local.<\/p>\n<div id=\"relacionadas\" class=\"block noreadme-audima three_columns\">\n<ul class=\"block-menu\">\n<li data-tab=\"tab-1\" class=\"active\">Relacionadas<\/li>\n<\/ul>\n<div id=\"tab-1\" class=\"block-content active\">\n<ul class=\"relacionadas-s-img\">\n<li class=\"widget-news-item without-thumb with-border\">\n<div class=\"widget-news-info\"><a href=\"\/cultura-lazer\">Cultura &amp; Lazer<\/a><span class=\"widget-news-item-title\"><a href=\"https:\/\/vejasp.abril.com.br\/cultura-lazer\/casacor-2025-parque-da-agua-branca\/\">CASACOR S\u00e3o Paulo anuncia pr\u00f3xima edi\u00e7\u00e3o no Parque da \u00c1gua Branca<\/a><\/span><span class=\"widget-news-item-date\">25 jul 2024 &#8211; 15h07<\/span><\/div>\n<\/li>\n<li class=\"widget-news-item without-thumb with-border\">\n<div class=\"widget-news-info\"><a href=\"\/cidades\">Cidades<\/a><span class=\"widget-news-item-title\"><a href=\"https:\/\/vejasp.abril.com.br\/cidades\/com-colecao-luxuosa-herchcovitch-abre-a-casa-de-criadores\/\">Com cole\u00e7\u00e3o luxuosa, Herchcovitch abre a Casa de Criadores<\/a><\/span><span class=\"widget-news-item-date\">24 jul 2024 &#8211; 19h07<\/span><\/div>\n<\/li>\n<li class=\"widget-news-item without-thumb with-border\">\n<div class=\"widget-news-info\"><a href=\"\/cultura-lazer\">Cultura &amp; Lazer<\/a><span class=\"widget-news-item-title\"><a href=\"https:\/\/vejasp.abril.com.br\/cultura-lazer\/fernanda-montenegro-simone-de-beauvoir-ibirapuera-gratis\/\">Fernanda Montenegro far\u00e1 apresenta\u00e7\u00e3o gratuita no Parque Ibirapuera<\/a><\/span><span class=\"widget-news-item-date\">24 jul 2024 &#8211; 15h07<\/span><\/div>\n<\/li>\n<\/ul>\n<\/div>\n<\/div>\n<div class=\"box-app-phone-share noreadme-audima\">\n<div class=\"title-phone-share\">Compartilhe essa mat\u00e9ria via:<\/div>\n<div class=\"buttoms-phone-share\">\n\t\t<a class=\"whatsapp\" id=\"whatsappShare\" rel=\"nofollow\" aria-label=\"Compartilhe no Whatsapp\" target=\"_blank\" href=\"https:\/\/api.whatsapp.com\/send?text=https:\/\/vejasp.abril.com.br\/cidades\/homem-morre-apos-ser-atropelado-na-zona-oeste-de-sp\/?utm_medium=whatsapp&amp;utm_source=shortcode_vejinhas\"><span>WhatsAPP<\/span><\/a><br \/>\n\t\t<a class=\"telegram\" id=\"telegramShare\" rel=\"nofollow\" aria-label=\"Compartilhe no Telegram\" target=\"_blank\" href=\"https:\/\/telegram.me\/share\/url?url=https:\/\/vejasp.abril.com.br\/cidades\/homem-morre-apos-ser-atropelado-na-zona-oeste-de-sp\/?utm_medium=telegram&amp;utm_source=shortcode_vejinhas\"><span>Telegram<\/span><\/a>\n\t\t<\/div>\n<\/p><\/div>\n<div class=\"ads after-text noreadme-audima\">\n    <span class=\"title\">Publicidade<\/span><\/p>\n<div class=\"abrAD\" data-format=\"aftertext\" data-mapping=\"intext\"><\/div>\n<\/div>\n<p><br \/>\n<br \/><a href=\"https:\/\/vejasp.abril.com.br\/cidades\/homem-morre-apos-ser-atropelado-na-zona-oeste-de-sp\/\">Fonte do Artigo <\/a><br \/>\nTags:<br \/>\n#loterias #loteriascaixa #megasena #resultadoapostas#noticias #noticiario  #noticia #brasil #noticiascolombia #mundo #esporte #colombia #noticiadeld #ltimasnoticias  #noticiario #noticiasregionales #noticiasdepartamentales #noticiashoy #esportes #noticiaahora #elinformantenoticias #noticiasdeboyac  #esporteinterativo #esportivo #diariodosesportes  #noticiero  #jogodefutebol #jogos #loto #apostas<\/p>\n","protected":false},"excerpt":{"rendered":"<p>Um homem de 48 anos morreu ap\u00f3s ser atropelado por um carro na avenida Ermano Marchetti, na \u00c1gua Branca, zona oeste de S\u00e3o Paulo, por volta de 1h20 deste s\u00e1bado (5). As informa\u00e7\u00f5es s\u00e3o da Folha. O ponto fica pr\u00f3ximo ao cruzamento da via com a avenida Marqu\u00eas de S\u00e3o Vicente e da ponte da [&hellip;]<\/p>\n","protected":false},"author":1,"featured_media":93125,"comment_status":"open","ping_status":"open","sticky":false,"template":"","format":"standard","meta":{"footnotes":""},"categories":[1],"tags":[],"class_list":["post-93124","post","type-post","status-publish","format-standard","has-post-thumbnail","hentry","category-curso-de-copy"],"_links":{"self":[{"href":"https:\/\/wiy.com.br\/noticias\/wp-json\/wp\/v2\/posts\/93124","targetHints":{"allow":["GET"]}}],"collection":[{"href":"https:\/\/wiy.com.br\/noticias\/wp-json\/wp\/v2\/posts"}],"about":[{"href":"https:\/\/wiy.com.br\/noticias\/wp-json\/wp\/v2\/types\/post"}],"author":[{"embeddable":true,"href":"https:\/\/wiy.com.br\/noticias\/wp-json\/wp\/v2\/users\/1"}],"replies":[{"embeddable":true,"href":"https:\/\/wiy.com.br\/noticias\/wp-json\/wp\/v2\/comments?post=93124"}],"version-history":[{"count":0,"href":"https:\/\/wiy.com.br\/noticias\/wp-json\/wp\/v2\/posts\/93124\/revisions"}],"wp:featuredmedia":[{"embeddable":true,"href":"https:\/\/wiy.com.br\/noticias\/wp-json\/wp\/v2\/media\/93125"}],"wp:attachment":[{"href":"https:\/\/wiy.com.br\/noticias\/wp-json\/wp\/v2\/media?parent=93124"}],"wp:term":[{"taxonomy":"category","embeddable":true,"href":"https:\/\/wiy.com.br\/noticias\/wp-json\/wp\/v2\/categories?post=93124"},{"taxonomy":"post_tag","embeddable":true,"href":"https:\/\/wiy.com.br\/noticias\/wp-json\/wp\/v2\/tags?post=93124"}],"curies":[{"name":"wp","href":"https:\/\/api.w.org\/{rel}","templated":true}]}}