{"id":92569,"date":"2025-06-28T16:52:55","date_gmt":"2025-06-28T19:52:55","guid":{"rendered":"https:\/\/wiy.com.br\/noticias\/ana-maria-braga-renova-votos-de-casamento-no-interior-de-sp\/"},"modified":"2025-06-28T16:52:55","modified_gmt":"2025-06-28T19:52:55","slug":"ana-maria-braga-renova-votos-de-casamento-no-interior-de-sp","status":"publish","type":"post","link":"https:\/\/wiy.com.br\/noticias\/ana-maria-braga-renova-votos-de-casamento-no-interior-de-sp\/","title":{"rendered":"Ana Maria Braga renova votos de casamento no interior de SP"},"content":{"rendered":"<p> <br \/>\n<br \/><img title = \"[Tags]\"alt = \"WhatsApp-Image-2025-06-28-at-15.58.11 Ana Maria Braga renova votos de casamento no interior de SP\"decoding=\"async\" src=\"https:\/\/vejasp.abril.com.br\/wp-content\/uploads\/2025\/06\/WhatsApp-Image-2025-06-28-at-15.58.11.jpeg\" \/><\/p>\n<p>A apresentadora <strong>Ana Maria Braga<\/strong>, 76, compartilhou no Instagram imagens da renova\u00e7\u00e3o de votos de casamento com o marido <strong>F\u00e1bio Arruda<\/strong>, 54. O momento foi realizado na manh\u00e3 deste s\u00e1bado (28) na Fazenda Primavera, em Bofete, no interior paulista.<\/p>\n<div id=\"relacionadas\" class=\"block  three_columns\">\n<ul class=\"block-menu\">\n<li data-tab=\"tab-1\" class=\"active\">Relacionadas<\/li>\n<\/ul>\n<div id=\"tab-1\" class=\"block-content active\">\n<ul class=\"relacionadas-s-img\">\n<li class=\"widget-news-item without-thumb with-border\">\n<div class=\"widget-news-info\"><a href=\"\/cultura-lazer\">Cultura &amp; Lazer<\/a><span class=\"widget-news-item-title\"><a href=\"https:\/\/vejasp.abril.com.br\/coluna\/pop\/fernanda-torres-se-manifesta-apos-convite-da-academia-do-oscar\/\">Fernanda Torres se manifesta ap\u00f3s convite da Academia do Oscar<\/a><\/span><span class=\"widget-news-item-date\">28 jun 2025 &#8211; 15h06<\/span><\/div>\n<\/li>\n<li class=\"widget-news-item without-thumb with-border\">\n<div class=\"widget-news-info\"><a href=\"\/cultura-lazer\">Cultura &amp; Lazer<\/a><span class=\"widget-news-item-title\"><a href=\"https:\/\/vejasp.abril.com.br\/coluna\/melhores-filmes-series\/a-odisseia-de-eneias-filme-critica\/\">Produzido por Luca Guadagnino, \u2018Odisseia de En\u00e9ias\u2019 retrata romanos ricos<\/a><\/span><span class=\"widget-news-item-date\">28 jun 2025 &#8211; 08h06<\/span><\/div>\n<\/li>\n<li class=\"widget-news-item without-thumb with-border\">\n<div class=\"widget-news-info\"><a href=\"\/cultura-lazer\">Cultura &amp; Lazer<\/a><span class=\"widget-news-item-title\"><a href=\"https:\/\/vejasp.abril.com.br\/coluna\/melhores-filmes-series\/series-ambientacao-distopica-lista\/\">6 s\u00e9ries com ambienta\u00e7\u00e3o dist\u00f3pica para ficar de queixo ca\u00eddo<\/a><\/span><span class=\"widget-news-item-date\">28 jun 2025 &#8211; 08h06<\/span><\/div>\n<\/li>\n<\/ul>\n<\/div>\n<\/div>\n<p>A global elegeu um vestido branco com bordados da estilista <strong>Lethicia Bronstein<\/strong>, que tamb\u00e9m confeccionou o vestido de noiva de Ana Maria no casamento oficial, uma festa intimista realizada no dia 4 de abril na mans\u00e3o da apresentadora na regi\u00e3o dos Jardins, na capital paulista.<\/p>\n<div class=\"ads video-ads\">\n<div class=\"abrAD\" data-format=\"intext_video\"><\/div>\n<\/div>\n<p>A renova\u00e7\u00e3o teve uma tem\u00e1tica junina. Na publica\u00e7\u00e3o, Ana Maria escreveu: &#8220;Um pouquinho da nossa missa em homenagem aos santos juninos aqui na Fazenda Primavera. Um momento de f\u00e9, gratid\u00e3o e cora\u00e7\u00e3o aquecido&#8221;.<\/p>\n<blockquote class=\"instagram-media\" data-instgrm-captioned=\"\" data-instgrm-permalink=\"https:\/\/www.instagram.com\/reel\/DLc5w6msy2-\/?utm_source=ig_embed&amp;utm_campaign=loading\" data-instgrm-version=\"14\">\n<div>\n<p><a href=\"https:\/\/www.instagram.com\/reel\/DLc5w6msy2-\/?utm_source=ig_embed&amp;utm_campaign=loading\" target=\"_blank\" rel=\"noopener\"> <\/a><\/p>\n<div>\n<div><\/div>\n<div>\n<div><\/div>\n<div><\/div>\n<\/div>\n<\/div>\n<div><\/div>\n<div><\/div>\n<div>\n<div>Ver essa foto no Instagram<\/div>\n<\/div>\n<div><\/div>\n<div>\n<div>\n<div><\/div>\n<div><\/div>\n<div><\/div>\n<\/div>\n<div>\n<div><\/div>\n<div><\/div>\n<\/div>\n<div>\n<div><\/div>\n<div><\/div>\n<div><\/div>\n<\/div>\n<\/div>\n<div>\n<div><\/div>\n<div><\/div>\n<\/div>\n<p>&nbsp;<\/p>\n<p><a href=\"https:\/\/www.instagram.com\/reel\/DLc5w6msy2-\/?utm_source=ig_embed&amp;utm_campaign=loading\" target=\"_blank\" rel=\"noopener\">Uma publica\u00e7\u00e3o compartilhada por Ana Maria Braga (@anamariabragaoficial)<\/a><\/p>\n<\/div>\n<\/blockquote>\n<div class=\"box-app-phone-share\">\n<div class=\"title-phone-share\">Compartilhe essa mat\u00e9ria via:<\/div>\n<div class=\"buttoms-phone-share\">\n\t\t<a class=\"whatsapp\" id=\"whatsappShare\" rel=\"nofollow\" aria-label=\"Compartilhe no Whatsapp\" target=\"_blank\" href=\"https:\/\/api.whatsapp.com\/send?text=https:\/\/vejasp.abril.com.br\/coluna\/pop\/ana-maria-braga-renova-votos-de-casamento-no-interior-de-sp\/?utm_medium=whatsapp&amp;utm_source=shortcode_vejinhas\"><span>WhatsAPP<\/span><\/a><br \/>\n\t\t<a class=\"telegram\" id=\"telegramShare\" rel=\"nofollow\" aria-label=\"Compartilhe no Telegram\" target=\"_blank\" href=\"https:\/\/telegram.me\/share\/url?url=https:\/\/vejasp.abril.com.br\/coluna\/pop\/ana-maria-braga-renova-votos-de-casamento-no-interior-de-sp\/?utm_medium=telegram&amp;utm_source=shortcode_vejinhas\"><span>Telegram<\/span><\/a>\n\t\t<\/div>\n<\/p><\/div>\n<p>&nbsp;<\/p>\n<div class=\"ads after-text\">\n    <span class=\"title\">Publicidade<\/span><\/p>\n<div class=\"abrAD\" data-format=\"aftertext\" data-mapping=\"intext\"><\/div>\n<\/div>\n<p><script async src=\"\/\/www.instagram.com\/embed.js\"><\/script><br \/>\n<br \/><br \/>\n<br \/><a href=\"https:\/\/vejasp.abril.com.br\/coluna\/pop\/ana-maria-braga-renova-votos-de-casamento-no-interior-de-sp\/\">Fonte do Artigo <\/a><br \/>\nTags:<br \/>\n#loterias #loteriascaixa #megasena #resultadoapostas#noticias #noticiario  #noticia #brasil #noticiascolombia #mundo #esporte #colombia #noticiadeld #ltimasnoticias  #noticiario #noticiasregionales #noticiasdepartamentales #noticiashoy #esportes #noticiaahora #elinformantenoticias #noticiasdeboyac  #esporteinterativo #esportivo #diariodosesportes  #noticiero  #jogodefutebol #jogos #loto #apostas<\/p>\n","protected":false},"excerpt":{"rendered":"<p>A apresentadora Ana Maria Braga, 76, compartilhou no Instagram imagens da renova\u00e7\u00e3o de votos de casamento com o marido F\u00e1bio Arruda, 54. O momento foi realizado na manh\u00e3 deste s\u00e1bado (28) na Fazenda Primavera, em Bofete, no interior paulista. Relacionadas Cultura &amp; LazerFernanda Torres se manifesta ap\u00f3s convite da Academia do Oscar28 jun 2025 &#8211; [&hellip;]<\/p>\n","protected":false},"author":1,"featured_media":92570,"comment_status":"open","ping_status":"open","sticky":false,"template":"","format":"standard","meta":{"footnotes":""},"categories":[1],"tags":[],"class_list":["post-92569","post","type-post","status-publish","format-standard","has-post-thumbnail","hentry","category-curso-de-copy"],"_links":{"self":[{"href":"https:\/\/wiy.com.br\/noticias\/wp-json\/wp\/v2\/posts\/92569","targetHints":{"allow":["GET"]}}],"collection":[{"href":"https:\/\/wiy.com.br\/noticias\/wp-json\/wp\/v2\/posts"}],"about":[{"href":"https:\/\/wiy.com.br\/noticias\/wp-json\/wp\/v2\/types\/post"}],"author":[{"embeddable":true,"href":"https:\/\/wiy.com.br\/noticias\/wp-json\/wp\/v2\/users\/1"}],"replies":[{"embeddable":true,"href":"https:\/\/wiy.com.br\/noticias\/wp-json\/wp\/v2\/comments?post=92569"}],"version-history":[{"count":0,"href":"https:\/\/wiy.com.br\/noticias\/wp-json\/wp\/v2\/posts\/92569\/revisions"}],"wp:featuredmedia":[{"embeddable":true,"href":"https:\/\/wiy.com.br\/noticias\/wp-json\/wp\/v2\/media\/92570"}],"wp:attachment":[{"href":"https:\/\/wiy.com.br\/noticias\/wp-json\/wp\/v2\/media?parent=92569"}],"wp:term":[{"taxonomy":"category","embeddable":true,"href":"https:\/\/wiy.com.br\/noticias\/wp-json\/wp\/v2\/categories?post=92569"},{"taxonomy":"post_tag","embeddable":true,"href":"https:\/\/wiy.com.br\/noticias\/wp-json\/wp\/v2\/tags?post=92569"}],"curies":[{"name":"wp","href":"https:\/\/api.w.org\/{rel}","templated":true}]}}