{"id":9250,"date":"2023-02-26T15:18:13","date_gmt":"2023-02-26T18:18:13","guid":{"rendered":"https:\/\/wiy.com.br\/noticias\/policia-canadense-resgata-idoso-que-ficou-preso-em-casa-por-causa-da-neve\/"},"modified":"2019-03-09T17:24:05","modified_gmt":"2019-03-09T20:24:05","slug":"policia-canadense-resgata-idoso-que-ficou-preso-em-casa-por-causa-da-neve","status":"publish","type":"post","link":"https:\/\/wiy.com.br\/noticias\/policia-canadense-resgata-idoso-que-ficou-preso-em-casa-por-causa-da-neve\/","title":{"rendered":"Pol\u00edcia canadense resgata idoso que ficou preso em casa por causa da neve"},"content":{"rendered":"<p> <br \/>\n<\/p>\n<p>Oficiais canadenses resgataram um idoso que ficou preso em casa durante semanas por causa da neve acumulada em torno de sua casa, anunciaram a pol\u00edcia e a imprensa locais.<\/p>\n<p>Chamada por vizinhos que se preocuparam ao retornarem de f\u00e9rias na Fl\u00f3rida, a pol\u00edcia da capital canadense encontrou uma grande quantidade de neve acumulada, sem sinais de vida dentro da casa, segundo um tu\u00edte publicado nesta sexta-feira.<\/p>\n<p>Ap\u00f3s for\u00e7ar a entrada, e temendo o pior, a pol\u00edcia encontrou o morador. Ele disse que sobreviveu alimentando-se do que tinha na despensa e racionando comida.<\/p>\n<p>Os oficiais levaram uma hora e meia para remover a neve do local. &#8220;Eles ir\u00e3o trazer mantimentos e oferecer apoio ao idoso&#8221;, tuitou a pol\u00edcia.<\/p>\n<p>Ottawa acumulou mais de dois metros de neve desde o come\u00e7o do inverno, incluindo uma tempestade em fevereiro durante a qual mais de 30 cent\u00edmetros levaram as autoridades a fechar escolas.<\/p>\n<p>Segundo a imprensa, o homem tem cerca de 70 anos e \u00e9 considerado um recluso por seus vizinhos.<\/p>\n<p><br \/>\n<br \/><a href=\"https:\/\/exame.abril.com.br\/brasil\/policia-canadense-resgata-idoso-que-ficou-preso-em-casa-por-causa-da-neve\/\">Source link <\/a><\/p>\n","protected":false},"excerpt":{"rendered":"<p>Oficiais canadenses resgataram um idoso que ficou preso em casa durante semanas por causa da neve acumulada em torno de sua casa, anunciaram a pol\u00edcia e a imprensa locais. Chamada por vizinhos que se preocuparam ao retornarem de f\u00e9rias na Fl\u00f3rida, a pol\u00edcia da capital canadense encontrou uma grande quantidade de neve acumulada, sem sinais [&hellip;]<\/p>\n","protected":false},"author":1,"featured_media":9251,"comment_status":"open","ping_status":"open","sticky":false,"template":"","format":"standard","meta":{"footnotes":""},"categories":[337],"tags":[],"class_list":["post-9250","post","type-post","status-publish","format-standard","has-post-thumbnail","hentry","category-noticias"],"_links":{"self":[{"href":"https:\/\/wiy.com.br\/noticias\/wp-json\/wp\/v2\/posts\/9250","targetHints":{"allow":["GET"]}}],"collection":[{"href":"https:\/\/wiy.com.br\/noticias\/wp-json\/wp\/v2\/posts"}],"about":[{"href":"https:\/\/wiy.com.br\/noticias\/wp-json\/wp\/v2\/types\/post"}],"author":[{"embeddable":true,"href":"https:\/\/wiy.com.br\/noticias\/wp-json\/wp\/v2\/users\/1"}],"replies":[{"embeddable":true,"href":"https:\/\/wiy.com.br\/noticias\/wp-json\/wp\/v2\/comments?post=9250"}],"version-history":[{"count":0,"href":"https:\/\/wiy.com.br\/noticias\/wp-json\/wp\/v2\/posts\/9250\/revisions"}],"wp:featuredmedia":[{"embeddable":true,"href":"https:\/\/wiy.com.br\/noticias\/wp-json\/wp\/v2\/media\/9251"}],"wp:attachment":[{"href":"https:\/\/wiy.com.br\/noticias\/wp-json\/wp\/v2\/media?parent=9250"}],"wp:term":[{"taxonomy":"category","embeddable":true,"href":"https:\/\/wiy.com.br\/noticias\/wp-json\/wp\/v2\/categories?post=9250"},{"taxonomy":"post_tag","embeddable":true,"href":"https:\/\/wiy.com.br\/noticias\/wp-json\/wp\/v2\/tags?post=9250"}],"curies":[{"name":"wp","href":"https:\/\/api.w.org\/{rel}","templated":true}]}}