{"id":92215,"date":"2025-06-23T14:45:34","date_gmt":"2025-06-23T17:45:34","guid":{"rendered":"https:\/\/wiy.com.br\/noticias\/observatorio-vera-c-rubin-conta-com-a-participacao-de-mais-de-200-brasileiros\/"},"modified":"2025-06-23T14:45:44","modified_gmt":"2025-06-23T17:45:44","slug":"observatorio-vera-c-rubin-conta-com-a-participacao-de-mais-de-200-brasileiros","status":"publish","type":"post","link":"https:\/\/wiy.com.br\/noticias\/observatorio-vera-c-rubin-conta-com-a-participacao-de-mais-de-200-brasileiros\/","title":{"rendered":"Observat\u00f3rio Vera C. Rubin conta com a participa\u00e7\u00e3o de mais de 200 brasileiros"},"content":{"rendered":"<p> <br \/>\n<\/p>\n<p>Nesta segunda-feira (23), o mundo viveu um dos momentos mais esperados da astronomia moderna: a divulga\u00e7\u00e3o das primeiras imagens feitas pelo Observat\u00f3rio Vera C. Rubin. Com <a href=\"https:\/\/www.youtube.com\/watch?v=iX85fwQO4Ao\" target=\"_blank\" rel=\"noreferrer noopener\">transmiss\u00e3o ao vivo pelo <strong>Olhar Digital<\/strong><\/a>, tivemos uma pequena amostra daquilo que promete ser o maior e mais completo \u201cmapa do c\u00e9u\u201d. E o Brasil est\u00e1 envolvido neste projeto!<\/p>\n<p>De acordo com a <a href=\"https:\/\/agenciabrasil.ebc.com.br\/geral\/noticia\/2024-06\/supertelescopio-cobrira-area-equivalente-ao-tamanho-40-luas-cheias\" target=\"_blank\" rel=\"noreferrer noopener sponsored nofollow\">Ag\u00eancia Brasil<\/a>, ser\u00e3o mais de 170 pesquisadores brasileiros participando do processamento de dados dessa miss\u00e3o revolucion\u00e1ria para a ci\u00eancia global, sendo a maioria estudantes.<\/p>\n<p>O projeto integra o Levantamento de Legado do Espa\u00e7o e do Tempo (LSST, na sigla em ingl\u00eas), um esfor\u00e7o internacional com a miss\u00e3o de mapear cerca de 37 bilh\u00f5es de estrelas e gal\u00e1xias ao longo de dez anos.<\/p>\n<figure class=\"wp-block-image size-large\"><figcaption class=\"wp-element-caption\">Equipado com a maior c\u00e2mera digital do mundo, o Observat\u00f3rio Vera C. Rubin revelou as primeiras imagens nesta segunda-feira (23). Cr\u00e9dito: RubinObs\/NOIRLab\/SLAC\/DOE\/NSF\/AURA\/B. Quint<\/figcaption><\/figure>\n<p>Tamb\u00e9m existem profissionais do nosso pa\u00eds atuando diretamente no observat\u00f3rio, tanto no Chile, quanto remotamente, nos EUA:<\/p>\n<ul>\n<li>Bruno Quint &#8211; Cientista de Comissionamento &#8211; Chile<\/li>\n<li>David Sanmartim &#8211; Cientista de Comissionamento &#8211; Chile<\/li>\n<li>Paulo Lago &#8211; Especialista em Observa\u00e7\u00e3o &#8211; Chile<\/li>\n<li>Tiago Ribeiro &#8211; Cientista de Observa\u00e7\u00f5es Auto-programadas e Arquiteto de Software &#8211; Tucson\/EUA<\/li>\n<li>Angelo Fausti &#8211; Engenheiro de Software &#8211; Tucson\/EUA<\/li>\n<li>Johnny Esteves &#8211; Pesquisador de P\u00f3s-Doutorado na Universidade de Harvard &#8211; EUA<\/li>\n<\/ul>\n<p>Al\u00e9m disso, a Rede de Pesquisa e Educa\u00e7\u00e3o de S\u00e3o Paulo (<a href=\"https:\/\/rednesp.br\/\" target=\"_blank\" rel=\"noreferrer noopener sponsored nofollow\">Rednesp<\/a>), uma infraestrutura de conex\u00e3o de alta velocidade mantida pela Funda\u00e7\u00e3o de Amparo \u00e0 Pesquisa do Estado de S\u00e3o Paulo (FAPESP), ser\u00e1 fundamental para garantir que os dados coletados no Chile cheguem aos EUA em menos de sete segundos, com alertas sobre eventos astron\u00f4micos sendo enviados em menos de um minuto.<\/p>\n<figure class=\"wp-block-image size-large\"><img title = \"[Tags]\"loading=\"lazy\" decoding=\"async\" width=\"897\" height=\"1024\" src=\"https:\/\/olhardigital.com.br\/wp-content\/uploads\/2024\/04\/bruno-quint-897x1024.jpg\"alt = \"bruno-quint-897x1024 Observat\u00f3rio Vera C. Rubin conta com a participa\u00e7\u00e3o de mais de 200 brasileiros\" class=\"wp-image-853484\" \/><figcaption class=\"wp-element-caption\">Bruno Quint, cientista de comissionamento\/testes do Observat\u00f3rio Vera C. Rubin, \u00e9 um dos brasileiros envolvidos diretamente no Observat\u00f3rio Vera C. Rubin. Cr\u00e9dito: Arquivo Pessoal<\/figcaption><\/figure>\n<h2 class=\"wp-block-heading\" id=\"h-estudantes-do-brasil-vao-ajudar-a-processar-as-imagens\"><strong>Estudantes do Brasil v\u00e3o ajudar a processar as imagens<\/strong><\/h2>\n<p>A participa\u00e7\u00e3o do Brasil come\u00e7ou em 2015, por meio de um acordo que inclui o Laborat\u00f3rio Interinstitucional de e-Astronomia (LIneA), apoiado pelo Observat\u00f3rio Nacional (ON), pelo Laborat\u00f3rio Nacional de Computa\u00e7\u00e3o Cient\u00edfica (LNCC) e pela Rede Nacional de Ensino e Pesquisa (RNP). A coordena\u00e7\u00e3o nacional do projeto \u00e9 feita pelo Grupo de Participa\u00e7\u00e3o Brasileira no LSST (BPG-LSST).&nbsp;<\/p>\n<p>Envolvendo cientistas de 28 pa\u00edses, o LSST conta com pesquisadores de 26 universidades em 12 estados brasileiros. O principal desafio ser\u00e1 lidar com o gigantesco volume de dados que o telesc\u00f3pio vai gerar todas as noites, exigindo solu\u00e7\u00f5es avan\u00e7adas em processamento e armazenamento.<\/p>\n<p>Um dos participantes \u00e9 o professor Daniel de Oliveira, do Instituto de Computa\u00e7\u00e3o da Universidade Federal Fluminense (UFF), que ser\u00e1 respons\u00e1vel por ajudar na organiza\u00e7\u00e3o e no processamento dos dados. Ele e sua equipe desenvolvem ferramentas para acelerar as an\u00e1lises e garantir que os resultados sejam obtidos em tempo h\u00e1bil.<\/p>\n<figure class=\"wp-block-image size-full\"><img title = \"[Tags]\"loading=\"lazy\" decoding=\"async\" width=\"1024\" height=\"1024\" src=\"https:\/\/olhardigital.com.br\/wp-content\/uploads\/2025\/06\/daniel-de-oliveira.jpeg\"alt = \"bruno-quint-897x1024 Observat\u00f3rio Vera C. Rubin conta com a participa\u00e7\u00e3o de mais de 200 brasileiros\" class=\"wp-image-1137895\" \/><figcaption class=\"wp-element-caption\">Daniel de Oliveira, professor do Instituto de Computa\u00e7\u00e3o da Universidade Federal Fluminense (UFF), vai ajudar na organiza\u00e7\u00e3o e no processamento dos dados. Cr\u00e9dito: Arquivo pessoal<\/figcaption><\/figure>\n<p>Embora haja reuni\u00f5es remotas com colegas estrangeiros, a maior parte das pesquisas acontece no Brasil. O professor tamb\u00e9m trabalha em parceria com os especialistas do LIneA, que oferecem suporte nas quest\u00f5es astron\u00f4micas.<\/p>\n<p>De acordo com Oliveira, o telesc\u00f3pio do LSST ser\u00e1 o mais potente j\u00e1 constru\u00eddo para esse tipo de levantamento. A expectativa \u00e9 que ele gere, por noite, cerca de 15 terabytes (TB) de dados. Isso equivale a imagens com 3,2 bilh\u00f5es de pixels, o que permitir\u00e1 a identifica\u00e7\u00e3o de objetos e regi\u00f5es do Universo at\u00e9 ent\u00e3o desconhecidos.<\/p>\n<p>Para gerenciar esse volume imenso de informa\u00e7\u00f5es, o Brasil implantou o Centro Independente de Acesso aos Dados (Idac-Brasil), criado pelo LIneA. Esse centro ser\u00e1 um dos dez existentes no mundo com acesso direto aos dados do LSST, o que refor\u00e7a a import\u00e2ncia estrat\u00e9gica da participa\u00e7\u00e3o brasileira.<\/p>\n<p>O Idac-Brasil j\u00e1 est\u00e1 em funcionamento, mas passa agora por uma fase de amplia\u00e7\u00e3o. Novos equipamentos est\u00e3o sendo adquiridos, e equipes est\u00e3o em treinamento para operar os sistemas. Al\u00e9m disso, uma camada especial de software est\u00e1 sendo desenvolvida para garantir o suporte \u00e0s opera\u00e7\u00f5es, que come\u00e7ar\u00e3o oficialmente em 2026.<\/p>\n<h2 class=\"wp-block-heading\" id=\"h-mudanca-radical-na-forma-de-fazer-ciencia\"><strong>\u201cMudan\u00e7a radical na forma de fazer ci\u00eancia\u201d<\/strong><\/h2>\n<p>Segundo Luiz Alberto Nicolaci da Costa, diretor do LIneA e coordenador do Instituto Nacional de Tecnologia do e-Universo (INCT do e-Universo), o LSST representa uma mudan\u00e7a radical na forma de fazer ci\u00eancia. Ele destaca a colabora\u00e7\u00e3o internacional e o grande volume de dados como os principais diferenciais do projeto.<\/p>\n<figure class=\"wp-block-image size-full\"><img title = \"[Tags]\"decoding=\"async\" loading=\"lazy\" width=\"1000\" height=\"667\" src=\"https:\/\/olhardigital.com.br\/wp-content\/uploads\/2025\/06\/Luiz-Alberto-Nicolaci-da-Costa.png\"alt = \"bruno-quint-897x1024 Observat\u00f3rio Vera C. Rubin conta com a participa\u00e7\u00e3o de mais de 200 brasileiros\" class=\"wp-image-1137898\" \/><figcaption class=\"wp-element-caption\">Luiz Alberto Nicolaci da Costa, diretor do Laborat\u00f3rio Interinstitucional de e-Astronomia (LIneA) e coordenador do Instituto Nacional de Tecnologia do e-Universo. Cr\u00e9dito: LIneA <\/figcaption><\/figure>\n<p>Com seu espelho de oito metros de di\u00e2metro e uma c\u00e2mera de alt\u00edssima resolu\u00e7\u00e3o (a maior do mundo), o supertelesc\u00f3pio vai observar o c\u00e9u do Hemisf\u00e9rio Sul. Segundo Nicolaci, n\u00e3o haver\u00e1 projeto semelhante voltado para o Hemisf\u00e9rio Norte, \u201cporque o centro da Via L\u00e1ctea est\u00e1 localizado aqui, no Hemisf\u00e9rio Sul\u201d.<\/p>\n<p>Uma das caracter\u00edsticas mais marcantes do LSST ser\u00e1 a repeti\u00e7\u00e3o das observa\u00e7\u00f5es. A cada tr\u00eas dias, o telesc\u00f3pio voltar\u00e1 a apontar para as mesmas regi\u00f5es do c\u00e9u. Com isso, cada ponto ser\u00e1 registrado mais de mil vezes ao longo de uma d\u00e9cada, criando um verdadeiro \u201cfilme do Universo em movimento\u201d.<\/p>\n<p>Outro destaque \u00e9 o campo de vis\u00e3o da c\u00e2mera, que cobre uma \u00e1rea equivalente a 40 luas cheias. De acordo com Nicolaci, as imagens ser\u00e3o captadas em menos de um minuto, permitindo flagrar fen\u00f4menos r\u00e1pidos como explos\u00f5es e deslocamentos de objetos celestes, algo in\u00e9dito na hist\u00f3ria da astronomia.<\/p>\n<p>Ele ressalta que o sucesso da participa\u00e7\u00e3o brasileira depende do apoio cont\u00ednuo do Minist\u00e9rio da Ci\u00eancia, Tecnologia e Inova\u00e7\u00e3o (MCTI). A previs\u00e3o \u00e9 que at\u00e9 175 pesquisadores do pa\u00eds estejam envolvidos, sendo 80% estudantes \u2013 totalmente de gra\u00e7a. \u201cO \u00fanico custo que n\u00f3s vamos ter \u00e9 a opera\u00e7\u00e3o de um centro de dados no Brasil. \u00c9 dinheiro local. N\u00e3o se vai pagar nada\u201d, explica Nicolaci, que v\u00ea no projeto uma oportunidade \u00fanica para a ci\u00eancia brasileira.&nbsp;<\/p>\n<h2 class=\"wp-block-heading\" id=\"h-brasil-garante-agilidade-na-transmissao-de-dados-nbsp\"><strong>Brasil garante agilidade na transmiss\u00e3o de dados&nbsp;<\/strong><\/h2>\n<p>Para lidar com esse enorme fluxo de informa\u00e7\u00f5es, \u00e9 preciso uma conex\u00e3o veloz e confi\u00e1vel. A solu\u00e7\u00e3o vem da Rednesp, um sistema de transmiss\u00e3o de dados de alto desempenho financiado pela FAPESP. Gra\u00e7as a ela, o material gerado no Chile cruza fronteiras e chega aos EUA em quest\u00e3o de segundos. Os alertas sobre descobertas astron\u00f4micas tamb\u00e9m circulam em tempo recorde, permitindo que outros telesc\u00f3pios no mundo reajam a tempo.<\/p>\n<figure class=\"wp-block-image size-full\"><img title = \"[Tags]\"decoding=\"async\" loading=\"lazy\" width=\"1000\" height=\"613\" src=\"https:\/\/olhardigital.com.br\/wp-content\/uploads\/2025\/06\/rednesp.jpg\"alt = \"bruno-quint-897x1024 Observat\u00f3rio Vera C. Rubin conta com a participa\u00e7\u00e3o de mais de 200 brasileiros\" class=\"wp-image-1137888\" \/><figcaption class=\"wp-element-caption\">A Rede de Pesquisa e Educa\u00e7\u00e3o de S\u00e3o Paulo (Rednesp) \u00e9 uma infraestrutura de conex\u00e3o de alta velocidade mantida pela Funda\u00e7\u00e3o de Amparo \u00e0 Pesquisa do Estado de S\u00e3o Paulo (FAPESP) que opera, basicamente, em duas escalas complementares: a estadual e a internacional. Cr\u00e9dito: Rednesp.br<\/figcaption><\/figure>\n<p>Segundo um <a href=\"https:\/\/agencia.fapesp.br\/rede-de-alta-velocidade-financiada-pela-fapesp-transmitira-dados-do-observatorio-astronomico-vera-rubin\/55122\" target=\"_blank\" rel=\"noreferrer noopener sponsored nofollow\">comunicado <\/a>da FAPESP, a Rednesp alcan\u00e7a uma velocidade de at\u00e9 400 gigabits por segundo. Para compara\u00e7\u00e3o, as melhores conex\u00f5es de internet residencial dificilmente ultrapassam 1 gigabit por segundo. Mesmo empresas com internet de alto desempenho geralmente operam com at\u00e9 10 Gbps. Ou seja, a capacidade da Rednesp \u00e9 at\u00e9 40 vezes maior que a de uma conex\u00e3o empresarial premium.<\/p>\n<p>Al\u00e9m do Vera Rubin, essa infraestrutura atende 36 institui\u00e7\u00f5es de ensino e pesquisa no Estado de S\u00e3o Paulo. Isso inclui cientistas que trabalham em outros projetos internacionais, como o Grande Colisor de H\u00e1drons, do Centro Europeu de Pesquisa Nuclear (CERN), que tamb\u00e9m depende da transmiss\u00e3o de grandes volumes de dados.<\/p>\n<p>Desde sua cria\u00e7\u00e3o em 1988, a Rednesp j\u00e1 recebeu investimentos de cerca de US$125 milh\u00f5es (quase R$690 milh\u00f5es) da FAPESP. Atualmente, o financiamento anual gira em torno de US$4 milh\u00f5es (cerca de R$22 milh\u00f5es). Esse investimento beneficia toda a comunidade acad\u00eamica de SP, n\u00e3o apenas o projeto Vera Rubin.<\/p>\n<p>Por conta dessa contribui\u00e7\u00e3o tecnol\u00f3gica, a FAPESP p\u00f4de indicar 25 cientistas paulistas para fazer parte da equipe internacional do observat\u00f3rio. S\u00e3o cinco pesquisadores principais e seus grupos de p\u00f3s-doutores e doutorandos, selecionados por meio de chamadas p\u00fablicas de propostas.<\/p>\n<figure class=\"wp-block-image size-large\"><img title = \"[Tags]\"decoding=\"async\" loading=\"lazy\" width=\"1024\" height=\"676\" src=\"https:\/\/olhardigital.com.br\/wp-content\/uploads\/2025\/06\/vera-c-rubin-observatory2-1024x676.jpg\"alt = \"bruno-quint-897x1024 Observat\u00f3rio Vera C. Rubin conta com a participa\u00e7\u00e3o de mais de 200 brasileiros\" class=\"wp-image-1137786\" \/><figcaption class=\"wp-element-caption\">Observat\u00f3rio Vera C. Rubin. Cr\u00e9dito: RubinObs\/NOIRLab\/SLAC\/DOE\/NSF\/AURA\/W. O&#8217;Mullane<\/figcaption><\/figure>\n<p><strong>Leia mais:<\/strong><\/p>\n<ul>\n<li>Brasileiro na NASA alerta: tempestades solares aceleram queda de sat\u00e9lites na Terra<\/li>\n<li>Brasil vai realizar primeira miss\u00e3o cient\u00edfica \u00e0 Ant\u00e1rtica com zero carbono<\/li>\n<li>Cientistas do Brasil ajudam a desvendar origem de Merc\u00fario<\/li>\n<\/ul>\n<h2 class=\"wp-block-heading\" id=\"h-observatorio-vera-c-rubin-vai-investigar-a-materia-e-a-energia-escura\"><strong>Observat\u00f3rio Vera C. Rubin vai investigar a mat\u00e9ria e a energia escura<\/strong><\/h2>\n<p>O objetivo principal \u00e9 mapear a estrutura do Universo e investigar mist\u00e9rios como a energia escura e a mat\u00e9ria escura, que juntas dominam o cosmos. O telesc\u00f3pio tamb\u00e9m ajudar\u00e1 a rastrear asteroides pr\u00f3ximos da Terra, observar explos\u00f5es de supernovas e capturar eventos raros, como a colis\u00e3o de estrelas de n\u00eautrons. Al\u00e9m disso, permitir\u00e1 detectar mudan\u00e7as no brilho de estrelas, o que pode indicar a presen\u00e7a de planetas ao redor delas.<\/p>\n<p>Um desafio crescente ser\u00e1 lidar com a polui\u00e7\u00e3o luminosa causada por milhares de sat\u00e9lites em \u00f3rbita. As luzes refletidas por esses objetos podem deixar marcas indesejadas nas fotos. Para minimizar esse problema, a equipe do observat\u00f3rio est\u00e1 desenvolvendo softwares de corre\u00e7\u00e3o e negociando com empresas de sat\u00e9lites para reduzir os reflexos.&nbsp;<\/p>\n<p>Essas solu\u00e7\u00f5es ser\u00e3o importantes n\u00e3o s\u00f3 para este projeto em espec\u00edfico, como tamb\u00e9m para o futuro da astronomia no geral.<\/p>\n<figure class=\"wp-block-image size-large\"><img title = \"[Tags]\"decoding=\"async\" loading=\"lazy\" width=\"1024\" height=\"672\" src=\"https:\/\/olhardigital.com.br\/wp-content\/uploads\/2024\/04\/camera-LSST2-1024x672.jpg\"alt = \"bruno-quint-897x1024 Observat\u00f3rio Vera C. Rubin conta com a participa\u00e7\u00e3o de mais de 200 brasileiros\" class=\"wp-image-809202\" \/><figcaption class=\"wp-element-caption\">O Observat\u00f3rio Vera C. Rubin conta com a maior c\u00e2mera digital do mundo. Cr\u00e9dito: Jacqueline Ramseyer Orrell\/SLAC National Accelerator Laboratory<\/figcaption><\/figure>\n<p>O Observat\u00f3rio Vera C. Rubin \u00e9 fruto de uma parceria entre a Funda\u00e7\u00e3o Nacional de Ci\u00eancia dos EUA (NSF), o Departamento de Energia (DOE) e institui\u00e7\u00f5es de v\u00e1rios pa\u00edses.&nbsp;<\/p>\n<h2 class=\"wp-block-heading\" id=\"h-vera-rubin-a-cientista-que-inspirou-o-nome-do-observatorio\"><strong>Vera Rubin: a cientista que inspirou o nome do observat\u00f3rio<\/strong><\/h2>\n<p>O nome do observat\u00f3rio \u00e9 uma homenagem \u00e0 astr\u00f4noma americana Vera Cooper Rubin. Ela foi pioneira ao apresentar as primeiras evid\u00eancias s\u00f3lidas da exist\u00eancia da mat\u00e9ria escura, um dos grandes enigmas da ci\u00eancia moderna. Seu trabalho mudou a forma como entendemos a distribui\u00e7\u00e3o de massa e movimento das gal\u00e1xias. Saiba mais sobre ela aqui.<\/p>\n<p>O post Observat\u00f3rio Vera C. Rubin conta com a participa\u00e7\u00e3o de mais de 200 brasileiros apareceu primeiro em Olhar Digital.<\/p>\n<p><br \/>\n<br \/><a href=\"https:\/\/olhardigital.com.br\/2025\/06\/23\/ciencia-e-espaco\/observatorio-vera-c-rubin-conta-com-a-participacao-de-mais-de-200-brasileiros\/\">Fonte do Artigo <\/a><br \/>\nTags:<\/p>\n<p><a title=\"Gestor de Tr\u00e1fego\" href=\"https:\/\/www.gestor-de-trafego.com\/\" target=\"_blank\"><strong>Gestor de Tr\u00e1fego<\/strong><\/a><\/p>\n<p><a href=\"https:\/\/wiy.com.br\/noticias\/categoria\/tecnologia\/\">#tecnologia<\/a> <a href=\"https:\/\/wiy.com.br\/noticias\/categoria\/tecnologia\/\">#tecnologias<\/a> <a href=\"https:\/\/wiy.com.br\/noticias\/categoria\/tecnologia\/\">#technology<\/a> <a href=\"https:\/\/wiy.com.br\/noticias\/categoria\/tecnologia\/\">#tecnolog<\/a> <a href=\"https:\/\/wiy.com.br\/noticias\/categoria\/tecnologia\/\">#iphone<\/a> <a href=\"https:\/\/wiy.com.br\/noticias\/categoria\/tecnologia\/\">#informatica<\/a> <a href=\"https:\/\/wiy.com.br\/noticias\/categoria\/tecnologia\/\">#tech<\/a> <a href=\"https:\/\/wiy.com.br\/noticias\/categoria\/tecnologia\/\">#design<\/a> <a href=\"https:\/\/wiy.com.br\/noticias\/categoria\/tecnologia\/\">#samsung<\/a> <a href=\"https:\/\/wiy.com.br\/noticias\/categoria\/tecnologia\/\">#internet<\/a> <a href=\"https:\/\/wiy.com.br\/noticias\/categoria\/tecnologia\/\">#apple<\/a> <a href=\"https:\/\/wiy.com.br\/noticias\/categoria\/tecnologia\/\">#smartphone<\/a> <a href=\"https:\/\/wiy.com.br\/noticias\/categoria\/tecnologia\/\">#seguranca<\/a> <a href=\"https:\/\/wiy.com.br\/noticias\/categoria\/tecnologia\/\">#venezuela<\/a> <a href=\"https:\/\/wiy.com.br\/noticias\/categoria\/tecnologia\/\">#celular<\/a> <a href=\"https:\/\/wiy.com.br\/noticias\/categoria\/tecnologia\/\">#celulares<\/a> <a href=\"https:\/\/wiy.com.br\/noticias\/categoria\/tecnologia\/\">#inovar<\/a> <a href=\"https:\/\/wiy.com.br\/noticias\/categoria\/tecnologia\/\">#qualidade<\/a> <a href=\"https:\/\/wiy.com.br\/noticias\/categoria\/tecnologia\/\">#software<\/a> <a href=\"https:\/\/wiy.com.br\/noticias\/categoria\/tecnologia\/\">#empresas<\/a> <a href=\"https:\/\/wiy.com.br\/noticias\/categoria\/tecnologia\/\">#cursos<\/a> <a href=\"https:\/\/wiy.com.br\/noticias\/categoria\/tecnologia\/\">#engenharia<\/a> <a href=\"https:\/\/wiy.com.br\/noticias\/categoria\/tecnologia\/\">#industria<\/a> <a href=\"https:\/\/wiy.com.br\/noticias\/categoria\/tecnologia\/\">#marketing<\/a> <a href=\"https:\/\/wiy.com.br\/noticias\/categoria\/tecnologia\/\">#ti<\/a> <a href=\"https:\/\/wiy.com.br\/noticias\/categoria\/tecnologia\/\">#tecnoblog<\/a> <a href=\"https:\/\/wiy.com.br\/noticias\/categoria\/tecnologia\/\">#veja<\/a> <a href=\"https:\/\/wiy.com.br\/noticias\/categoria\/tecnologia\/\">#olhardigital<\/a> <a href=\"https:\/\/wiy.com.br\/noticias\/categoria\/tecnologia\/\">#mundodigital<\/a> <a href=\"https:\/\/wiy.com.br\/noticias\/categoria\/tecnologia\/\">#inteligenciaartificial<\/a> <a href=\"https:\/\/wiy.com.br\/criacao-de-sites\/\">#criar site<\/a> <a href=\"https:\/\/wiy.com.br\/criacao-de-sites\/\">#criar site curitiba<\/a> <a href=\"https:\/\/wiy.com.br\/criacao-de-sites\/\">#wiysolutions<\/a><\/p>\n<p><a \n#Observat\u00f3rio #Vera #Rubin #conta #participa\u00e7\u00e3o #mais #brasileiros\n<\/p>\n","protected":false},"excerpt":{"rendered":"<p>Nesta segunda-feira (23), o mundo viveu um dos momentos mais esperados da astronomia moderna: a divulga\u00e7\u00e3o das primeiras imagens feitas pelo Observat\u00f3rio Vera C. Rubin. Com transmiss\u00e3o ao vivo pelo Olhar Digital, tivemos uma pequena amostra daquilo que promete ser o maior e mais completo \u201cmapa do c\u00e9u\u201d. E o Brasil est\u00e1 envolvido neste projeto! [&hellip;]<\/p>\n","protected":false},"author":1,"featured_media":92216,"comment_status":"open","ping_status":"open","sticky":false,"template":"","format":"standard","meta":{"footnotes":""},"categories":[5],"tags":[],"class_list":["post-92215","post","type-post","status-publish","format-standard","has-post-thumbnail","hentry","category-tecnologia"],"_links":{"self":[{"href":"https:\/\/wiy.com.br\/noticias\/wp-json\/wp\/v2\/posts\/92215","targetHints":{"allow":["GET"]}}],"collection":[{"href":"https:\/\/wiy.com.br\/noticias\/wp-json\/wp\/v2\/posts"}],"about":[{"href":"https:\/\/wiy.com.br\/noticias\/wp-json\/wp\/v2\/types\/post"}],"author":[{"embeddable":true,"href":"https:\/\/wiy.com.br\/noticias\/wp-json\/wp\/v2\/users\/1"}],"replies":[{"embeddable":true,"href":"https:\/\/wiy.com.br\/noticias\/wp-json\/wp\/v2\/comments?post=92215"}],"version-history":[{"count":1,"href":"https:\/\/wiy.com.br\/noticias\/wp-json\/wp\/v2\/posts\/92215\/revisions"}],"predecessor-version":[{"id":92217,"href":"https:\/\/wiy.com.br\/noticias\/wp-json\/wp\/v2\/posts\/92215\/revisions\/92217"}],"wp:featuredmedia":[{"embeddable":true,"href":"https:\/\/wiy.com.br\/noticias\/wp-json\/wp\/v2\/media\/92216"}],"wp:attachment":[{"href":"https:\/\/wiy.com.br\/noticias\/wp-json\/wp\/v2\/media?parent=92215"}],"wp:term":[{"taxonomy":"category","embeddable":true,"href":"https:\/\/wiy.com.br\/noticias\/wp-json\/wp\/v2\/categories?post=92215"},{"taxonomy":"post_tag","embeddable":true,"href":"https:\/\/wiy.com.br\/noticias\/wp-json\/wp\/v2\/tags?post=92215"}],"curies":[{"name":"wp","href":"https:\/\/api.w.org\/{rel}","templated":true}]}}