{"id":91929,"date":"2025-06-19T10:01:36","date_gmt":"2025-06-19T13:01:36","guid":{"rendered":"https:\/\/wiy.com.br\/noticias\/casacor-sp-marmore-terracota-ganha-protagonismo-nos-projetos\/"},"modified":"2025-06-19T10:01:36","modified_gmt":"2025-06-19T13:01:36","slug":"casacor-sp-marmore-terracota-ganha-protagonismo-nos-projetos","status":"publish","type":"post","link":"https:\/\/wiy.com.br\/noticias\/casacor-sp-marmore-terracota-ganha-protagonismo-nos-projetos\/","title":{"rendered":"CASACOR SP: m\u00e1rmore terracota ganha protagonismo nos projetos"},"content":{"rendered":"<p> <br \/>\n<\/p>\n<p><span>O m\u00e1rmore \u00e9 um dos revestimentos mais valorizados na arquitetura devido \u00e0 sofistica\u00e7\u00e3o, variedade de op\u00e7\u00f5es e alta durabilidade. Por sua vez, a cor terracota se consolida como uma forte tend\u00eancia de decora\u00e7\u00e3o ao trazer a sensa\u00e7\u00e3o de acolhimento aos ambientes. Juntos, eles d\u00e3o origem a um dos protagonistas da\u00a0<a href=\"https:\/\/casacor.abril.com.br\/pt-BR\/mostras\/sao-paulo-2025\">CASACOR SP 2025<\/a>: o\u00a0<strong>m\u00e1rmore terracota<\/strong>!\u00a0<\/span><span>O material aparece em bancadas, paredes e pe\u00e7as decorativas de diversos ambientes da 38\u00aa edi\u00e7\u00e3o da principal mostra de arquitetura das Am\u00e9ricas \u2013 marcando presen\u00e7a desde cozinhas, at\u00e9 banheiros e salas. Abaixo, est\u00e3o alguns projetos que usaram m\u00e1rmore terracota para voc\u00ea se inspirar!<\/span><span><\/span><\/p>\n<h2><b>1. Loft Alvar\u00e1 \u2013 Paula Neder<\/b><\/h2>\n<figure><img title = \"[Tags]\"decoding=\"async\"alt = \"0Z7A3807-1-29-Denilson-Machado-MCA-1 CASACOR SP: m\u00e1rmore terracota ganha protagonismo nos projetos\" src=\"https:\/\/vejasp.abril.com.br\/wp-content\/uploads\/2025\/06\/0Z7A3807-1-29-Denilson-Machado-MCA-1.jpeg\" \/><figcaption>PN+ | Paula Neder &#8211; Loft Alvor\u00e1. Projeto da CASACOR S\u00e3o Paulo 2025.<span class=\"copyright\">Denilson Machado\/Divulga\u00e7\u00e3o<\/span><\/figcaption><\/figure>\n<div class=\"ads video-ads\">\n<div class=\"abrAD\" data-format=\"intext_video\"><\/div>\n<\/div>\n<p><span>O loft de 72 m\u00b2 conecta seis ambientes tendo como fio condutor uma<\/span><strong><span>\u00a0<\/span>atmosfera delicada<\/strong><span>, refor\u00e7ada por texturas nas paredes, tecidos leves e materiais naturais. Um dos detalhes que mais chama a aten\u00e7\u00e3o \u00e9 o m\u00e1rmore rosado utilizado acima da bancada da\u00a0<\/span><a href=\"https:\/\/www.casacor.com.br\/decoracao\/cozinha-vertical-dicas-acessorios-na-parede\/\">cozinha<\/a><span>. O tom combina com o uso de nude e rosa nos arm\u00e1rios, na mesa e em pequenos objetos decorativos.<\/span><\/p>\n<h2><b>2. Casa das \u00c1guas \u2013 Tetriz Arquitetura<\/b><\/h2>\n<figure><img title = \"[Tags]\"decoding=\"async\"alt = \"0Z7A3807-1-29-Denilson-Machado-MCA-1 CASACOR SP: m\u00e1rmore terracota ganha protagonismo nos projetos\" src=\"https:\/\/vejasp.abril.com.br\/wp-content\/uploads\/2025\/06\/tetriz-arquitetura-casa-das-aguas-casacor-sao-paulo-2025-credito-camila-santos-1.jpg\" \/><figcaption>Tetriz Arquitetura &#8211; Casa das \u00c1guas. Projeto da CASACOR S\u00e3o Paulo 2025.<span class=\"copyright\">Camila Santos\/Divulga\u00e7\u00e3o<\/span><\/figcaption><\/figure>\n<p><span>O banheiro-conceito preza pelos materiais naturais, tra\u00e7os org\u00e2nicos e texturas que &#8220;convidam ao toque&#8221;. Nesse contexto, o m\u00e1rmore terracota \u00e9 utilizado tanto na pia quanto no aparador pr\u00f3ximo \u00e0 janela. As cores e desenhos irregulares do material agregam ao\u00a0<strong>conceito de fluidez e tranquilidade<\/strong>\u00a0do projeto.<\/span><span><\/span><\/p>\n<h2><b>3. Eternum Vitae \u2013 La Rous Studio<\/b><\/h2>\n<figure><img title = \"[Tags]\"decoding=\"async\"alt = \"0Z7A3807-1-29-Denilson-Machado-MCA-1 CASACOR SP: m\u00e1rmore terracota ganha protagonismo nos projetos\" src=\"https:\/\/vejasp.abril.com.br\/wp-content\/uploads\/2025\/06\/B0A3983-1-36-Juliano-Colodeti-MCA.jpeg\" \/><figcaption>La Rous Studio &#8211; Eternum Vitae. Projeto da CASACOR S\u00e3o Paulo 2025.<span class=\"copyright\">Juliano Colodeti, do MCA Est\u00fadio\/Divulga\u00e7\u00e3o<\/span><\/figcaption><\/figure>\n<p><span>O projeto de sala prop\u00f5e resgatar a\u00a0<\/span><strong>ancestralidade<\/strong><span>\u00a0atrav\u00e9s dos rastros deixados na natureza, como f\u00f3sseis, texturas, flores e minerais. O m\u00e1rmore terracota aparece em uma grande\u00a0<\/span><a href=\"https:\/\/casacor.abril.com.br\/pt-BR\/noticias\/decoracao\/estantes-vazadas-casacor-brasilia\">estante<\/a><span>, que vai do ch\u00e3o ao teto \u2013 preenchida com vasos, livros e outros objetos decorativos que equilibram o aspecto r\u00fastico do material. Trata-se de uma mescla entre refer\u00eancias\u00a0<\/span><em>mid-century<\/em><span>\u00a0com tend\u00eancias contempor\u00e2neas.<\/span><\/p>\n<div class=\"ads post-ads\">\n    <span class=\"title\">Continua ap\u00f3s a publicidade<\/span><\/p>\n<div class=\"abrAD\" data-format=\"intext\"><\/div>\n<\/div>\n<h2><b>4. Studio Oniria \u2013 Rodolfo Consoli<\/b><\/h2>\n<figure><img title = \"[Tags]\"decoding=\"async\"alt = \"0Z7A3807-1-29-Denilson-Machado-MCA-1 CASACOR SP: m\u00e1rmore terracota ganha protagonismo nos projetos\" src=\"https:\/\/vejasp.abril.com.br\/wp-content\/uploads\/2025\/06\/B0A7256-1.jpg\" \/><figcaption>Rodolfo Consoli, est\u00fadio formado por por sala, cozinha, banheiro e quarto. Projeto da CASACOR S\u00e3o Paulo 2025.<span class=\"copyright\">Juliano Colodeti\/Divulga\u00e7\u00e3o<\/span><\/figcaption><\/figure>\n<p><span>Formado por sala, cozinha, banheiro e quarto, o est\u00fadio \u00e9 marcado pelo uso da\u00a0<\/span><strong>cor vermelha<\/strong><span>\u00a0em diversas tonalidades, texturas e estampas. Entre elas, est\u00e1 o uso do m\u00e1rmore terracota com veios demarcados em bancadas, pain\u00e9is, p\u00f3rticos, rodap\u00e9s e at\u00e9 em detalhes no\u00a0<\/span><a href=\"https:\/\/www.casacor.com.br\/decoracao\/tipos-de-madeira-conhecer-aplicar-obra\/\">piso de madeira<\/a><span>\u00a0original.<\/span><\/p>\n<h2><b>5. Ciclo Vivo \u2013 MAAI Arquitetura<\/b><\/h2>\n<figure><img title = \"[Tags]\"decoding=\"async\"alt = \"0Z7A3807-1-29-Denilson-Machado-MCA-1 CASACOR SP: m\u00e1rmore terracota ganha protagonismo nos projetos\" src=\"https:\/\/vejasp.abril.com.br\/wp-content\/uploads\/2025\/06\/Maai-Arquitetura-Integrada.jpg\" \/><figcaption>Maai Arquitetura Integrada &#8211; Ciclo Vivo.<span class=\"copyright\">Bia Nauiack\/Divulga\u00e7\u00e3o<\/span><\/figcaption><\/figure>\n<p><span>Os arquitetos imaginam a conviv\u00eancia entre passado, presente e futuro a partir da sustentabilidade. Uma das maneiras que encontraram para atender \u00e0 proposta foi o reuso da pedra brasileira\u00a0<strong>yellow bamboo<\/strong>, aplicada na bancada do bar e na jardineira da sala\/bar.\u00a0<\/span><\/p>\n<div class=\"ads post-ads\">\n    <span class=\"title\">Continua ap\u00f3s a publicidade<\/span><\/p>\n<div class=\"abrAD\" data-format=\"intext\"><\/div>\n<\/div>\n<h3><span><\/span><b>6. Galeria Bot\u00e2nica \u2013 Rafael Granero Arquitetura<\/b><\/h3>\n<figure><img title = \"[Tags]\"decoding=\"async\"alt = \"0Z7A3807-1-29-Denilson-Machado-MCA-1 CASACOR SP: m\u00e1rmore terracota ganha protagonismo nos projetos\" src=\"https:\/\/vejasp.abril.com.br\/wp-content\/uploads\/2025\/06\/rafael-granero-arquitetura-galeria-botanica-credito-israel-gollino-2-4.jpg\" \/><figcaption>Rafael Granero Arquitetura &#8211; Galeria Bot\u00e2nica. Projeto da CASACOR S\u00e3o Paulo 2025.<span class=\"copyright\">Israel Gollino\/Divulga\u00e7\u00e3o<\/span><\/figcaption><\/figure>\n<p><span>Por fim, o m\u00e1rmore terracota aparece nos suportes que apoiam os produtos na Galeria Bot\u00e2nica \u2013 \u00e1rea de transi\u00e7\u00e3o entre lojas e um dos restaurantes da CASACOR SP. O material contrasta com os arm\u00e1rios met\u00e1licos e com o teto espelhado,\u00a0<strong>trazendo equil\u00edbrio e conex\u00e3o<\/strong>\u00a0com os sentidos primitivos ao ambiente.\u00a0<\/span><span><\/span><b>SERVI\u00c7O CASACOR SP 2025<\/b><span><\/span><\/p>\n<ul>\n<li><strong>Quando:<\/strong><span>\u00a0de 27 de maio a 03 de agosto de 2025<\/span><\/li>\n<li><strong>Onde:<\/strong><span>\u00a0Parque da \u00c1gua Branca, Rua Dona Ana Pimentel, 37 &#8211; S\u00e3o Paulo\/SP<\/span><\/li>\n<li><strong>Hor\u00e1rio de funcionamento:<span>\u00a0<\/span><\/strong><span>de ter\u00e7a a domingo, das 11h \u00e0s 21h (fechamento da bilheteria f\u00edsica 15 minutos ap\u00f3s o \u00faltimo hor\u00e1rio. A visita poder\u00e1 acontecer at\u00e9 \u00e0s 21h)<\/span><\/li>\n<li><strong>Bilheteria digital:<\/strong><span>\u00a0<\/span><a href=\"https:\/\/appcasacor.com.br\/events\/sao-paulo-2025\"><span>https:\/\/appcasacor.com.br\/events\/sao-paulo-2025<\/span><\/a><\/li>\n<li><strong>Valores ingressos:<span>\u00a0<\/span><\/strong><span>Inteira &#8211; R$121 \/\u00a0<\/span><span>Meia- R$ 60,50<\/span><\/li>\n<\/ul>\n<div id=\"relacionadas\" class=\"block  three_columns\">\n<ul class=\"block-menu\">\n<li data-tab=\"tab-1\" class=\"active\">Relacionadas<\/li>\n<\/ul>\n<div id=\"tab-1\" class=\"block-content active\">\n<ul class=\"relacionadas-s-img\">\n<li class=\"widget-news-item without-thumb with-border\">\n<div class=\"widget-news-info\"><a href=\"https:\/\/casacor.abril.com.br\">CASACOR<\/a><span class=\"widget-news-item-title\"><a href=\"https:\/\/casacor.abril.com.br\/pt-BR\/noticias\/noticias\/casacor-brasilia-casa-do-candango-2025\">CASACOR Bras\u00edlia devolve vida \u00e0 Casa do Candango em 2025<\/a><\/span><\/div>\n<\/li>\n<li class=\"widget-news-item without-thumb with-border\">\n<div class=\"widget-news-info\"><a href=\"https:\/\/casacor.abril.com.br\">CASACOR<\/a><span class=\"widget-news-item-title\"><a href=\"https:\/\/casacor.abril.com.br\/pt-BR\/noticias\/viagens\/osaka-dicas-passeios-culturais\">Osaka 2025: dicas de passeios culturais al\u00e9m da World Expo<\/a><\/span><\/div>\n<\/li>\n<li class=\"widget-news-item without-thumb with-border\">\n<div class=\"widget-news-info\"><a href=\"https:\/\/casacor.abril.com.br\/\">CASACOR<\/a><span class=\"widget-news-item-title\"><a href=\"https:\/\/casacor.abril.com.br\/pt-BR\/noticias\/casas-e-apartamentos\/29-m2-studio-cabeceira-banco-prateleiras-ceramica\">Com apenas 29 m\u00b2, studio ganha cabeceira, banco e prateleiras de cer\u00e2mica<\/a><\/span><\/div>\n<\/li>\n<\/ul>\n<\/div>\n<\/div>\n<div class=\"ads after-text\">\n    <span class=\"title\">Publicidade<\/span><\/p>\n<div class=\"abrAD\" data-format=\"aftertext\" data-mapping=\"intext\"><\/div>\n<\/div>\n<p><br \/>\n<br \/><a href=\"https:\/\/vejasp.abril.com.br\/coluna\/casa-cor\/casacor-sp-marmore-terracota-ganha-protagonismo-nos-projetos\/\">Fonte do Artigo <\/a><br \/>\nTags:<br \/>\n#loterias #loteriascaixa #megasena #resultadoapostas#noticias #noticiario  #noticia #brasil #noticiascolombia #mundo #esporte #colombia #noticiadeld #ltimasnoticias  #noticiario #noticiasregionales #noticiasdepartamentales #noticiashoy #esportes #noticiaahora #elinformantenoticias #noticiasdeboyac  #esporteinterativo #esportivo #diariodosesportes  #noticiero  #jogodefutebol #jogos #loto #apostas<\/p>\n","protected":false},"excerpt":{"rendered":"<p>O m\u00e1rmore \u00e9 um dos revestimentos mais valorizados na arquitetura devido \u00e0 sofistica\u00e7\u00e3o, variedade de op\u00e7\u00f5es e alta durabilidade. Por sua vez, a cor terracota se consolida como uma forte tend\u00eancia de decora\u00e7\u00e3o ao trazer a sensa\u00e7\u00e3o de acolhimento aos ambientes. Juntos, eles d\u00e3o origem a um dos protagonistas da\u00a0CASACOR SP 2025: o\u00a0m\u00e1rmore terracota!\u00a0O material [&hellip;]<\/p>\n","protected":false},"author":1,"featured_media":91930,"comment_status":"open","ping_status":"open","sticky":false,"template":"","format":"standard","meta":{"footnotes":""},"categories":[1],"tags":[],"class_list":["post-91929","post","type-post","status-publish","format-standard","has-post-thumbnail","hentry","category-curso-de-copy"],"_links":{"self":[{"href":"https:\/\/wiy.com.br\/noticias\/wp-json\/wp\/v2\/posts\/91929","targetHints":{"allow":["GET"]}}],"collection":[{"href":"https:\/\/wiy.com.br\/noticias\/wp-json\/wp\/v2\/posts"}],"about":[{"href":"https:\/\/wiy.com.br\/noticias\/wp-json\/wp\/v2\/types\/post"}],"author":[{"embeddable":true,"href":"https:\/\/wiy.com.br\/noticias\/wp-json\/wp\/v2\/users\/1"}],"replies":[{"embeddable":true,"href":"https:\/\/wiy.com.br\/noticias\/wp-json\/wp\/v2\/comments?post=91929"}],"version-history":[{"count":0,"href":"https:\/\/wiy.com.br\/noticias\/wp-json\/wp\/v2\/posts\/91929\/revisions"}],"wp:featuredmedia":[{"embeddable":true,"href":"https:\/\/wiy.com.br\/noticias\/wp-json\/wp\/v2\/media\/91930"}],"wp:attachment":[{"href":"https:\/\/wiy.com.br\/noticias\/wp-json\/wp\/v2\/media?parent=91929"}],"wp:term":[{"taxonomy":"category","embeddable":true,"href":"https:\/\/wiy.com.br\/noticias\/wp-json\/wp\/v2\/categories?post=91929"},{"taxonomy":"post_tag","embeddable":true,"href":"https:\/\/wiy.com.br\/noticias\/wp-json\/wp\/v2\/tags?post=91929"}],"curies":[{"name":"wp","href":"https:\/\/api.w.org\/{rel}","templated":true}]}}