{"id":91515,"date":"2025-06-13T10:31:50","date_gmt":"2025-06-13T13:31:50","guid":{"rendered":"https:\/\/wiy.com.br\/noticias\/termometros-da-prefeitura-de-sp-registram-34o-c-no-extremo-sul-inmet-marca-103o-c\/"},"modified":"2025-06-13T10:31:50","modified_gmt":"2025-06-13T13:31:50","slug":"termometros-da-prefeitura-de-sp-registram-34o-c-no-extremo-sul-inmet-marca-103o-c","status":"publish","type":"post","link":"https:\/\/wiy.com.br\/noticias\/termometros-da-prefeitura-de-sp-registram-34o-c-no-extremo-sul-inmet-marca-103o-c\/","title":{"rendered":"Term\u00f4metros da Prefeitura de SP registram 3,4\u00ba C no extremo sul; Inmet marca 10,3\u00ba C"},"content":{"rendered":"<p> <br \/>\n<br \/><img title = \"[Tags]\"alt = \"frio Term\u00f4metros da Prefeitura de SP registram 3,4\u00ba C no extremo sul; Inmet marca 10,3\u00ba C\"decoding=\"async\" src=\"https:\/\/vejasp.abril.com.br\/wp-content\/uploads\/2024\/07\/frio.webp\" \/><\/p>\n<p>O Inmet (Instituto Nacional de Meteorologia) registrou em S\u00e3o Paulo 10,3\u202f\u00b0C na madrugada desta sexta-feira (13), segundo dados da esta\u00e7\u00e3o do Mirante de Santana, na Zona Norte da capital.<\/p>\n<p>Apesar do frio, a temperatura ficou acima do que previa a meteorologia, que estimava m\u00ednima de 8\u202f\u00b0C para a madrugada. Com isso, o recorde de frio do ano registrado pelo \u00f3rg\u00e3o continua sendo os 9,6\u202f\u00b0C registrados no dia 30 de maio.<\/p>\n<div class=\"ads video-ads\">\n<div class=\"abrAD\" data-format=\"intext_video\"><\/div>\n<\/div>\n<p>A queda nos term\u00f4metros \u00e9 consequ\u00eancia da chegada de uma nova massa de ar polar que come\u00e7ou a avan\u00e7ar pelo Centro-Sul do pa\u00eds na quarta-feira (11), trazendo temperaturas mais baixas para o Sudeste.<\/p>\n<p>Para esta sexta-feira, a m\u00e1xima prevista \u00e9 de 19\u202f\u00b0C.<\/p>\n<div>\n<div class=\"ads post-ads\">\n    <span class=\"title\">Continua ap\u00f3s a publicidade<\/span><\/p>\n<div class=\"abrAD\" data-format=\"intext\"><\/div>\n<\/div>\n<p>J\u00e1 as esta\u00e7\u00f5es meteorol\u00f3gicas da prefeitura indicaram que as temperaturas m\u00ednimas chegaram aos 3,4\u00b0C no extremo sul da cidade, enquanto a regi\u00e3o central registrou 11,1\u00b0C.<\/p>\n<p>O fim de semana deve seguir com madrugadas geladas, de acordo com o CGE (Centro de Gerenciamento de Emerg\u00eancias), da prefeitura,\u00a0 mas com predom\u00ednio de sol que deve proporcionar tardes um pouco mais agrad\u00e1veis.<\/p>\n<p>O s\u00e1bado (14) ainda deve come\u00e7ar gelado, com term\u00f4metros em torno dos 9\u00b0C durante a madrugada. No decorrer do dia o sol predomina e diminui a sensa\u00e7\u00e3o de frio, com m\u00e1ximas que podem chegar aos 21\u00b0C, segundo o CGE.<\/p>\n<div class=\"ads post-ads\">\n    <span class=\"title\">Continua ap\u00f3s a publicidade<\/span><\/p>\n<div class=\"abrAD\" data-format=\"intext\"><\/div>\n<\/div>\n<p>No domingo (15) o sol favorece a gradativa eleva\u00e7\u00e3o das temperaturas no decorrer do dia. A madrugada ainda deve ser gelada com term\u00f4metros em torno dos 10\u00b0C, entretanto as m\u00e1ximas podem chegar aos 22\u00b0C.<\/p>\n<p>N\u00e3o h\u00e1 previs\u00e3o de chuvas para o fim de semana.<\/p>\n<div id=\"relacionadas\" class=\"block  three_columns\">\n<ul class=\"block-menu\">\n<li data-tab=\"tab-1\" class=\"active\">Relacionadas<\/li>\n<\/ul>\n<div id=\"tab-1\" class=\"block-content active\">\n<ul class=\"relacionadas-s-img\">\n<li class=\"widget-news-item without-thumb with-border\">\n<div class=\"widget-news-info\"><a href=\"\/cidades\">Cidades<\/a><span class=\"widget-news-item-title\"><a href=\"https:\/\/vejasp.abril.com.br\/cidades\/ativista-thiago-avila-detido-em-flotilha-rumo-a-gaza-chega-a-sp\/\">Ativista Thiago \u00c1vila, detido em flotilha rumo a Gaza, chega a SP<\/a><\/span><span class=\"widget-news-item-date\">13 jun 2025 &#8211; 09h06<\/span><\/div>\n<\/li>\n<li class=\"widget-news-item without-thumb with-border\">\n<div class=\"widget-news-info\"><a href=\"\/comer-e-beber\">COMER E BEBER<\/a><span class=\"widget-news-item-title\"><a href=\"https:\/\/vejasp.abril.com.br\/comer-e-beber\/festas-juninas-2025-shows\/\">P\u00fablico grande e muitos shows: conhe\u00e7a as festas juninas arrasa-quarteir\u00e3o<\/a><\/span><span class=\"widget-news-item-date\">13 jun 2025 &#8211; 07h06<\/span><\/div>\n<\/li>\n<li class=\"widget-news-item without-thumb with-border\">\n<div class=\"widget-news-info\"><a href=\"\/cultura-lazer\">Cultura &amp; Lazer<\/a><span class=\"widget-news-item-title\"><a href=\"https:\/\/vejasp.abril.com.br\/cultura-lazer\/dia-de-santo-antonio-espacos-homenagem\/\">Dia de Santo Ant\u00f4nio: SP tem lugares de homenagem ao santo e at\u00e9 envio de ora\u00e7\u00e3o on-line<\/a><\/span><span class=\"widget-news-item-date\">11 jun 2025 &#8211; 08h06<\/span><\/div>\n<\/li>\n<\/ul>\n<\/div>\n<\/div>\n<\/div>\n<div class=\"ads after-text\">\n    <span class=\"title\">Publicidade<\/span><\/p>\n<div class=\"abrAD\" data-format=\"aftertext\" data-mapping=\"intext\"><\/div>\n<\/div>\n<p><br \/>\n<br \/><a href=\"https:\/\/vejasp.abril.com.br\/cidades\/termometros-da-prefeitura-de-sp-registram-34o-c-no-extremo-sul-inmet-marca-103o-c\/\">Fonte do Artigo <\/a><br \/>\nTags:<br \/>\n#loterias #loteriascaixa #megasena #resultadoapostas#noticias #noticiario  #noticia #brasil #noticiascolombia #mundo #esporte #colombia #noticiadeld #ltimasnoticias  #noticiario #noticiasregionales #noticiasdepartamentales #noticiashoy #esportes #noticiaahora #elinformantenoticias #noticiasdeboyac  #esporteinterativo #esportivo #diariodosesportes  #noticiero  #jogodefutebol #jogos #loto #apostas<\/p>\n","protected":false},"excerpt":{"rendered":"<p>O Inmet (Instituto Nacional de Meteorologia) registrou em S\u00e3o Paulo 10,3\u202f\u00b0C na madrugada desta sexta-feira (13), segundo dados da esta\u00e7\u00e3o do Mirante de Santana, na Zona Norte da capital. Apesar do frio, a temperatura ficou acima do que previa a meteorologia, que estimava m\u00ednima de 8\u202f\u00b0C para a madrugada. Com isso, o recorde de frio [&hellip;]<\/p>\n","protected":false},"author":1,"featured_media":91516,"comment_status":"open","ping_status":"open","sticky":false,"template":"","format":"standard","meta":{"footnotes":""},"categories":[1],"tags":[],"class_list":["post-91515","post","type-post","status-publish","format-standard","has-post-thumbnail","hentry","category-curso-de-copy"],"_links":{"self":[{"href":"https:\/\/wiy.com.br\/noticias\/wp-json\/wp\/v2\/posts\/91515","targetHints":{"allow":["GET"]}}],"collection":[{"href":"https:\/\/wiy.com.br\/noticias\/wp-json\/wp\/v2\/posts"}],"about":[{"href":"https:\/\/wiy.com.br\/noticias\/wp-json\/wp\/v2\/types\/post"}],"author":[{"embeddable":true,"href":"https:\/\/wiy.com.br\/noticias\/wp-json\/wp\/v2\/users\/1"}],"replies":[{"embeddable":true,"href":"https:\/\/wiy.com.br\/noticias\/wp-json\/wp\/v2\/comments?post=91515"}],"version-history":[{"count":0,"href":"https:\/\/wiy.com.br\/noticias\/wp-json\/wp\/v2\/posts\/91515\/revisions"}],"wp:featuredmedia":[{"embeddable":true,"href":"https:\/\/wiy.com.br\/noticias\/wp-json\/wp\/v2\/media\/91516"}],"wp:attachment":[{"href":"https:\/\/wiy.com.br\/noticias\/wp-json\/wp\/v2\/media?parent=91515"}],"wp:term":[{"taxonomy":"category","embeddable":true,"href":"https:\/\/wiy.com.br\/noticias\/wp-json\/wp\/v2\/categories?post=91515"},{"taxonomy":"post_tag","embeddable":true,"href":"https:\/\/wiy.com.br\/noticias\/wp-json\/wp\/v2\/tags?post=91515"}],"curies":[{"name":"wp","href":"https:\/\/api.w.org\/{rel}","templated":true}]}}