{"id":90860,"date":"2025-06-04T04:32:21","date_gmt":"2025-06-04T07:32:21","guid":{"rendered":"https:\/\/wiy.com.br\/noticias\/por-que-sentimos-o-famoso-no-na-garganta-a-medicina-explica\/"},"modified":"2025-06-04T04:32:29","modified_gmt":"2025-06-04T07:32:29","slug":"por-que-sentimos-o-famoso-no-na-garganta-a-medicina-explica","status":"publish","type":"post","link":"https:\/\/wiy.com.br\/noticias\/por-que-sentimos-o-famoso-no-na-garganta-a-medicina-explica\/","title":{"rendered":"Por que sentimos o famoso \u201cn\u00f3 na garganta\u201d? A medicina explica"},"content":{"rendered":"<p> <br \/>\n<\/p>\n<p>Quem nunca sentiu o famoso \u201cn\u00f3 na garganta\u201d em um momento de emo\u00e7\u00e3o intensa, como ao tentar segurar o choro? Essa sensa\u00e7\u00e3o desconfort\u00e1vel \u00e9 bastante comum e, embora pare\u00e7a algo puramente emocional, tem explica\u00e7\u00f5es fisiol\u00f3gicas e psicol\u00f3gicas bem definidas.<\/p>\n<p>Neste artigo, vamos explorar os motivos por tr\u00e1s desse inc\u00f4modo fen\u00f4meno.<\/p>\n<h2 class=\"wp-block-heading\" id=\"h-como-o-no-na-garganta-se-forma\">Como o n\u00f3 na garganta se forma<\/h2>\n<div class=\"wp-block-image\">\n<figure class=\"aligncenter size-large\"><figcaption class=\"wp-element-caption\">Ilustra\u00e7\u00e3o 3D que mostra a faringe. \/ Cr\u00e9dito: Nerthuz (Shutterstock\/reprodu\u00e7\u00e3o)<\/figcaption><\/figure>\n<\/div>\n<p>Segundo o otorrinolaringologista Paulo Pontoni, da Universidade Federal de S\u00e3o Paulo (Unifesp), essa sensa\u00e7\u00e3o ocorre principalmente quando choramos ou tentamos conter o choro. Durante esse esfor\u00e7o, h\u00e1 um aumento involunt\u00e1rio da tens\u00e3o muscular na regi\u00e3o do pesco\u00e7o e da garganta.<\/p>\n<p>A laringe, estrutura situada acima da traqueia e respons\u00e1vel por fun\u00e7\u00f5es como a respira\u00e7\u00e3o e a produ\u00e7\u00e3o da voz, acaba sendo comprimida por essa tens\u00e3o. Como a laringe precisa se mover livremente durante a degluti\u00e7\u00e3o, essa compress\u00e3o dificulta o movimento e gera a inc\u00f4moda sensa\u00e7\u00e3o de que h\u00e1 uma &#8220;bola&#8221; ou um &#8220;n\u00f3&#8221; na garganta.<\/p>\n<h3 class=\"wp-block-heading\" id=\"h-emocoes-e-reacoes-quimicas\">Emo\u00e7\u00f5es e rea\u00e7\u00f5es qu\u00edmicas<\/h3>\n<p>Em momentos de estresse ou emo\u00e7\u00e3o intensa, o corpo libera subst\u00e2ncias qu\u00edmicas chamadas <strong>catecolaminas<\/strong>, como a adrenalina e a noradrenalina. Elas preparam o organismo para reagir a situa\u00e7\u00f5es desafiadoras, mas tamb\u00e9m impactam diversas fun\u00e7\u00f5es corporais, incluindo a musculatura da garganta.<\/p>\n<div class=\"wp-block-image\">\n<figure class=\"aligncenter size-large\"><img title = \"[Tags]\"loading=\"lazy\" decoding=\"async\" width=\"1024\" height=\"576\" src=\"https:\/\/img.olhardigital.com.br\/wp-content\/uploads\/2025\/05\/laringe-1024x576.jpg\"alt = \"laringe-1024x576 Por que sentimos o famoso \u201cn\u00f3 na garganta\u201d? A medicina explica\" class=\"wp-image-1115282\" \/><figcaption class=\"wp-element-caption\">Sistema respirat\u00f3rio humano com foco na laringe e faringe: ilustra\u00e7\u00e3o anat\u00f4mica em 3D. \/ Cr\u00e9dito: Magic mine (Shutterstock\/reprodu\u00e7\u00e3o)<\/figcaption><\/figure>\n<\/div>\n<p>Por isso, al\u00e9m do \u201cn\u00f3\u201d, \u00e9 comum surgir boca seca, voz embargada, dificuldade para falar e a sensa\u00e7\u00e3o de garganta fechada. Tudo isso faz parte da resposta natural do corpo a est\u00edmulos emocionais.<\/p>\n<h3 class=\"wp-block-heading\" id=\"h-nome-tecnico-globo-faringeo\">Nome t\u00e9cnico: globo far\u00edngeo<\/h3>\n<p>Na medicina, o nome t\u00e9cnico do \u201cn\u00f3 na garganta\u201d \u00e9 <strong>globo far\u00edngeo<\/strong> (ou <strong><em>globus hystericus<\/em><\/strong>). \u00c9 importante destacar que essa sensa\u00e7\u00e3o n\u00e3o est\u00e1 relacionada \u00e0 presen\u00e7a real de um n\u00f3dulo f\u00edsico. Trata-se de uma percep\u00e7\u00e3o subjetiva, sem obstru\u00e7\u00f5es anat\u00f4micas detect\u00e1veis.<\/p>\n<div class=\"wp-block-image\">\n<figure class=\"aligncenter size-large\"><img title = \"[Tags]\"loading=\"lazy\" decoding=\"async\" width=\"1024\" height=\"576\" src=\"https:\/\/img.olhardigital.com.br\/wp-content\/uploads\/2025\/05\/mulher-ansiosa-2-1024x576.jpg\"alt = \"laringe-1024x576 Por que sentimos o famoso \u201cn\u00f3 na garganta\u201d? A medicina explica\" class=\"wp-image-1115281\" \/><figcaption class=\"wp-element-caption\">Mulher com torcicolo e dores musculares \/ Cr\u00e9dito: fizkes (Shutterstock\/reprodu\u00e7\u00e3o)<\/figcaption><\/figure>\n<\/div>\n<p>Entre as causas m\u00e9dicas associadas ao globo far\u00edngeo, est\u00e3o:<\/p>\n<ul>\n<li><strong>Tens\u00e3o muscular<\/strong>: comum em momentos de emo\u00e7\u00e3o intensa.<\/li>\n<li><strong>Estresse e ansiedade<\/strong>: que aumentam a frequ\u00eancia da degluti\u00e7\u00e3o a seco e tensionam os m\u00fasculos da faringe.<\/li>\n<li><strong>Refluxo gastroesof\u00e1gico<\/strong>: o \u00e1cido estomacal pode irritar a garganta e provocar essa sensa\u00e7\u00e3o.<\/li>\n<li><strong>Altera\u00e7\u00f5es f\u00edsicas<\/strong>: em casos mais raros, condi\u00e7\u00f5es como problemas na tireoide, infec\u00e7\u00f5es ou tumores podem gerar sintomas semelhantes. Nesses casos, costumam aparecer outros sinais, como dor persistente, rouquid\u00e3o ou perda de peso.<\/li>\n<\/ul>\n<p><strong>Leia mais<\/strong>:<\/p>\n<ul>\n<li>O que \u00e9 TDAH, transtorno que acomete Suzana Alves, a ex-Tiazinha<\/li>\n<li>Voc\u00ea est\u00e1 sempre com a cabe\u00e7a nas nuvens? Existe uma explica\u00e7\u00e3o<\/li>\n<li>Sa\u00fade mental: entenda o que \u00e9 a S\u00edndrome do Pato Flutuante<\/li>\n<\/ul>\n<h2 class=\"wp-block-heading\" id=\"h-o-que-a-psicologia-diz-sobre-o-no-na-garganta\">O que a psicologia diz sobre o n\u00f3 na garganta<\/h2>\n<div class=\"wp-block-image\">\n<figure class=\"aligncenter size-large\"><img title = \"[Tags]\"decoding=\"async\" loading=\"lazy\" width=\"1024\" height=\"576\" src=\"https:\/\/img.olhardigital.com.br\/wp-content\/uploads\/2025\/05\/mulher-ansiosa-3-1024x576.jpg\"alt = \"laringe-1024x576 Por que sentimos o famoso \u201cn\u00f3 na garganta\u201d? A medicina explica\" class=\"wp-image-1115285\" \/><figcaption class=\"wp-element-caption\">Consulta psicol\u00f3gica entre terapeuta e paciente: apoio emocional para lidar com ansiedade, depress\u00e3o ou raiva. \/ Cr\u00e9dito: PeopleImages.com &#8211; Yuri A (Shutterstock\/reprodu\u00e7\u00e3o)<\/figcaption><\/figure>\n<\/div>\n<p>Al\u00e9m das explica\u00e7\u00f5es fisiol\u00f3gicas, a psicologia tamb\u00e9m analisa essa sensa\u00e7\u00e3o. Abordagens como a psicossom\u00e1tica e a psicologia som\u00e1tica interpretam o n\u00f3 na garganta como reflexo de dificuldades em expressar sentimentos, muitas vezes ligados a medo, inseguran\u00e7a, vergonha ou autoanula\u00e7\u00e3o.\u00a0<\/p>\n<p>Em contextos terap\u00eauticos, ele pode ser um sinal de emo\u00e7\u00f5es contidas, conflitos internos ou a necessidade de dizer algo importante que foi reprimida por press\u00f5es externas ou autocensura.<\/p>\n<p>Esse fen\u00f4meno \u00e9 frequentemente observado em casos de ansiedade, depress\u00e3o e estresse, nos quais o ac\u00famulo de emo\u00e7\u00f5es n\u00e3o expressas pode gerar sintomas f\u00edsicos. Tamb\u00e9m pode aparecer em pessoas que enfrentam dificuldade para se posicionar, impor limites ou expressar suas necessidades.<\/p>\n<div class=\"wp-block-image\">\n<figure class=\"aligncenter size-large\"><img title = \"[Tags]\"decoding=\"async\" loading=\"lazy\" width=\"1024\" height=\"576\" src=\"https:\/\/img.olhardigital.com.br\/wp-content\/uploads\/2025\/05\/freud-1024x576.jpg\"alt = \"laringe-1024x576 Por que sentimos o famoso \u201cn\u00f3 na garganta\u201d? A medicina explica\" class=\"wp-image-1115284\" \/><figcaption class=\"wp-element-caption\">Sigmund Freud, pai da psican\u00e1lise, em foto hist\u00f3rica. \/ Cr\u00e9dito: Dom\u00ednio P\u00fablico (Wikimedia Commons)<\/figcaption><\/figure>\n<\/div>\n<p>Na psican\u00e1lise, Freud chamou o fen\u00f4meno de <strong>&#8220;globus hist\u00e9rico&#8221;<\/strong>. Ele associava a mecanismos de defesa como a repress\u00e3o,\u00a0em que emo\u00e7\u00f5es s\u00e3o mantidas fora da consci\u00eancia, mas acabam se manifestando por meio de sintomas f\u00edsicos. J\u00e1 abordagens mais contempor\u00e2neas, como a psicologia som\u00e1tica, refor\u00e7am a import\u00e2ncia de reconhecer e liberar essas emo\u00e7\u00f5es para aliviar o desconforto corporal.<\/p>\n<p style=\"font-size:16px\"><em>As informa\u00e7\u00f5es presentes neste texto t\u00eam car\u00e1ter informativo e n\u00e3o substituem a orienta\u00e7\u00e3o de profissionais de sa\u00fade. Consulte um m\u00e9dico ou especialista para avaliar o seu caso.<\/em><\/p>\n<p>O post Por que sentimos o famoso &#8220;n\u00f3 na garganta&#8221;? A medicina explica apareceu primeiro em Olhar Digital.<\/p>\n<p><br \/>\n<br \/><a href=\"https:\/\/olhardigital.com.br\/2025\/06\/04\/medicina-e-saude\/por-que-sentimos-o-famoso-no-na-garganta-a-medicina-explica\/\">Fonte do Artigo <\/a><br \/>\nTags:<\/p>\n<p><a title=\"Gestor de Tr\u00e1fego\" href=\"https:\/\/www.gestor-de-trafego.com\/\" target=\"_blank\"><strong>Gestor de Tr\u00e1fego<\/strong><\/a><\/p>\n<p><a href=\"https:\/\/wiy.com.br\/noticias\/categoria\/tecnologia\/\">#tecnologia<\/a> <a href=\"https:\/\/wiy.com.br\/noticias\/categoria\/tecnologia\/\">#tecnologias<\/a> <a href=\"https:\/\/wiy.com.br\/noticias\/categoria\/tecnologia\/\">#technology<\/a> <a href=\"https:\/\/wiy.com.br\/noticias\/categoria\/tecnologia\/\">#tecnolog<\/a> <a href=\"https:\/\/wiy.com.br\/noticias\/categoria\/tecnologia\/\">#iphone<\/a> <a href=\"https:\/\/wiy.com.br\/noticias\/categoria\/tecnologia\/\">#informatica<\/a> <a href=\"https:\/\/wiy.com.br\/noticias\/categoria\/tecnologia\/\">#tech<\/a> <a href=\"https:\/\/wiy.com.br\/noticias\/categoria\/tecnologia\/\">#design<\/a> <a href=\"https:\/\/wiy.com.br\/noticias\/categoria\/tecnologia\/\">#samsung<\/a> <a href=\"https:\/\/wiy.com.br\/noticias\/categoria\/tecnologia\/\">#internet<\/a> <a href=\"https:\/\/wiy.com.br\/noticias\/categoria\/tecnologia\/\">#apple<\/a> <a href=\"https:\/\/wiy.com.br\/noticias\/categoria\/tecnologia\/\">#smartphone<\/a> <a href=\"https:\/\/wiy.com.br\/noticias\/categoria\/tecnologia\/\">#seguranca<\/a> <a href=\"https:\/\/wiy.com.br\/noticias\/categoria\/tecnologia\/\">#venezuela<\/a> <a href=\"https:\/\/wiy.com.br\/noticias\/categoria\/tecnologia\/\">#celular<\/a> <a href=\"https:\/\/wiy.com.br\/noticias\/categoria\/tecnologia\/\">#celulares<\/a> <a href=\"https:\/\/wiy.com.br\/noticias\/categoria\/tecnologia\/\">#inovar<\/a> <a href=\"https:\/\/wiy.com.br\/noticias\/categoria\/tecnologia\/\">#qualidade<\/a> <a href=\"https:\/\/wiy.com.br\/noticias\/categoria\/tecnologia\/\">#software<\/a> <a href=\"https:\/\/wiy.com.br\/noticias\/categoria\/tecnologia\/\">#empresas<\/a> <a href=\"https:\/\/wiy.com.br\/noticias\/categoria\/tecnologia\/\">#cursos<\/a> <a href=\"https:\/\/wiy.com.br\/noticias\/categoria\/tecnologia\/\">#engenharia<\/a> <a href=\"https:\/\/wiy.com.br\/noticias\/categoria\/tecnologia\/\">#industria<\/a> <a href=\"https:\/\/wiy.com.br\/noticias\/categoria\/tecnologia\/\">#marketing<\/a> <a href=\"https:\/\/wiy.com.br\/noticias\/categoria\/tecnologia\/\">#ti<\/a> <a href=\"https:\/\/wiy.com.br\/noticias\/categoria\/tecnologia\/\">#tecnoblog<\/a> <a href=\"https:\/\/wiy.com.br\/noticias\/categoria\/tecnologia\/\">#veja<\/a> <a href=\"https:\/\/wiy.com.br\/noticias\/categoria\/tecnologia\/\">#olhardigital<\/a> <a href=\"https:\/\/wiy.com.br\/noticias\/categoria\/tecnologia\/\">#mundodigital<\/a> <a href=\"https:\/\/wiy.com.br\/noticias\/categoria\/tecnologia\/\">#inteligenciaartificial<\/a> <a href=\"https:\/\/wiy.com.br\/criacao-de-sites\/\">#criar site<\/a> <a href=\"https:\/\/wiy.com.br\/criacao-de-sites\/\">#criar site curitiba<\/a> <a href=\"https:\/\/wiy.com.br\/criacao-de-sites\/\">#wiysolutions<\/a><\/p>\n<p><a \n#Por #sentimos #famoso #n\u00f3 #garganta #medicina #explica\n<\/p>\n","protected":false},"excerpt":{"rendered":"<p>Quem nunca sentiu o famoso \u201cn\u00f3 na garganta\u201d em um momento de emo\u00e7\u00e3o intensa, como ao tentar segurar o choro? Essa sensa\u00e7\u00e3o desconfort\u00e1vel \u00e9 bastante comum e, embora pare\u00e7a algo puramente emocional, tem explica\u00e7\u00f5es fisiol\u00f3gicas e psicol\u00f3gicas bem definidas. Neste artigo, vamos explorar os motivos por tr\u00e1s desse inc\u00f4modo fen\u00f4meno. Como o n\u00f3 na garganta [&hellip;]<\/p>\n","protected":false},"author":1,"featured_media":90861,"comment_status":"open","ping_status":"open","sticky":false,"template":"","format":"standard","meta":{"footnotes":""},"categories":[5],"tags":[],"class_list":["post-90860","post","type-post","status-publish","format-standard","has-post-thumbnail","hentry","category-tecnologia"],"_links":{"self":[{"href":"https:\/\/wiy.com.br\/noticias\/wp-json\/wp\/v2\/posts\/90860","targetHints":{"allow":["GET"]}}],"collection":[{"href":"https:\/\/wiy.com.br\/noticias\/wp-json\/wp\/v2\/posts"}],"about":[{"href":"https:\/\/wiy.com.br\/noticias\/wp-json\/wp\/v2\/types\/post"}],"author":[{"embeddable":true,"href":"https:\/\/wiy.com.br\/noticias\/wp-json\/wp\/v2\/users\/1"}],"replies":[{"embeddable":true,"href":"https:\/\/wiy.com.br\/noticias\/wp-json\/wp\/v2\/comments?post=90860"}],"version-history":[{"count":1,"href":"https:\/\/wiy.com.br\/noticias\/wp-json\/wp\/v2\/posts\/90860\/revisions"}],"predecessor-version":[{"id":90862,"href":"https:\/\/wiy.com.br\/noticias\/wp-json\/wp\/v2\/posts\/90860\/revisions\/90862"}],"wp:featuredmedia":[{"embeddable":true,"href":"https:\/\/wiy.com.br\/noticias\/wp-json\/wp\/v2\/media\/90861"}],"wp:attachment":[{"href":"https:\/\/wiy.com.br\/noticias\/wp-json\/wp\/v2\/media?parent=90860"}],"wp:term":[{"taxonomy":"category","embeddable":true,"href":"https:\/\/wiy.com.br\/noticias\/wp-json\/wp\/v2\/categories?post=90860"},{"taxonomy":"post_tag","embeddable":true,"href":"https:\/\/wiy.com.br\/noticias\/wp-json\/wp\/v2\/tags?post=90860"}],"curies":[{"name":"wp","href":"https:\/\/api.w.org\/{rel}","templated":true}]}}