{"id":9085,"date":"2023-02-26T14:59:18","date_gmt":"2023-02-26T17:59:18","guid":{"rendered":"https:\/\/wiy.com.br\/noticias\/por-tras-das-fotos-nas-redes-sociais-mulheres-agredidas-por-companheiros\/"},"modified":"2019-03-08T18:56:24","modified_gmt":"2019-03-08T21:56:24","slug":"por-tras-das-fotos-nas-redes-sociais-mulheres-agredidas-por-companheiros","status":"publish","type":"post","link":"https:\/\/wiy.com.br\/noticias\/por-tras-das-fotos-nas-redes-sociais-mulheres-agredidas-por-companheiros\/","title":{"rendered":"Por tr\u00e1s das fotos nas redes sociais: mulheres agredidas por companheiros"},"content":{"rendered":"<p> <br \/>\n<\/p>\n<p>A cada 2 segundos, uma mulher \u00e9 v\u00edtima de algum tipo de viol\u00eancia no Brasil. Trata-se de um dado medido em tempo real pelo site<a href=\"https:\/\/www.relogiosdaviolencia.com.br\/#\"> Rel\u00f3gios da Viol\u00eancia<\/a>, uma iniciativa do Instituto Maria da Penha (IMP). S\u00f3 nesta sexta-feira (8), estima-se que mais de 27 000 mulheres foram v\u00edtimas de algum tipo de agress\u00e3o, f\u00edsica ou verbal, no pa\u00eds.<\/p>\n<p>Nesta data em que se comemora o Dia Internacional da Mulher, Isabela Miranda de Oliveira morreu por ter sido agredida pelo parceiro, William Felipe Esteves, de 21 anos. Durante mais de um ano, os dois posaram juntos para fotos como um casal feliz. No domingo (3), Esteves ateou fogo no corpo da pr\u00f3pria namorada em Franco da Rocha, na Grande S\u00e3o Paulo.<\/p>\n<p><strong>VEJA S\u00c3O PAULO<\/strong> selecionou casos recentes de casais aparentemente felizes nas fotos, mas que escondem hist\u00f3rias de mulheres v\u00edtimas de viol\u00eancia. Confira:<\/p>\n<p><strong>1. <\/strong>Jane Cherubim, de 36 anos, foi encontrada espancada e abandonada em uma estrada em Dores do Rio Preto, no Esp\u00edrito Santo. O principal suspeito do crime \u00e9 o namorado dela, Jonas Amaral. O caso ocorreu na segunda-feira (4).<\/p>\n<figure><img title = \"[Tags]\"alt = \"jane_reprod Por tr\u00e1s das fotos nas redes sociais: mulheres agredidas por companheiros\"decoding=\"async\" src=\"https:\/\/abrilvejasp.files.wordpress.com\/2019\/03\/jane_reprod.jpg\" \/><figcaption>Namorado de Jane \u00e9 o principal suspeito de t\u00ea-la espancando<span class=\"copyright\">Veja SP<\/span><\/figcaption><\/figure>\n<p>Jane n\u00e3o corre risco de morte. Seu rosto, por\u00e9m, ficou muito machucado por causa das agress\u00f5es. Ela continua internada no hospital de Carangola, em Minas Gerais. Em entrevista \u00e0 revista CL\u00c1UDIA, o irm\u00e3o de Jane, Salvador Cherubim, disse que a irm\u00e3 ainda <a href=\"https:\/\/claudia.abril.com.br\/noticias\/lacrimeja-sangue-diz-irmao-de-jane-espancada-e-abandonada-na-estrada\/?fbclid=IwAR1evYcvB3GPBzMOij1jn3fvENtRI4jExcBNi8pzWUYHOuRYwxbQcEzO8WI\">est\u00e1 lacrimejando sangue<\/a>.<\/p>\n<p><strong>2.\u00a0 <\/strong>A advogada Luciana Sinzimbra, de 26 anos, gravou o momento em que foi agredida pelo namorado. No v\u00eddeo feito em dezembro de 2018, o piloto Victor Junqueira aparece batendo na v\u00edtima com socos, empurr\u00f5es e pux\u00f5es de cabelo.<\/p>\n<figure><img title = \"[Tags]\"alt = \"jane_reprod Por tr\u00e1s das fotos nas redes sociais: mulheres agredidas por companheiros\"decoding=\"async\" src=\"https:\/\/abrilvejasp.files.wordpress.com\/2019\/03\/luciana_reprod.jpg\" \/><figcaption>Victor Junqueira foi flagrado espancando a namorada<span class=\"copyright\">Veja SP<\/span><\/figcaption><\/figure>\n<p>O crime aconteceu em Goi\u00e2nia. A pol\u00edcia chegou a pedir a pris\u00e3o de Junqueira, mas a Justi\u00e7a n\u00e3o acatou o pedido. Segundo os advogados do piloto, o rapaz permanece &#8220;trancado em casa&#8221;, recebendo amea\u00e7as de morte.<\/p>\n<p><strong>3. <\/strong>A professora Rosana Silva, de 36 anos, foi torturada por mais de doze horas pelo namorado em Duque de Caxias, no interior do Rio de Janeiro. Rosana namorou o mec\u00e2nico industrial Davidson Gomes, de 32 anos, por mais de dois anos, em um relacionamento marcado por agress\u00f5es.<\/p>\n<figure><img title = \"[Tags]\"alt = \"jane_reprod Por tr\u00e1s das fotos nas redes sociais: mulheres agredidas por companheiros\"decoding=\"async\" src=\"https:\/\/abrilvejasp.files.wordpress.com\/2019\/03\/rosanasilva_reprod.jpg\" \/><figcaption>Davidson Gomes foi preso na semana passada, por torturar a ex-namorada<span class=\"copyright\">Veja SP<\/span><\/figcaption><\/figure>\n<p>As torturas fizeram Rosana quebrar o nariz, perfurar um t\u00edmpano e ter v\u00e1rias cicatrizes pelo corpo. Gomes acabou preso na \u00faltima semana, depois de ter sido denunciado pela ex-namorada.<\/p>\n<p><strong>4. <\/strong>A balconista Thais de Andrade, de 29 anos, foi estrangulada e morta pelo namorado, Anderson Dornelos Urich, de 25 anos. O crime aconteceu na madrugada de ter\u00e7a-feira (5), em Borborema, no interior de S\u00e3o Paulo.<\/p>\n<figure><img title = \"[Tags]\"alt = \"jane_reprod Por tr\u00e1s das fotos nas redes sociais: mulheres agredidas por companheiros\"decoding=\"async\" src=\"https:\/\/abrilvejasp.files.wordpress.com\/2019\/03\/thais_reprod.jpg\" \/><figcaption>Rapaz de 25 anos matou a namorada estrangulada no interior de S\u00e3o Paulo<span class=\"copyright\">Veja SP<\/span><\/figcaption><\/figure>\n<p>Urich tentou fugir, mas foi preso pela pol\u00edcia perto de sua casa, onde tudo aconteceu. Ele matou a companheira depois que os dois tinham voltado de um bloco de Carnaval.<\/p>\n<p><strong>5. <\/strong>Parentes de Christini Cardoso de Fran\u00e7a Felippe denunciaram \u00e0 pol\u00edcia de Campo Grande, no Mato Grosso do Sul, que a mulher apanhava do pr\u00f3prio marido. As fotos da mulher com o rosto desfigurado chegaram a circular pelas redes sociais em janeiro deste ano.<\/p>\n<figure><img title = \"[Tags]\"alt = \"jane_reprod Por tr\u00e1s das fotos nas redes sociais: mulheres agredidas por companheiros\"decoding=\"async\" src=\"https:\/\/abrilvejasp.files.wordpress.com\/2019\/03\/christine_reprod.jpg\" \/><figcaption>O homem de 44 anos foi acusado por parentes de Christini de espancar a mulher<span class=\"copyright\">Veja SP<\/span><\/figcaption><\/figure>\n<p>O empres\u00e1rio F\u00e1bio Tuffy Felipe, de 44 anos, nega ter agredido Christini. Os parentes que fizeram a den\u00fancia afirmaram \u00e0 pol\u00edcia que Felipe amea\u00e7ava a mulher caso ela dissesse a algu\u00e9m que sofria agress\u00f5es. Felipe se entregou no dia 4 de janeiro, depois que a Justi\u00e7a decretou sua pris\u00e3o.<\/p>\n<p><br \/>\n<br \/><a href=\"https:\/\/vejasp.abril.com.br\/cidades\/mulheres-agredidas-redes-sociais\/\">Source link <\/a><\/p>\n","protected":false},"excerpt":{"rendered":"<p>A cada 2 segundos, uma mulher \u00e9 v\u00edtima de algum tipo de viol\u00eancia no Brasil. Trata-se de um dado medido em tempo real pelo site Rel\u00f3gios da Viol\u00eancia, uma iniciativa do Instituto Maria da Penha (IMP). S\u00f3 nesta sexta-feira (8), estima-se que mais de 27 000 mulheres foram v\u00edtimas de algum tipo de agress\u00e3o, f\u00edsica [&hellip;]<\/p>\n","protected":false},"author":1,"featured_media":9086,"comment_status":"open","ping_status":"open","sticky":false,"template":"","format":"standard","meta":{"footnotes":""},"categories":[7],"tags":[],"class_list":["post-9085","post","type-post","status-publish","format-standard","has-post-thumbnail","hentry","category-economia"],"_links":{"self":[{"href":"https:\/\/wiy.com.br\/noticias\/wp-json\/wp\/v2\/posts\/9085","targetHints":{"allow":["GET"]}}],"collection":[{"href":"https:\/\/wiy.com.br\/noticias\/wp-json\/wp\/v2\/posts"}],"about":[{"href":"https:\/\/wiy.com.br\/noticias\/wp-json\/wp\/v2\/types\/post"}],"author":[{"embeddable":true,"href":"https:\/\/wiy.com.br\/noticias\/wp-json\/wp\/v2\/users\/1"}],"replies":[{"embeddable":true,"href":"https:\/\/wiy.com.br\/noticias\/wp-json\/wp\/v2\/comments?post=9085"}],"version-history":[{"count":0,"href":"https:\/\/wiy.com.br\/noticias\/wp-json\/wp\/v2\/posts\/9085\/revisions"}],"wp:featuredmedia":[{"embeddable":true,"href":"https:\/\/wiy.com.br\/noticias\/wp-json\/wp\/v2\/media\/9086"}],"wp:attachment":[{"href":"https:\/\/wiy.com.br\/noticias\/wp-json\/wp\/v2\/media?parent=9085"}],"wp:term":[{"taxonomy":"category","embeddable":true,"href":"https:\/\/wiy.com.br\/noticias\/wp-json\/wp\/v2\/categories?post=9085"},{"taxonomy":"post_tag","embeddable":true,"href":"https:\/\/wiy.com.br\/noticias\/wp-json\/wp\/v2\/tags?post=9085"}],"curies":[{"name":"wp","href":"https:\/\/api.w.org\/{rel}","templated":true}]}}