{"id":9069,"date":"2023-02-26T15:00:26","date_gmt":"2023-02-26T18:00:26","guid":{"rendered":"https:\/\/wiy.com.br\/noticias\/desfiles-de-moda-em-paris-viram-espetaculos-apoteoticos\/"},"modified":"2019-03-08T16:57:09","modified_gmt":"2019-03-08T19:57:09","slug":"desfiles-de-moda-em-paris-viram-espetaculos-apoteoticos","status":"publish","type":"post","link":"https:\/\/wiy.com.br\/noticias\/desfiles-de-moda-em-paris-viram-espetaculos-apoteoticos\/","title":{"rendered":"Desfiles de moda em Paris viram espet\u00e1culos apote\u00f3ticos"},"content":{"rendered":"<p> <br \/>\n<\/p>\n<p>Uma pena que a semana de <strong><a href=\"https:\/\/exame.abril.com.br\/noticias-sobre\/moda\/\" target=\"_blank\" rel=\"noopener noreferrer\">moda<\/a><\/strong> de Paris, encerrada na ter\u00e7a, 5, tenha sido ofuscada pelos bloquinhos de carnaval por aqui, porque muitos de seus desfiles, certamente, conquistaram lugar no pante\u00e3o dos grandes momentos da moda contempor\u00e2nea. A temporada trouxe Grace Jones, maravilhosa aos 70 anos, dan\u00e7ando no desfile de Tommy Hilfiger, contou com passarelas em sets cinematogr\u00e1ficos instalados em pleno museu do Louvre e aos p\u00e9s da Torre Eiffel e uma homenagem comovente ao kaiser, Karl Lagerfeld, morto em fevereiro.<\/p>\n<div class=\"widget-news widget-box no-margin no-border\"><span class=\"widget-news-title content-box-title\">Veja tamb\u00e9m<\/span><\/p>\n<ul class=\"widget-news-list\">\n<li class=\"widget-news-item without-thumb with-border\">\n<div class=\"widget-news-info\"><a href=\"http:\/\/exame.abril.com.br\/estilo-de-vida\">VIP \u2013 ESTILO DE VIDA<\/a><span class=\"widget-news-item-title\"><a href=\"https:\/\/exame.abril.com.br\/estilo-de-vida\/calvin-klein-se-afasta-da-moda-de-luxo\/\">Calvin Klein se afasta da moda de luxo<\/a><\/span><span class=\"widget-news-item-date\">8 mar 2019 &#8211; 16h03<\/span><\/div>\n<\/li>\n<\/ul>\n<\/div>\n<p>O Grand Palais foi transformado em uma esta\u00e7\u00e3o de esqui dos Alpes Su\u00ed\u00e7os (lugar que o estilista amava), houve um minuto de sil\u00eancio antes do show e ouviu-se a voz de Karl falando em franc\u00eas sobre sua chegada \u00e0 marca nos anos 1980.<\/p>\n<p>As expectativas para esse tributo eram alt\u00edssimas, afinal, o estilista virou um \u00edcone da moda, ocupando a dire\u00e7\u00e3o criativa da Chanel por 35 anos. Por outro lado, como fazer uma homenagem respeitosa a um alem\u00e3o totalmente avesso a sentimentalismos?<\/p>\n<figure><img title = \"[Tags]\"alt = \"penelope Desfiles de moda em Paris viram espet\u00e1culos apote\u00f3ticos\"decoding=\"async\" src=\"https:\/\/abrilexame.files.wordpress.com\/2019\/03\/penelope.jpg\" \/><figcaption>Penelope Cruz no desfile da Chanel na Paris Fashion Week<span class=\"copyright\">Getty Images<\/span><\/figcaption><\/figure>\n<p>A resposta veio na forma de uma cole\u00e7\u00e3o que representou a sua genialidade, com uma s\u00e9rie da casacos e conjuntos de tweed em v\u00e1rios tipos de xadrez (um mais chique do que o outro), seguida por roupas de inverno bem coloridas que acenavam para o melhor do estilo anos 80, do qual Karl foi mestre. No final, uma linha de vestidos finos brancos e sublimes contou com a presen\u00e7a especial da atriz Pen\u00e9lope Cruz, que surgiu com uma cam\u00e9lia branca nas m\u00e3os, um s\u00edmbolo da Chanel reinterpretado centenas de vezes por Karl. A m\u00fasica Heroes, de David Bowie, fechou o show com a tropa de modelos emocionada, algumas delas chorando.<\/p>\n<p>A festa continuou com os americanos que desembarcaram na cidade luz. A Tommy Hilfiger, que roda o mundo criando verdadeiros espet\u00e1culos para suas cole\u00e7\u00f5es &#8211; tendo passado por Shanghai, Mil\u00e3o e Nova York &#8211; sacudiu o Th\u00e8\u00e2tre des Champs-Elys\u00e9es trazendo ningu\u00e9m menos que Grace Jones. A modelo, cantora e \u00edcone dos anos 80 levou os 1.900 convidados ao del\u00edrio ao som do seu hit Pull Up To The Bumper.<\/p>\n<figure><img title = \"[Tags]\"alt = \"penelope Desfiles de moda em Paris viram espet\u00e1culos apote\u00f3ticos\"decoding=\"async\" src=\"https:\/\/abrilexame.files.wordpress.com\/2019\/03\/grace.jpg\" \/><figcaption>Desfile da Tommy Hilfiger na Paris Fashion Week<span class=\"copyright\">Getty Images<\/span><\/figcaption><\/figure>\n<p>A cole\u00e7\u00e3o seguia o tema: muito lurex, lam\u00ea e estampas colorid\u00edssimas em um batalh\u00e3o de modelos com tipos de corpos e etnias bem diversificados.<\/p>\n<p>J\u00e1 a Saint Laurent levou a tend\u00eancia n\u00e9on para outro n\u00edvel quando apagou as luzes do seu cubo de vidro montado nos jardins do Trocad\u00e9ro, em frente \u00e0 Torre Eiffel. De repente, minivestidos fluorescentes cruzaram a passarela iluminada apenas com luz negra, dando o tom pop \u00e0 revisita\u00e7\u00e3o de Anthony Vacarello, estilista atual da marca, \u00e0 famosa cole\u00e7\u00e3o Scandal, de 1971, de Yves Saint Laurent.<\/p>\n<figure><img title = \"[Tags]\"alt = \"penelope Desfiles de moda em Paris viram espet\u00e1culos apote\u00f3ticos\"decoding=\"async\" src=\"https:\/\/abrilexame.files.wordpress.com\/2019\/03\/laurent.jpg\" \/><figcaption>Desfile na Saint Laurent na Paris Fashion Week<span class=\"copyright\">Getty Images<\/span><\/figcaption><\/figure>\n<p>Enquanto isso, a Louis Vuitton radicalizou numa onda punk interessant\u00edssima. Para falar sobre os limites do real e do imagin\u00e1rio, o estilista Nicolas Ghesqui\u00e8re recriou a fachada do Centre Pompidou dentro do Louvre. Sua inspira\u00e7\u00e3o veio dos grupos culturais e alternativos que circulam na regi\u00e3o do Pompidou. Assim, o estilo da madame encontrou a rebeldia do couro e das tachas.<\/p>\n<figure><img title = \"[Tags]\"alt = \"penelope Desfiles de moda em Paris viram espet\u00e1culos apote\u00f3ticos\"decoding=\"async\" src=\"https:\/\/abrilexame.files.wordpress.com\/2019\/03\/louis.jpg\" \/><figcaption>Desfile da Louis Vuitton na Paris Fashion Week<span class=\"copyright\">Getty Images<\/span><\/figcaption><\/figure>\n<p>Com a mesma pegada sombria e rebelde, a estilista Sara Burton trouxe ternos impec\u00e1veis ao desfile de Alexander McQueen, fabricados com l\u00e3s feitas no Norte da Inglaterra, onde ela foi criada. Sua moda evocou os festivais da regi\u00e3o, as irm\u00e3s Bront\u00eb, que tamb\u00e9m vieram de l\u00e1, e as sufragistas com seus vestidos brancos. E linkou todos esses conceitos hist\u00f3ricos com os c\u00f3digos do punk e do new wave. Fez um lindo trabalho.<\/p>\n<p>Esta foi uma \u00f3tima semana para a alfaiataria, por sinal. Enquanto o estilista Hedi Slimane resgatou a vers\u00e3o comportada da garota chique de Paris, combinando bermudas de couro com blazers e botas longas, Waight Keller, da Givenchy, investiu em ternos certinhos, usados com os bot\u00f5es fechados e cintos afivelados. A modelagem trouxe ombros empinados, confirmando uma tend\u00eancia: as ombreiras est\u00e3o entre n\u00f3s.<\/p>\n<p>O que mais vai pegar? A Balenciaga, queridinha do street style, deu show mais uma vez com sua alfaiataria tecnol\u00f3gica e de cores c\u00edtricas. O rosa-chiclete, o amarelo e o turquesa-\u00e1cido apareceram em doudounes, casacos teddy bear e terninhos com ombros marcados. O jeans lavado e destru\u00eddo \u00e9 uma das apostas da Balmain. O xadrez, sempre ele no inverno, aparece em vers\u00f5es de tabuleiro de damas e pied-de-poule, como na Off-White e na Chanel. S\u00e3o os padr\u00f5es que v\u00e3o dominar as ruas. Afinal, como diria Coco Chanel, &#8220;uma moda que n\u00e3o chega \u00e0s ruas n\u00e3o pode ser chamada de moda&#8221;. (Colaborou Lays Tavares)<\/p>\n<p>As informa\u00e7\u00f5es s\u00e3o do jornal <strong>O Estado de S. Paulo.<\/strong><\/p>\n<p><br \/>\n<br \/><a href=\"https:\/\/exame.abril.com.br\/estilo-de-vida\/desfiles-de-moda-em-paris-viram-espetaculos-apoteoticos\/\">Source link <\/a><\/p>\n","protected":false},"excerpt":{"rendered":"<p>Uma pena que a semana de moda de Paris, encerrada na ter\u00e7a, 5, tenha sido ofuscada pelos bloquinhos de carnaval por aqui, porque muitos de seus desfiles, certamente, conquistaram lugar no pante\u00e3o dos grandes momentos da moda contempor\u00e2nea. A temporada trouxe Grace Jones, maravilhosa aos 70 anos, dan\u00e7ando no desfile de Tommy Hilfiger, contou com [&hellip;]<\/p>\n","protected":false},"author":1,"featured_media":9070,"comment_status":"open","ping_status":"open","sticky":false,"template":"","format":"standard","meta":{"footnotes":""},"categories":[337],"tags":[],"class_list":["post-9069","post","type-post","status-publish","format-standard","has-post-thumbnail","hentry","category-noticias"],"_links":{"self":[{"href":"https:\/\/wiy.com.br\/noticias\/wp-json\/wp\/v2\/posts\/9069","targetHints":{"allow":["GET"]}}],"collection":[{"href":"https:\/\/wiy.com.br\/noticias\/wp-json\/wp\/v2\/posts"}],"about":[{"href":"https:\/\/wiy.com.br\/noticias\/wp-json\/wp\/v2\/types\/post"}],"author":[{"embeddable":true,"href":"https:\/\/wiy.com.br\/noticias\/wp-json\/wp\/v2\/users\/1"}],"replies":[{"embeddable":true,"href":"https:\/\/wiy.com.br\/noticias\/wp-json\/wp\/v2\/comments?post=9069"}],"version-history":[{"count":0,"href":"https:\/\/wiy.com.br\/noticias\/wp-json\/wp\/v2\/posts\/9069\/revisions"}],"wp:featuredmedia":[{"embeddable":true,"href":"https:\/\/wiy.com.br\/noticias\/wp-json\/wp\/v2\/media\/9070"}],"wp:attachment":[{"href":"https:\/\/wiy.com.br\/noticias\/wp-json\/wp\/v2\/media?parent=9069"}],"wp:term":[{"taxonomy":"category","embeddable":true,"href":"https:\/\/wiy.com.br\/noticias\/wp-json\/wp\/v2\/categories?post=9069"},{"taxonomy":"post_tag","embeddable":true,"href":"https:\/\/wiy.com.br\/noticias\/wp-json\/wp\/v2\/tags?post=9069"}],"curies":[{"name":"wp","href":"https:\/\/api.w.org\/{rel}","templated":true}]}}