{"id":90553,"date":"2025-05-30T14:31:23","date_gmt":"2025-05-30T17:31:23","guid":{"rendered":"https:\/\/wiy.com.br\/noticias\/homem-coloca-fogo-no-proprio-corpo-na-estacao-sao-bento-do-metro\/"},"modified":"2025-05-30T14:31:23","modified_gmt":"2025-05-30T17:31:23","slug":"homem-coloca-fogo-no-proprio-corpo-na-estacao-sao-bento-do-metro","status":"publish","type":"post","link":"https:\/\/wiy.com.br\/noticias\/homem-coloca-fogo-no-proprio-corpo-na-estacao-sao-bento-do-metro\/","title":{"rendered":"Homem coloca fogo no pr\u00f3prio corpo na esta\u00e7\u00e3o S\u00e3o Bento do Metr\u00f4"},"content":{"rendered":"<p> <br \/>\n<br \/><img title = \"[Tags]\"alt = \"2001_2719_Estacao_Sao_Bento_linha1-1024x682-1 Homem coloca fogo no pr\u00f3prio corpo na esta\u00e7\u00e3o S\u00e3o Bento do Metr\u00f4\"decoding=\"async\" src=\"https:\/\/vejasp.abril.com.br\/wp-content\/uploads\/2025\/05\/2001_2719_Estacao_Sao_Bento_linha1-1024x682-1.jpg\" \/><\/p>\n<p>Um homem ateou fogo no pr\u00f3prio corpo na esta\u00e7\u00e3o S\u00e3o Bento (<a href=\"https:\/\/vejasp.abril.com.br\/cidades\/linha-azul-programas-sem-carro\/\">Linha 1-Azul<\/a>) na manh\u00e3 desta sexta-feira (30). Segundo nota do Metr\u00f4, os seguran\u00e7as da esta\u00e7\u00e3o socorreram o homem imediatamente, com o uso de extintores de inc\u00eandio, e o encaminharam para o Pronto Socorro. Nenhuma outra pessoa ficou ferida.<\/p>\n<p>Tamb\u00e9m segundo o Metr\u00f4, tratava-se de uma pessoa em situa\u00e7\u00e3o de vulnerabilidade social. De acordo com postagens de passageiros do metr\u00f4 no X (antigo Twitter), o homem jogou \u00e1lcool em si mesmo antes de atear-se em fogo.<\/p>\n<div class=\"ads video-ads\">\n<div class=\"abrAD\" data-format=\"intext_video\"><\/div>\n<\/div>\n<p>&#8220;Alguns ficaram filmando, outros sa\u00edram correndo, e poucos quiseram pagar o fogo e ajudar. Mas a fuma\u00e7a se propagou r\u00e1pido. O fogo foi assustador, e o homem parecia uma tocha&#8221;, escreveu outro passageiro.<\/p>\n<blockquote class=\"twitter-tweet\">\n<p>Eu no metr\u00f4 indo pro trabalho, eis que na esta\u00e7\u00e3o S\u00e3o Bento um cara tava \u00e1lcool nele mesmo e os seguran\u00e7as enchem ele e a esta\u00e7\u00e3o de extintor. ..<\/p>\n<p>\u2014 Bee \u2022*\u00a0(@chimchimwussup) <a href=\"https:\/\/twitter.com\/chimchimwussup\/status\/1928427116774748590?ref_src=twsrc%5Etfw\">May 30, 2025<\/a><\/p>\n<\/blockquote>\n<p><span><\/span><\/p>\n<div class=\"ads post-ads\">\n    <span class=\"title\">Continua ap\u00f3s a publicidade<\/span><\/p>\n<div class=\"abrAD\" data-format=\"intext\"><\/div>\n<\/div>\n<div id=\"relacionadas\" class=\"block  three_columns\">\n<ul class=\"block-menu\">\n<li data-tab=\"tab-1\" class=\"active\">Relacionadas<\/li>\n<\/ul>\n<div id=\"tab-1\" class=\"block-content active\">\n<ul class=\"relacionadas-s-img\">\n<li class=\"widget-news-item without-thumb with-border\">\n<div class=\"widget-news-info\"><a href=\"\/cidades\">Cidades<\/a><span class=\"widget-news-item-title\"><a href=\"https:\/\/vejasp.abril.com.br\/cidades\/sao-paulo2-graus-frio\/\">S\u00e3o Paulo atinge 2,2\u00baC na madrugada de sexta (30)<\/a><\/span><span class=\"widget-news-item-date\">30 Maio 2025 &#8211; 10h05<\/span><\/div>\n<\/li>\n<li class=\"widget-news-item without-thumb with-border\">\n<div class=\"widget-news-info\"><a href=\"\/cidades\">Cidades<\/a><span class=\"widget-news-item-title\"><a href=\"https:\/\/vejasp.abril.com.br\/cidades\/prefeitura-notifica-teatro-de-conteiner-na-luz-para-desocupacao-do-terreno\/\">Prefeitura notifica Teatro de Cont\u00eainer, na Luz, para desocupa\u00e7\u00e3o do terreno<\/a><\/span><span class=\"widget-news-item-date\">29 Maio 2025 &#8211; 19h05<\/span><\/div>\n<\/li>\n<li class=\"widget-news-item without-thumb with-border\">\n<div class=\"widget-news-info\"><a href=\"\/cidades\">Cidades<\/a><span class=\"widget-news-item-title\"><a href=\"https:\/\/vejasp.abril.com.br\/cidades\/mulheres-da-classe-artistica-repudiam-ataques-a-marina-silva-exigimos-desculpas\/\">Mulheres da classe art\u00edstica repudiam ataques a Marina Silva: &#8220;Exigimos desculpas&#8221;<\/a><\/span><span class=\"widget-news-item-date\">28 Maio 2025 &#8211; 19h05<\/span><\/div>\n<\/li>\n<\/ul>\n<\/div>\n<\/div>\n<div class=\"box-app-phone-share\">\n<div class=\"title-phone-share\">Compartilhe essa mat\u00e9ria via:<\/div>\n<div class=\"buttoms-phone-share\">\n\t\t<a class=\"whatsapp\" id=\"whatsappShare\" rel=\"nofollow\" aria-label=\"Compartilhe no Whatsapp\" target=\"_blank\" href=\"https:\/\/api.whatsapp.com\/send?text=https:\/\/vejasp.abril.com.br\/cidades\/homem-coloca-fogo-no-proprio-corpo-na-estacao-sao-bento-do-metro\/?utm_medium=whatsapp&amp;utm_source=shortcode_vejinhas\"><span>WhatsAPP<\/span><\/a><br \/>\n\t\t<a class=\"telegram\" id=\"telegramShare\" rel=\"nofollow\" aria-label=\"Compartilhe no Telegram\" target=\"_blank\" href=\"https:\/\/telegram.me\/share\/url?url=https:\/\/vejasp.abril.com.br\/cidades\/homem-coloca-fogo-no-proprio-corpo-na-estacao-sao-bento-do-metro\/?utm_medium=telegram&amp;utm_source=shortcode_vejinhas\"><span>Telegram<\/span><\/a>\n\t\t<\/div>\n<\/p><\/div>\n<p>&nbsp;<\/p>\n<p>&nbsp;<\/p>\n<div class=\"ads after-text\">\n    <span class=\"title\">Publicidade<\/span><\/p>\n<div class=\"abrAD\" data-format=\"aftertext\" data-mapping=\"intext\"><\/div>\n<\/div>\n<p><script async src=\"https:\/\/platform.twitter.com\/widgets.js\" charset=\"utf-8\"><\/script><br \/>\n<br \/><br \/>\n<br \/><a href=\"https:\/\/vejasp.abril.com.br\/cidades\/homem-coloca-fogo-no-proprio-corpo-na-estacao-sao-bento-do-metro\/\">Fonte do Artigo <\/a><br \/>\nTags:<br \/>\n#loterias #loteriascaixa #megasena #resultadoapostas#noticias #noticiario  #noticia #brasil #noticiascolombia #mundo #esporte #colombia #noticiadeld #ltimasnoticias  #noticiario #noticiasregionales #noticiasdepartamentales #noticiashoy #esportes #noticiaahora #elinformantenoticias #noticiasdeboyac  #esporteinterativo #esportivo #diariodosesportes  #noticiero  #jogodefutebol #jogos #loto #apostas<\/p>\n","protected":false},"excerpt":{"rendered":"<p>Um homem ateou fogo no pr\u00f3prio corpo na esta\u00e7\u00e3o S\u00e3o Bento (Linha 1-Azul) na manh\u00e3 desta sexta-feira (30). Segundo nota do Metr\u00f4, os seguran\u00e7as da esta\u00e7\u00e3o socorreram o homem imediatamente, com o uso de extintores de inc\u00eandio, e o encaminharam para o Pronto Socorro. Nenhuma outra pessoa ficou ferida. Tamb\u00e9m segundo o Metr\u00f4, tratava-se de [&hellip;]<\/p>\n","protected":false},"author":1,"featured_media":90554,"comment_status":"open","ping_status":"open","sticky":false,"template":"","format":"standard","meta":{"footnotes":""},"categories":[1],"tags":[],"class_list":["post-90553","post","type-post","status-publish","format-standard","has-post-thumbnail","hentry","category-curso-de-copy"],"_links":{"self":[{"href":"https:\/\/wiy.com.br\/noticias\/wp-json\/wp\/v2\/posts\/90553","targetHints":{"allow":["GET"]}}],"collection":[{"href":"https:\/\/wiy.com.br\/noticias\/wp-json\/wp\/v2\/posts"}],"about":[{"href":"https:\/\/wiy.com.br\/noticias\/wp-json\/wp\/v2\/types\/post"}],"author":[{"embeddable":true,"href":"https:\/\/wiy.com.br\/noticias\/wp-json\/wp\/v2\/users\/1"}],"replies":[{"embeddable":true,"href":"https:\/\/wiy.com.br\/noticias\/wp-json\/wp\/v2\/comments?post=90553"}],"version-history":[{"count":0,"href":"https:\/\/wiy.com.br\/noticias\/wp-json\/wp\/v2\/posts\/90553\/revisions"}],"wp:featuredmedia":[{"embeddable":true,"href":"https:\/\/wiy.com.br\/noticias\/wp-json\/wp\/v2\/media\/90554"}],"wp:attachment":[{"href":"https:\/\/wiy.com.br\/noticias\/wp-json\/wp\/v2\/media?parent=90553"}],"wp:term":[{"taxonomy":"category","embeddable":true,"href":"https:\/\/wiy.com.br\/noticias\/wp-json\/wp\/v2\/categories?post=90553"},{"taxonomy":"post_tag","embeddable":true,"href":"https:\/\/wiy.com.br\/noticias\/wp-json\/wp\/v2\/tags?post=90553"}],"curies":[{"name":"wp","href":"https:\/\/api.w.org\/{rel}","templated":true}]}}