{"id":90339,"date":"2025-05-27T16:16:42","date_gmt":"2025-05-27T19:16:42","guid":{"rendered":"https:\/\/wiy.com.br\/noticias\/morre-humorista-monica-vidal-a-marleninha-matos-do-panico\/"},"modified":"2025-05-27T16:16:42","modified_gmt":"2025-05-27T19:16:42","slug":"morre-humorista-monica-vidal-a-marleninha-matos-do-panico","status":"publish","type":"post","link":"https:\/\/wiy.com.br\/noticias\/morre-humorista-monica-vidal-a-marleninha-matos-do-panico\/","title":{"rendered":"Morre humorista M\u00f4nica Vidal, a Marleninha Matos do P\u00e2nico"},"content":{"rendered":"<p> <br \/>\n<br \/><img title = \"[Tags]\"alt = \"whatsapp-image-2025-05-27-at-11.46.48 Morre humorista M\u00f4nica Vidal, a Marleninha Matos do P\u00e2nico\"decoding=\"async\" src=\"https:\/\/vejasp.abril.com.br\/wp-content\/uploads\/2025\/05\/whatsapp-image-2025-05-27-at-11.46.48.avif\" \/><\/p>\n<p>M\u00f4nica Vidal, famosa por seu papel de Marleninha Matos no <a href=\"https:\/\/vejasp.abril.com.br\/coluna\/pop\/vesgo-globonews-trump\/\">P\u00e2nico<\/a>, morreu neste domingo (25), em Vinhedo (SP), onde residia. A humorista teve um mal s\u00fabito e foi socorrida, mas n\u00e3o resistiu. O vel\u00f3rio e o sepultamento aconteceram na segunda (26), no Cemit\u00e9rio Municipal de Vinhedo. As informa\u00e7\u00f5es foram divulgadas por sua prima, Vera Lucia Barbosa, em publica\u00e7\u00e3o no Facebook.<\/p>\n<p>M\u00f4nica participou do P\u00e2nico nos anos 2000, parodiando a produtora e ex-empres\u00e1ria de Xuxa, Marlene Mattos.<\/p>\n<div class=\"ads video-ads\">\n<div class=\"abrAD\" data-format=\"intext_video\"><\/div>\n<\/div>\n<p>Rodrigo Scarpa, que interpretava o &#8220;Vesgo&#8221; no P\u00e2nico na TV lamentou a morte da humorista no Instagram, lembrando a estreia de M\u00f4nica na TV em 2004. &#8220;A presepada deu picos de 9 pontos na noite de domingo, deixando a RedeTV! na frente do Domingo Espetacular, da Record&#8221;, escreveu.<\/p>\n<div id=\"relacionadas\" class=\"block  three_columns\">\n<ul class=\"block-menu\">\n<li data-tab=\"tab-1\" class=\"active\">Relacionadas<\/li>\n<\/ul>\n<div id=\"tab-1\" class=\"block-content active\">\n<ul class=\"relacionadas-s-img\">\n<li class=\"widget-news-item without-thumb with-border\">\n<div class=\"widget-news-info\"><a href=\"\/cultura-lazer\">Cultura &amp; Lazer<\/a><span class=\"widget-news-item-title\"><a href=\"https:\/\/vejasp.abril.com.br\/cultura-lazer\/sorriso-maroto-fim-turne-as-antigas\/\">Sorriso Maroto anuncia fim da turn\u00ea de reencontro e show \u00fanico em S\u00e3o Paulo<\/a><\/span><span class=\"widget-news-item-date\">27 Maio 2025 &#8211; 15h05<\/span><\/div>\n<\/li>\n<li class=\"widget-news-item without-thumb with-border\">\n<div class=\"widget-news-info\"><a href=\"\/cidades\">Cidades<\/a><span class=\"widget-news-item-title\"><a href=\"https:\/\/vejasp.abril.com.br\/cidades\/virada-cultural-teve-publico-de-47-milhoes-e-273-atendimentos-medicos-diz-prefeitura\/\">Virada Cultural teve p\u00fablico de 4,7 milh\u00f5es e 273 atendimentos m\u00e9dicos, diz prefeitura<\/a><\/span><span class=\"widget-news-item-date\">27 Maio 2025 &#8211; 13h05<\/span><\/div>\n<\/li>\n<li class=\"widget-news-item without-thumb with-border\">\n<div class=\"widget-news-info\"><a href=\"\/cultura-lazer\">Cultura &amp; Lazer<\/a><span class=\"widget-news-item-title\"><a href=\"https:\/\/vejasp.abril.com.br\/cultura-lazer\/estacoes-de-metro-recebem-programacao-de-batalhas-de-poesia\/\">Esta\u00e7\u00f5es de metr\u00f4 recebem programa\u00e7\u00e3o de batalhas de poesia<\/a><\/span><span class=\"widget-news-item-date\">26 Maio 2025 &#8211; 18h05<\/span><\/div>\n<\/li>\n<\/ul>\n<\/div>\n<\/div>\n<div class=\"ads after-text\">\n    <span class=\"title\">Publicidade<\/span><\/p>\n<div class=\"abrAD\" data-format=\"aftertext\" data-mapping=\"intext\"><\/div>\n<\/div>\n<p><br \/>\n<br \/><a href=\"https:\/\/vejasp.abril.com.br\/cidades\/morre-monica-vidal-marleninha-matos-panico\/\">Fonte do Artigo <\/a><br \/>\nTags:<br \/>\n#loterias #loteriascaixa #megasena #resultadoapostas#noticias #noticiario  #noticia #brasil #noticiascolombia #mundo #esporte #colombia #noticiadeld #ltimasnoticias  #noticiario #noticiasregionales #noticiasdepartamentales #noticiashoy #esportes #noticiaahora #elinformantenoticias #noticiasdeboyac  #esporteinterativo #esportivo #diariodosesportes  #noticiero  #jogodefutebol #jogos #loto #apostas<\/p>\n","protected":false},"excerpt":{"rendered":"<p>M\u00f4nica Vidal, famosa por seu papel de Marleninha Matos no P\u00e2nico, morreu neste domingo (25), em Vinhedo (SP), onde residia. A humorista teve um mal s\u00fabito e foi socorrida, mas n\u00e3o resistiu. O vel\u00f3rio e o sepultamento aconteceram na segunda (26), no Cemit\u00e9rio Municipal de Vinhedo. As informa\u00e7\u00f5es foram divulgadas por sua prima, Vera Lucia [&hellip;]<\/p>\n","protected":false},"author":1,"featured_media":90340,"comment_status":"open","ping_status":"open","sticky":false,"template":"","format":"standard","meta":{"footnotes":""},"categories":[1],"tags":[],"class_list":["post-90339","post","type-post","status-publish","format-standard","has-post-thumbnail","hentry","category-curso-de-copy"],"_links":{"self":[{"href":"https:\/\/wiy.com.br\/noticias\/wp-json\/wp\/v2\/posts\/90339","targetHints":{"allow":["GET"]}}],"collection":[{"href":"https:\/\/wiy.com.br\/noticias\/wp-json\/wp\/v2\/posts"}],"about":[{"href":"https:\/\/wiy.com.br\/noticias\/wp-json\/wp\/v2\/types\/post"}],"author":[{"embeddable":true,"href":"https:\/\/wiy.com.br\/noticias\/wp-json\/wp\/v2\/users\/1"}],"replies":[{"embeddable":true,"href":"https:\/\/wiy.com.br\/noticias\/wp-json\/wp\/v2\/comments?post=90339"}],"version-history":[{"count":0,"href":"https:\/\/wiy.com.br\/noticias\/wp-json\/wp\/v2\/posts\/90339\/revisions"}],"wp:featuredmedia":[{"embeddable":true,"href":"https:\/\/wiy.com.br\/noticias\/wp-json\/wp\/v2\/media\/90340"}],"wp:attachment":[{"href":"https:\/\/wiy.com.br\/noticias\/wp-json\/wp\/v2\/media?parent=90339"}],"wp:term":[{"taxonomy":"category","embeddable":true,"href":"https:\/\/wiy.com.br\/noticias\/wp-json\/wp\/v2\/categories?post=90339"},{"taxonomy":"post_tag","embeddable":true,"href":"https:\/\/wiy.com.br\/noticias\/wp-json\/wp\/v2\/tags?post=90339"}],"curies":[{"name":"wp","href":"https:\/\/api.w.org\/{rel}","templated":true}]}}