{"id":90236,"date":"2025-05-26T07:44:37","date_gmt":"2025-05-26T10:44:37","guid":{"rendered":"https:\/\/wiy.com.br\/noticias\/o-que-e-o-brain-fog-e-o-que-tem-a-ver-com-covid-19\/"},"modified":"2025-05-26T07:44:46","modified_gmt":"2025-05-26T10:44:46","slug":"o-que-e-o-brain-fog-e-o-que-tem-a-ver-com-covid-19","status":"publish","type":"post","link":"https:\/\/wiy.com.br\/noticias\/o-que-e-o-brain-fog-e-o-que-tem-a-ver-com-covid-19\/","title":{"rendered":"O que \u00e9 o brain fog e o que tem a ver com covid-19?"},"content":{"rendered":"<p> <br \/>\n<\/p>\n<p>A pandemia de covid-19 trouxe diversas consequ\u00eancias para a sa\u00fade, e uma delas \u00e9 o &#8220;brain fog&#8221;, ou n\u00e9voa mental em portugu\u00eas. Esse fen\u00f4meno afeta a cogni\u00e7\u00e3o, causando dificuldades de concentra\u00e7\u00e3o, lapsos de mem\u00f3ria e sensa\u00e7\u00e3o de confus\u00e3o mental.<\/p>\n<p>Embora seja um sintoma relatado em diversas condi\u00e7\u00f5es m\u00e9dicas, ele ganhou destaque devido \u00e0 sua associa\u00e7\u00e3o com a covid-19 longa. Entenda a seguir como a infec\u00e7\u00e3o pode desencadear a n\u00e9voa mental, segundo estudos e especialistas que investigam os impactos do v\u00edrus no c\u00e9rebro.<\/p>\n<h2 class=\"wp-block-heading\" id=\"h-o-que-e-o-brain-fog\">O que \u00e9 o brain fog?<\/h2>\n<p>O termo &#8220;brain fog&#8221; n\u00e3o se refere a uma doen\u00e7a espec\u00edfica, mas sim a um conjunto de sintomas cognitivos que incluem dificuldade de concentra\u00e7\u00e3o, esquecimento e racioc\u00ednio lento. Pessoas que sofrem com essa condi\u00e7\u00e3o relatam sensa\u00e7\u00e3o de confus\u00e3o mental, como se estivessem &#8220;presas&#8221; em um estado de baixa clareza cognitiva.<\/p>\n<p>A <a href=\"https:\/\/www.mountsinai.org\/about\/newsroom\/2017\/the-associated-medical-schools-of-new-york-amsny-icahn-school-of-medicine-at-mount-sinai-study-reveals-how-learning-in-the-present-shapes-future-learning\" target=\"_blank\" rel=\"noreferrer noopener\">Icahn School of Medicine at Mount Sinai<\/a>, nos Estados Unidos, tem investigado o \u201cbrain fog\u201d e apontou que essa n\u00e9voa mental pode ter diversas causas, incluindo doen\u00e7as cr\u00f4nicas, estresse, priva\u00e7\u00e3o de sono e at\u00e9 efeitos colaterais de medicamentos.<\/p>\n<div class=\"wp-block-image\">\n<figure class=\"aligncenter size-large\"><figcaption class=\"wp-element-caption\">O brain fog pode afetar a concentra\u00e7\u00e3o, a mem\u00f3ria e a clareza mental, impactando a rotina de quem sofre com essa condi\u00e7\u00e3o\/Imagem Freepik_Foto KamranAydinov<\/figcaption><\/figure>\n<\/div>\n<p>No entanto, a rela\u00e7\u00e3o do \u201cbrain fog\u201d com a covid-19 \u00e9 amplamente pesquisada pela institui\u00e7\u00e3o. Os pesquisadores analisaram pacientes com covid-19 que apresentavam disfun\u00e7\u00e3o cognitiva persistente, mesmo ap\u00f3s meses da infec\u00e7\u00e3o.<\/p>\n<p><strong>Leia mais<\/strong><\/p>\n<ul>\n<li>N\u00e9voa cerebral da Covid-19 pode te deixar menos inteligente<\/li>\n<li>\u201cC\u00e9rebro de Covid\u201d preocupa especialistas: sequela vem de citocinas<\/li>\n<li>Covid: riscos de problemas neurol\u00f3gicos continuam at\u00e9 dois anos ap\u00f3s infec\u00e7\u00e3o&nbsp;<\/li>\n<\/ul>\n<h2 class=\"wp-block-heading\" id=\"h-como-a-covid-19-esta-relacionada-ao-brain-fog\">Como a covid-19 est\u00e1 relacionada ao brain fog?<\/h2>\n<p>A covid-19 longa, condi\u00e7\u00e3o em que os sintomas persistem por meses ap\u00f3s a infec\u00e7\u00e3o inicial, tem sido associada ao \u201cbrain fog\u201d. Um <a href=\"https:\/\/www.kcl.ac.uk\/news\/some-peoples-brain-function-still-affected-by-long-covid-years-after-infection\" target=\"_blank\" rel=\"noreferrer noopener\">estudo<\/a> do King\u2019s College London revelou que indiv\u00edduos que tiveram covid-19 e apresentaram sintomas por mais de tr\u00eas meses mostraram comprometimento cognitivo significativo.<\/p>\n<p>Os pesquisadores identificaram que o v\u00edrus pode afetar o sistema nervoso central, causando inflama\u00e7\u00e3o no c\u00e9rebro e impactando fun\u00e7\u00f5es cognitivas. Al\u00e9m disso, a resposta imunol\u00f3gica prolongada pode interferir na comunica\u00e7\u00e3o entre neur\u00f4nios, contribuindo para a sensa\u00e7\u00e3o de n\u00e9voa mental.<\/p>\n<h2 class=\"wp-block-heading\" id=\"h-possiveis-tratamentos-e-estrategias-para-lidar-com-o-brain-fog\">Poss\u00edveis tratamentos e estrat\u00e9gias para lidar com o brain fog<\/h2>\n<div class=\"wp-block-image\">\n<figure class=\"aligncenter size-large\"><img title = \"[Tags]\"loading=\"lazy\" decoding=\"async\" width=\"1024\" height=\"576\" src=\"https:\/\/olhardigital.com.br\/wp-content\/uploads\/2025\/05\/Design-sem-nome-25-1024x576.jpg\"alt = \"Design-sem-nome-25-1024x576 O que \u00e9 o brain fog e o que tem a ver com covid-19?\" class=\"wp-image-1121673\" \/><figcaption class=\"wp-element-caption\">O Brain Fog, associado \u00e0 Covid-19 longa, pode causar dificuldades cognitivas\/Freepik_kjpargeter<\/figcaption><\/figure>\n<\/div>\n<p>Embora ainda n\u00e3o exista um tratamento espec\u00edfico para o \u201cbrain fog\u201d relacionado \u00e0 Covid-19, especialistas recomendam algumas estrat\u00e9gias para minimizar seus efeitos:<\/p>\n<ul>\n<li>Exerc\u00edcios para estimular a mem\u00f3ria e a concentra\u00e7\u00e3o podem ajudar na recupera\u00e7\u00e3o.<\/li>\n<li>A qualidade do sono \u00e9 essencial para a fun\u00e7\u00e3o cerebral, e melhorar h\u00e1bitos de descanso pode reduzir os sintomas.<\/li>\n<li>A alimenta\u00e7\u00e3o equilibrada enriquecida com nutrientes como \u00f4mega-3 e antioxidantes pode contribuir para a sa\u00fade cerebral.<\/li>\n<li>Exerc\u00edcios ajudam na circula\u00e7\u00e3o sangu\u00ednea e na oxigena\u00e7\u00e3o do c\u00e9rebro, melhorando a cogni\u00e7\u00e3o.<\/li>\n<\/ul>\n<p>Segundo uma revis\u00e3o publicada na <a href=\"https:\/\/revistardp.org.br\/revista\/article\/view\/1109\" target=\"_blank\" rel=\"noreferrer noopener\">Revista Debates em Psiquiatria<\/a>, a abordagem multidisciplinar \u00e9 crucial para lidar com os sintomas persistentes e ajudar os pacientes a retomarem suas atividades di\u00e1rias.<\/p>\n<p>De acordo com o m\u00e9dico oncologista, cientista e escritor Drauzio Varella em seu <a href=\"https:\/\/drauziovarella.uol.com.br\/videos\/nevoa-cerebral-e-uma-das-sequelas-da-covid-19\/\" target=\"_blank\" rel=\"noreferrer noopener\">portal<\/a>, as estrat\u00e9gias de tratamento para essa n\u00e9voa cerebral est\u00e3o relacionadas ao comportamento e, n\u00e3o a medica\u00e7\u00e3o. Dessa forma, o especialista refor\u00e7a o conjunto de a\u00e7\u00f5es que citamos acima: alimenta\u00e7\u00e3o saud\u00e1vel, atividade f\u00edsica em dia e estimula\u00e7\u00e3o cerebral.<\/p>\n<p>O post O que \u00e9 o brain fog e o que tem a ver com covid-19? apareceu primeiro em Olhar Digital.<\/p>\n<p><br \/>\n<br \/><a href=\"https:\/\/olhardigital.com.br\/2025\/05\/26\/medicina-e-saude\/o-que-e-o-brain-fog-e-o-que-tem-a-ver-com-covid-19\/\">Fonte do Artigo <\/a><br \/>\nTags:<\/p>\n<p><a title=\"Gestor de Tr\u00e1fego\" href=\"https:\/\/www.gestor-de-trafego.com\/\" target=\"_blank\"><strong>Gestor de Tr\u00e1fego<\/strong><\/a><\/p>\n<p><a href=\"https:\/\/wiy.com.br\/noticias\/categoria\/tecnologia\/\">#tecnologia<\/a> <a href=\"https:\/\/wiy.com.br\/noticias\/categoria\/tecnologia\/\">#tecnologias<\/a> <a href=\"https:\/\/wiy.com.br\/noticias\/categoria\/tecnologia\/\">#technology<\/a> <a href=\"https:\/\/wiy.com.br\/noticias\/categoria\/tecnologia\/\">#tecnolog<\/a> <a href=\"https:\/\/wiy.com.br\/noticias\/categoria\/tecnologia\/\">#iphone<\/a> <a href=\"https:\/\/wiy.com.br\/noticias\/categoria\/tecnologia\/\">#informatica<\/a> <a href=\"https:\/\/wiy.com.br\/noticias\/categoria\/tecnologia\/\">#tech<\/a> <a href=\"https:\/\/wiy.com.br\/noticias\/categoria\/tecnologia\/\">#design<\/a> <a href=\"https:\/\/wiy.com.br\/noticias\/categoria\/tecnologia\/\">#samsung<\/a> <a href=\"https:\/\/wiy.com.br\/noticias\/categoria\/tecnologia\/\">#internet<\/a> <a href=\"https:\/\/wiy.com.br\/noticias\/categoria\/tecnologia\/\">#apple<\/a> <a href=\"https:\/\/wiy.com.br\/noticias\/categoria\/tecnologia\/\">#smartphone<\/a> <a href=\"https:\/\/wiy.com.br\/noticias\/categoria\/tecnologia\/\">#seguranca<\/a> <a href=\"https:\/\/wiy.com.br\/noticias\/categoria\/tecnologia\/\">#venezuela<\/a> <a href=\"https:\/\/wiy.com.br\/noticias\/categoria\/tecnologia\/\">#celular<\/a> <a href=\"https:\/\/wiy.com.br\/noticias\/categoria\/tecnologia\/\">#celulares<\/a> <a href=\"https:\/\/wiy.com.br\/noticias\/categoria\/tecnologia\/\">#inovar<\/a> <a href=\"https:\/\/wiy.com.br\/noticias\/categoria\/tecnologia\/\">#qualidade<\/a> <a href=\"https:\/\/wiy.com.br\/noticias\/categoria\/tecnologia\/\">#software<\/a> <a href=\"https:\/\/wiy.com.br\/noticias\/categoria\/tecnologia\/\">#empresas<\/a> <a href=\"https:\/\/wiy.com.br\/noticias\/categoria\/tecnologia\/\">#cursos<\/a> <a href=\"https:\/\/wiy.com.br\/noticias\/categoria\/tecnologia\/\">#engenharia<\/a> <a href=\"https:\/\/wiy.com.br\/noticias\/categoria\/tecnologia\/\">#industria<\/a> <a href=\"https:\/\/wiy.com.br\/noticias\/categoria\/tecnologia\/\">#marketing<\/a> <a href=\"https:\/\/wiy.com.br\/noticias\/categoria\/tecnologia\/\">#ti<\/a> <a href=\"https:\/\/wiy.com.br\/noticias\/categoria\/tecnologia\/\">#tecnoblog<\/a> <a href=\"https:\/\/wiy.com.br\/noticias\/categoria\/tecnologia\/\">#veja<\/a> <a href=\"https:\/\/wiy.com.br\/noticias\/categoria\/tecnologia\/\">#olhardigital<\/a> <a href=\"https:\/\/wiy.com.br\/noticias\/categoria\/tecnologia\/\">#mundodigital<\/a> <a href=\"https:\/\/wiy.com.br\/noticias\/categoria\/tecnologia\/\">#inteligenciaartificial<\/a> <a href=\"https:\/\/wiy.com.br\/criacao-de-sites\/\">#criar site<\/a> <a href=\"https:\/\/wiy.com.br\/criacao-de-sites\/\">#criar site curitiba<\/a> <a href=\"https:\/\/wiy.com.br\/criacao-de-sites\/\">#wiysolutions<\/a><\/p>\n<p><a \n#brain #fog #tem #ver #covid19\n<\/p>\n","protected":false},"excerpt":{"rendered":"<p>A pandemia de covid-19 trouxe diversas consequ\u00eancias para a sa\u00fade, e uma delas \u00e9 o &#8220;brain fog&#8221;, ou n\u00e9voa mental em portugu\u00eas. Esse fen\u00f4meno afeta a cogni\u00e7\u00e3o, causando dificuldades de concentra\u00e7\u00e3o, lapsos de mem\u00f3ria e sensa\u00e7\u00e3o de confus\u00e3o mental. Embora seja um sintoma relatado em diversas condi\u00e7\u00f5es m\u00e9dicas, ele ganhou destaque devido \u00e0 sua associa\u00e7\u00e3o [&hellip;]<\/p>\n","protected":false},"author":1,"featured_media":90237,"comment_status":"open","ping_status":"open","sticky":false,"template":"","format":"standard","meta":{"footnotes":""},"categories":[5],"tags":[],"class_list":["post-90236","post","type-post","status-publish","format-standard","has-post-thumbnail","hentry","category-tecnologia"],"_links":{"self":[{"href":"https:\/\/wiy.com.br\/noticias\/wp-json\/wp\/v2\/posts\/90236","targetHints":{"allow":["GET"]}}],"collection":[{"href":"https:\/\/wiy.com.br\/noticias\/wp-json\/wp\/v2\/posts"}],"about":[{"href":"https:\/\/wiy.com.br\/noticias\/wp-json\/wp\/v2\/types\/post"}],"author":[{"embeddable":true,"href":"https:\/\/wiy.com.br\/noticias\/wp-json\/wp\/v2\/users\/1"}],"replies":[{"embeddable":true,"href":"https:\/\/wiy.com.br\/noticias\/wp-json\/wp\/v2\/comments?post=90236"}],"version-history":[{"count":1,"href":"https:\/\/wiy.com.br\/noticias\/wp-json\/wp\/v2\/posts\/90236\/revisions"}],"predecessor-version":[{"id":90238,"href":"https:\/\/wiy.com.br\/noticias\/wp-json\/wp\/v2\/posts\/90236\/revisions\/90238"}],"wp:featuredmedia":[{"embeddable":true,"href":"https:\/\/wiy.com.br\/noticias\/wp-json\/wp\/v2\/media\/90237"}],"wp:attachment":[{"href":"https:\/\/wiy.com.br\/noticias\/wp-json\/wp\/v2\/media?parent=90236"}],"wp:term":[{"taxonomy":"category","embeddable":true,"href":"https:\/\/wiy.com.br\/noticias\/wp-json\/wp\/v2\/categories?post=90236"},{"taxonomy":"post_tag","embeddable":true,"href":"https:\/\/wiy.com.br\/noticias\/wp-json\/wp\/v2\/tags?post=90236"}],"curies":[{"name":"wp","href":"https:\/\/api.w.org\/{rel}","templated":true}]}}