{"id":90025,"date":"2025-05-23T07:22:43","date_gmt":"2025-05-23T10:22:43","guid":{"rendered":"https:\/\/wiy.com.br\/noticias\/ailton-krenak-do-sonho-voce-extrai-coragem\/"},"modified":"2025-05-23T07:22:43","modified_gmt":"2025-05-23T10:22:43","slug":"ailton-krenak-do-sonho-voce-extrai-coragem","status":"publish","type":"post","link":"https:\/\/wiy.com.br\/noticias\/ailton-krenak-do-sonho-voce-extrai-coragem\/","title":{"rendered":"Ailton Krenak: \u201cDo sonho voc\u00ea extrai coragem\u201d"},"content":{"rendered":"<p> <br \/>\n<br \/><img title = \"[Tags]\"alt = \"Foto-Alexandre-Muniz-Fogao-de-Lenha-Filmes.jpg Ailton Krenak: \u201cDo sonho voc\u00ea extrai coragem\u201d\"decoding=\"async\" src=\"https:\/\/vejasp.abril.com.br\/wp-content\/uploads\/2025\/05\/Foto-Alexandre-Muniz-Fogao-de-Lenha-Filmes.jpg.jpg\" \/><\/p>\n<p>A m\u00e3o de Ailton Krenak solta o copo com o suco pela metade durante a entrevista e aponta para as \u00e1rvores da Terra Ind\u00edgena Krenak, no munic\u00edpio de Resplendor, Minas Gerais. \u201cEst\u00e1 escutando?\u201d, pergunta. O ambientalista, fil\u00f3sofo, <a href=\"https:\/\/vejasp.abril.com.br\/cultura-lazer\/ailton-krenak-lingua-mae\/\">l\u00edder ind\u00edgena<\/a> e escritor interrompe sua resposta para mostrar o canto dos p\u00e1ssaros. \u201cS\u00e3o as aves fazendo uma farra\u201d, diz enquanto sorri ao parar para ouvir a sinfonia. \u201cElas n\u00e3o ficam coladas nesse cotidiano com o qual a gente se incomoda. Est\u00e3o em outra\u201d, provoca, revelando a capacidade de perceber, celebrar e respeitar o mundo ao redor.<\/p>\n<p>Aos 71 anos, o escritor acaba de voltar de sua primeira viagem a Paris, onde lan\u00e7ou dois livros traduzidos para o franc\u00eas: &#8220;Futur Ancestral&#8221;(Futuro Ancestral) e &#8220;Le R\u00e9veil des Peuples de la Terre&#8221; (O Despertar dos Povos da Terra). \u201cMorria de medo de cruzar o Atl\u00e2ntico pelo c\u00e9u\u201d, confessa. Autor de mais de quinze livros, ele acaba de bater a marca dos 500 000 exemplares vendidos pela Companhia das Letras e ser\u00e1 uma das estrelas da Bienal do Livro Rio, em junho. Nesta conversa com Vejinha, ele avalia seu primeiro ano como imortal da Academia Brasileira de Letras, fala sobre a po\u00e9tica da exist\u00eancia em S\u00e3o Paulo e sobre sua vis\u00e3o quanto ao futuro da humanidade.<\/p>\n<div class=\"ads video-ads\">\n<div class=\"abrAD\" data-format=\"intext_video\"><\/div>\n<\/div>\n<div id=\"relacionadas\" class=\"block  three_columns\">\n<ul class=\"block-menu\">\n<li data-tab=\"tab-1\" class=\"active\">Relacionadas<\/li>\n<\/ul>\n<div id=\"tab-1\" class=\"block-content active\">\n<ul class=\"relacionadas-s-img\">\n<li class=\"widget-news-item without-thumb with-border\">\n<div class=\"widget-news-info\"><a href=\"\/cultura-lazer\">Cultura &amp; Lazer<\/a><span class=\"widget-news-item-title\"><a href=\"https:\/\/vejasp.abril.com.br\/cultura-lazer\/roteiro-observacao-passaros-opcoes-passeios-sp\/\">Roteiro de observa\u00e7\u00e3o de p\u00e1ssaros re\u00fane op\u00e7\u00f5es de passeios em SP<\/a><\/span><span class=\"widget-news-item-date\">18 Maio 2025 &#8211; 13h05<\/span><\/div>\n<\/li>\n<li class=\"widget-news-item without-thumb with-border\">\n<div class=\"widget-news-info\"><a href=\"\/cultura-lazer\">Cultura &amp; Lazer<\/a><span class=\"widget-news-item-title\"><a href=\"https:\/\/vejasp.abril.com.br\/cultura-lazer\/minisserie-saberes-sp-cultura-paulista-episodios\/\">Miniss\u00e9rie &#8216;Saberes SP&#8217; mergulha em manifesta\u00e7\u00f5es culturais paulistas<\/a><\/span><span class=\"widget-news-item-date\">16 Maio 2025 &#8211; 17h05<\/span><\/div>\n<\/li>\n<li class=\"widget-news-item without-thumb with-border\">\n<div class=\"widget-news-info\"><a href=\"\/cidades\">Cidades<\/a><span class=\"widget-news-item-title\"><a href=\"https:\/\/vejasp.abril.com.br\/cidades\/conheca-quatro-coletivos-e-iniciativas-de-esporte-na-cidade\/\">Conhe\u00e7a quatro coletivos e iniciativas de esporte na cidade<\/a><\/span><span class=\"widget-news-item-date\">16 Maio 2025 &#8211; 07h05<\/span><\/div>\n<\/li>\n<\/ul>\n<\/div>\n<\/div>\n<p><strong>Como buscar a natureza em uma grande cidade como S\u00e3o Paulo?<\/strong><\/p>\n<p>\u00c9 preciso buscar primeiro em teu corpo, que respira, transpira natureza em tudo. A ideia de natureza como algo fora do corpo humano \u00e9 uma abstra\u00e7\u00e3o, pois tudo ao nosso redor \u00e9 natura \u2014 claro que uma metr\u00f3pole como S\u00e3o Paulo esconde a natura sob o concreto que tapa os rios e riachos do Ipiranga. S\u00e3o Paulo precisa repensar a po\u00e9tica da exist\u00eancia? Se uma cidade tem alma, ela deveria ser expressada nas suas \u00e1guas. N\u00e3o serei o primeiro a dizer que S\u00e3o Paulo tratou da pior maneira poss\u00edvel o espa\u00e7o de constitui\u00e7\u00e3o dessa grande metr\u00f3pole, inicialmente soterrando todos os ribeir\u00f5es e c\u00f3rregos e depois transformando em esgoto um corpo d\u2019\u00e1gua da relev\u00e2ncia dos rios Tiet\u00ea, Pinheiros, Tamanduate\u00ed e todos os outros que banham essa grande cidade.<\/p>\n<p><strong>Dizem que a gente pode avaliar o grau de desenvolvimento de um povo olhando seus rios. Qual \u00e9 a face da capital paulista?<\/strong><\/p>\n<p>A cidade tem essa contradi\u00e7\u00e3o implicada que \u00e9 a de reunir condi\u00e7\u00f5es para produzir as mudan\u00e7as que um pa\u00eds da Am\u00e9rica Latina poderia se permitir, mas n\u00e3o cumpre a promessa porque n\u00e3o consegue sequer oferecer saneamento b\u00e1sico para toda a popula\u00e7\u00e3o. Se voc\u00ea for ao Morumbi, vai encontrar o povo pankararu vivendo no Real Parque com o esgoto passando debaixo das suas casas. Se for para o Campo Limpo, Pirajussara e essas quebradas depois do Rio Pinheiros, vai ver a face oculta da maior cidade latino-americana que \u00e9 de envergonhar qualquer um. A Avenida Paulista n\u00e3o \u00e9 o rosto de S\u00e3o Paulo, \u00e9 como se fizesse uma maquiagem muito bonita para ser exibida em dia de domingo.<\/p>\n<p><strong>Em abril, fez um ano de sua posse na Academia Brasileira de Letras. Seu discurso prop\u00f4s fazer uma sinfonia com as mais de 300 l\u00ednguas dos povos origin\u00e1rios em vez de fazer uma lusofonia. Est\u00e1 conseguindo implementar o projeto L\u00edngua M\u00e3e?<\/strong><\/p>\n<p>Minha cadeira na ABL \u00e9 a plataforma L\u00edngua M\u00e3e e nenhum de n\u00f3s dois precisa estar sentado l\u00e1 dentro. Todo mundo observa que estou distante daquela ideia folcl\u00f3rica do ch\u00e1 das 5. Vivo \u00e0 beira do Rio Doce, bem longinho do Rio de Janeiro. A L\u00edngua M\u00e3e pode ser feita de longe porque se apoia em novas tecnologias. O Museu Nacional dos Povos Ind\u00edgenas (RJ), o Museu da Pessoa (SP) e a ABL s\u00e3o os promotores do projeto e o dep\u00f3sito do acervo \u00e9 com a Rede Nacional de Ensino e Pesquisa (RNP).<\/p>\n<p><strong>Como continuar a sonhar em um mundo que est\u00e1 sempre para acabar?<\/strong><\/p>\n<p>O sonho n\u00e3o fica ref\u00e9m do Rio Doce, que est\u00e1 contaminado pelo min\u00e9rio, ou do Tiet\u00ea, que est\u00e1 plasmado pelo esgoto que n\u00e3o cessa. Ele escapa e acontece em outro plano. Do sonho voc\u00ea extrai coragem e confian\u00e7a de que a vida continua mesmo quando a transforma\u00e7\u00e3o de tudo tenha nos feito adubo. O destino adubo n\u00e3o \u00e9 uma m\u00e1 not\u00edcia (Krenak interrompe a entrevista e aponta para os p\u00e1ssaros). O sonho \u00e9 a possibilidade de transcender, de saber que estamos neste mundo e vamos transformar. E se a transforma\u00e7\u00e3o incluir nos mudar de constitui\u00e7\u00e3o e de lugar no sentido material, est\u00e1 tudo bem. O sonho n\u00e3o \u00e9 a ideia de voc\u00ea se travar no modo sapiens e dizer: vou fazer uma nave, estocar ra\u00e7\u00e3o e, o dia que n\u00e3o der mais aqui, vou pra Marte. Esse tipo de mentalidade \u00e9 crescente, mas \u00e9 uma escolha que s\u00f3 pode ser feita por bilion\u00e1rios. Se n\u00e3o fizermos a mudan\u00e7a necess\u00e1ria, o mundo muda a gente.<\/p>\n<div class=\"ads post-ads\">\n    <span class=\"title\">Continua ap\u00f3s a publicidade<\/span><\/p>\n<div class=\"abrAD\" data-format=\"intext\"><\/div>\n<\/div>\n<blockquote class=\"quote-box olho\">\n<p>\u201cNos acostumamos tanto com a abund\u00e2ncia de tudo no planeta que achamos que tem um dispositivo permanente de produzir felicidade enquanto sa\u00edmos por a\u00ed \u2018pisando\u2019 e andando\u201d<\/p>\n<div class=\"item-share-list\">\n        <a href=\"\/\/vejasp.abril.com.br\/cidades\/amarelinhas-ailton-krenak\/ via VEJA S\u00c3O PAULO\" data-action=\"share\/whatsapp\/share\" class=\"item-share-list-link item-whatsapp hidden-md hidden-lg\" name=\"Compartilhar por WhatsApp\" aria-label=\"Compartilhar por WhatsApp\"><i class=\"icon-whatsapp\"><\/i><\/a><br \/>\n        <a href=\"https:\/\/facebook.com\/sharer\/sharer.php?u=https:\/\/vejasp.abril.com.br\/cidades\/amarelinhas-ailton-krenak\/\" target=\"_blank\" class=\"item-share-list-link item-facebook\" name=\"Compartilhar por Facebook\" aria-label=\"Compartilhar por Facebook\"><i class=\"icon-facebook\"><\/i><\/a><br \/>\n        <a href=\"https:\/\/twitter.com\/intent\/tweet?url=https:\/\/vejasp.abril.com.br\/cidades\/amarelinhas-ailton-krenak\/&amp;text=%E2%80%9CNos%20acostumamos%20tanto%20com%20a%20abund%C3%A2ncia%20de%20tudo%20no%20planeta%20que%20achamos%20que%20tem%20um%20dispositivo%20permanente%20de%20produzir%20felicidade%20enquanto%20sa%C3%ADmos%20por%20a%C3%AD%20%E2%80%98pisando%E2%80%99%20e%20andando%E2%80%9D&amp;via=https:\/\/VejaSP\" target=\"_blank\" class=\"item-share-list-link item-twitter\" name=\"Compartilhar por Twitter\" aria-label=\"Compartilhar por Twitter\"><i class=\"icon-twitter\"><\/i><\/a><br \/>\n        <a href=\"mailto:?subject=%E2%80%9CNos%20acostumamos%20tanto%20com%20a%20abund%C3%A2ncia%20de%20tudo%20no%20planeta%20que%20achamos%20que%20tem%20um%20dispositivo%20permanente%20de%20produzir%20felicidade%20enquanto%20sa%C3%ADmos%20por%20a%C3%AD%20%E2%80%98pisando%E2%80%99%20e%20andando%E2%80%9D&amp;body=%25E2%2580%259CNos%2520acostumamos%2520tanto%2520com%2520a%2520abund%25C3%25A2ncia%2520de%2520tudo%2520no%2520planeta%2520que%2520achamos%2520que%2520tem%2520um%2520dispositivo%2520permanente%2520de%2520produzir%2520felicidade%2520enquanto%2520sa%25C3%25ADmos%2520por%2520a%25C3%25AD%2520%25E2%2580%2598pisando%25E2%2580%2599%2520e%2520andando%25E2%2580%259D%20https%3A%2F%2Fvejasp.abril.com.br%2Fcidades%2Famarelinhas-ailton-krenak%2F%20via%20VEJA%20S%C3%83O%20PAULO\" class=\"item-share-list-link item-email hidden-xs hidden-sm\" name=\"Compartilhar por e-mail\" aria-label=\"Compartilhar por e-mail\"><i class=\"icon-envelope-o\"><\/i><\/a>\n      <\/div>\n<\/blockquote>\n<p>&nbsp;<\/p>\n<p>&nbsp;<\/p>\n<p><strong>Os seres humanos v\u00e3o colapsar o planeta ou o contr\u00e1rio?<\/strong><\/p>\n<p>Estou cada vez mais pr\u00f3ximo da ideia de que o organismo inteligente e vivo do planeta vai nos dispensar como parte dele. \u00c9 como se a Terra nos identificasse como c\u00e9lulas doentes. O que um organismo saud\u00e1vel faz com c\u00e9lulas mortas? Ele joga fora. Tudo em n\u00f3s, at\u00e9 a epiderme e o cabelo, passa por essa mudan\u00e7a constante. N\u00e3o s\u00f3 as cobras trocam de pele, n\u00f3s tamb\u00e9m. Minha esperan\u00e7a \u00e9 de que essa teoria de Gaia deixe de ser uma teoria e passe a ser uma constante do organismo vivo da Terra, em que ele dispense tudo quanto \u00e9 c\u00e9lula estragada, inclusive esta, o sapiens. O sapiens deu met\u00e1stase, espero que o planeta o dispense.<\/p>\n<p><strong>Qual o futuro que estamos embalando para as pr\u00f3ximas gera\u00e7\u00f5es?<\/strong><\/p>\n<p>Se olharmos as evid\u00eancias no mundo todo, vai ser dif\u00edcil a gente afirmar o contr\u00e1rio, de que n\u00e3o estamos descendo a ladeira. O que acontece nos Estados Unidos e na Europa afeta nossa vida na hora. As mudan\u00e7as clim\u00e1ticas s\u00e3o a evid\u00eancia mais eloquente disso. N\u00e3o tem mais dia certo para chover e para n\u00e3o chover. Os extremos do clima acontecem em qualquer lugar sem aviso. N\u00f3s nos acostumamos tanto com a abund\u00e2ncia de tudo no planeta que achamos que tem um dispositivo permanente de produzir felicidade enquanto sa\u00edmos por a\u00ed \u2018pisando\u2019 e andando.<\/p>\n<p><strong>Qual sua programa\u00e7\u00e3o para os pr\u00f3ximos meses?<\/strong><\/p>\n<p>Na verdade, eu sou desprogramado.<\/p>\n<div class=\"ads post-ads\">\n    <span class=\"title\">Continua ap\u00f3s a publicidade<\/span><\/p>\n<div class=\"abrAD\" data-format=\"intext\"><\/div>\n<\/div>\n<p><strong>Publicado em VEJA S\u00e3o Paulo de 23 de maio de 2025, edi\u00e7\u00e3o n\u00ba2945.<\/strong><\/p>\n<div class=\"box-app-phone-share\">\n<div class=\"title-phone-share\">Compartilhe essa mat\u00e9ria via:<\/div>\n<div class=\"buttoms-phone-share\">\n\t\t<a class=\"whatsapp\" id=\"whatsappShare\" rel=\"nofollow\" aria-label=\"Compartilhe no Whatsapp\" target=\"_blank\" href=\"https:\/\/api.whatsapp.com\/send?text=https:\/\/vejasp.abril.com.br\/cidades\/amarelinhas-ailton-krenak\/?utm_medium=whatsapp&amp;utm_source=shortcode_vejinhas\"><span>WhatsAPP<\/span><\/a><br \/>\n\t\t<a class=\"telegram\" id=\"telegramShare\" rel=\"nofollow\" aria-label=\"Compartilhe no Telegram\" target=\"_blank\" href=\"https:\/\/telegram.me\/share\/url?url=https:\/\/vejasp.abril.com.br\/cidades\/amarelinhas-ailton-krenak\/?utm_medium=telegram&amp;utm_source=shortcode_vejinhas\"><span>Telegram<\/span><\/a>\n\t\t<\/div>\n<\/p><\/div>\n<p>&nbsp;<\/p>\n<p>&nbsp;<\/p>\n<div class=\"ads after-text\">\n    <span class=\"title\">Publicidade<\/span><\/p>\n<div class=\"abrAD\" data-format=\"aftertext\" data-mapping=\"intext\"><\/div>\n<\/div>\n<p><script async src=\"https:\/\/platform.twitter.com\/widgets.js\" charset=\"utf-8\"><\/script><br \/>\n<br \/><br \/>\n<br \/><a href=\"https:\/\/vejasp.abril.com.br\/cidades\/amarelinhas-ailton-krenak\/\">Fonte do Artigo <\/a><br \/>\nTags:<br \/>\n#loterias #loteriascaixa #megasena #resultadoapostas#noticias #noticiario  #noticia #brasil #noticiascolombia #mundo #esporte #colombia #noticiadeld #ltimasnoticias  #noticiario #noticiasregionales #noticiasdepartamentales #noticiashoy #esportes #noticiaahora #elinformantenoticias #noticiasdeboyac  #esporteinterativo #esportivo #diariodosesportes  #noticiero  #jogodefutebol #jogos #loto #apostas<\/p>\n","protected":false},"excerpt":{"rendered":"<p>A m\u00e3o de Ailton Krenak solta o copo com o suco pela metade durante a entrevista e aponta para as \u00e1rvores da Terra Ind\u00edgena Krenak, no munic\u00edpio de Resplendor, Minas Gerais. \u201cEst\u00e1 escutando?\u201d, pergunta. O ambientalista, fil\u00f3sofo, l\u00edder ind\u00edgena e escritor interrompe sua resposta para mostrar o canto dos p\u00e1ssaros. \u201cS\u00e3o as aves fazendo uma [&hellip;]<\/p>\n","protected":false},"author":1,"featured_media":90026,"comment_status":"open","ping_status":"open","sticky":false,"template":"","format":"standard","meta":{"footnotes":""},"categories":[1],"tags":[],"class_list":["post-90025","post","type-post","status-publish","format-standard","has-post-thumbnail","hentry","category-curso-de-copy"],"_links":{"self":[{"href":"https:\/\/wiy.com.br\/noticias\/wp-json\/wp\/v2\/posts\/90025","targetHints":{"allow":["GET"]}}],"collection":[{"href":"https:\/\/wiy.com.br\/noticias\/wp-json\/wp\/v2\/posts"}],"about":[{"href":"https:\/\/wiy.com.br\/noticias\/wp-json\/wp\/v2\/types\/post"}],"author":[{"embeddable":true,"href":"https:\/\/wiy.com.br\/noticias\/wp-json\/wp\/v2\/users\/1"}],"replies":[{"embeddable":true,"href":"https:\/\/wiy.com.br\/noticias\/wp-json\/wp\/v2\/comments?post=90025"}],"version-history":[{"count":0,"href":"https:\/\/wiy.com.br\/noticias\/wp-json\/wp\/v2\/posts\/90025\/revisions"}],"wp:featuredmedia":[{"embeddable":true,"href":"https:\/\/wiy.com.br\/noticias\/wp-json\/wp\/v2\/media\/90026"}],"wp:attachment":[{"href":"https:\/\/wiy.com.br\/noticias\/wp-json\/wp\/v2\/media?parent=90025"}],"wp:term":[{"taxonomy":"category","embeddable":true,"href":"https:\/\/wiy.com.br\/noticias\/wp-json\/wp\/v2\/categories?post=90025"},{"taxonomy":"post_tag","embeddable":true,"href":"https:\/\/wiy.com.br\/noticias\/wp-json\/wp\/v2\/tags?post=90025"}],"curies":[{"name":"wp","href":"https:\/\/api.w.org\/{rel}","templated":true}]}}