{"id":89850,"date":"2025-05-20T20:20:22","date_gmt":"2025-05-20T23:20:22","guid":{"rendered":"https:\/\/wiy.com.br\/noticias\/governo-de-sp-lanca-programa-para-reduzir-pobreza-de-105-mil-familias\/"},"modified":"2025-05-20T20:20:22","modified_gmt":"2025-05-20T23:20:22","slug":"governo-de-sp-lanca-programa-para-reduzir-pobreza-de-105-mil-familias","status":"publish","type":"post","link":"https:\/\/wiy.com.br\/noticias\/governo-de-sp-lanca-programa-para-reduzir-pobreza-de-105-mil-familias\/","title":{"rendered":"Governo de SP lan\u00e7a programa para reduzir pobreza de 105 mil fam\u00edlias"},"content":{"rendered":"<p> <br \/>\n<br \/><img title = \"[Tags]\"alt = \"54533159033_63f85b6080_k Governo de SP lan\u00e7a programa para reduzir pobreza de 105 mil fam\u00edlias\"decoding=\"async\" src=\"https:\/\/vejasp.abril.com.br\/wp-content\/uploads\/2025\/05\/54533159033_63f85b6080_k.jpg\" \/><\/p>\n<p>O <a href=\"https:\/\/vejasp.abril.com.br\/cidades\/celular-nas-escolas-governo-de-sp-divulga-regras-e-orientacoes-sobre-a-restricao\">Governo de S\u00e3o Paulo<\/a> anunciou nesta ter\u00e7a-feira (20) o SuperA\u00e7\u00e3o SP, conjunto de medidas que busca mitigar a pobreza a oferecer aux\u00edlio a fam\u00edlias em situa\u00e7\u00e3o de vulnerabilidade social no Estado.<span>\u00a0Ao todo, o programa conta com R$ 500 milh\u00f5es para o funcionamento e deve atender, em um primeiro momento, 105 mil fam\u00edlias.<\/span><\/p>\n<p>A proposta re\u00fane 29 pol\u00edticas p\u00fablicas e o Cad\u00danico ser\u00e1 utilizado para identificar as fam\u00edlias benefici\u00e1rias, cabendo a elas decidirem se querem ou n\u00e3o aderir ao programa. As fam\u00edlias ficar\u00e3o dois anos no programa, com mais seis meses de acompanhamento.<\/p>\n<div class=\"ads video-ads\">\n<div class=\"abrAD\" data-format=\"intext_video\"><\/div>\n<\/div>\n<p><span>Cada n\u00facleo familiar recebe um plano de desenvolvimento individualizado, com acompanhamento t\u00e9cnico, defini\u00e7\u00e3o de metas e apoio cont\u00ednuo. <\/span>A iniciativa oferece duas trilhas para diferentes perfis de fam\u00edlia: a primeira, &#8220;Prote\u00e7\u00e3o Social&#8221;, \u00e9 voltada \u00e0quelas com barreiras severas de inclus\u00e3o, como depend\u00eancia de cuidados, idade avan\u00e7ada ou baixa escolaridade. J\u00e1 a trilha &#8220;Supera\u00e7\u00e3o da Pobreza&#8221; atende fam\u00edlias com perfil ativo para o mercado de trabalho.<\/p>\n<p><span>As a\u00e7\u00f5es customizadas s\u00e3o dividas em tr\u00eas m\u00f3dulos complementares: o eixo chamado de &#8220;Proteger&#8221;, que d\u00e1 acesso a benef\u00edcios sociais, alimenta\u00e7\u00e3o, sa\u00fade, moradia e educa\u00e7\u00e3o infantil; o &#8220;Desenvolver&#8221;, voltado para a qualifica\u00e7\u00e3o profissional e o incentivo \u00e0 forma\u00e7\u00e3o; e &#8220;Incluir&#8221;, com entrada no mundo do trabalho e apoio ao empreendedorismo. Todas as etapas incluem incentivos financeiros para os participantes.<\/span><\/p>\n<div id=\"relacionadas\" class=\"block  three_columns\">\n<ul class=\"block-menu\">\n<li data-tab=\"tab-1\" class=\"active\">Relacionadas<\/li>\n<\/ul>\n<div id=\"tab-1\" class=\"block-content active\">\n<ul class=\"relacionadas-s-img\">\n<li class=\"widget-news-item without-thumb with-border\">\n<div class=\"widget-news-info\"><a href=\"\/saude\">Sa\u00fade<\/a><span class=\"widget-news-item-title\"><a href=\"https:\/\/vejasp.abril.com.br\/saude\/vacinacao-contra-a-gripe-esta-disponivel-para-toda-a-populacao\/\">Vacina\u00e7\u00e3o contra a gripe est\u00e1 dispon\u00edvel para toda a popula\u00e7\u00e3o<\/a><\/span><span class=\"widget-news-item-date\">20 Maio 2025 &#8211; 17h05<\/span><\/div>\n<\/li>\n<li class=\"widget-news-item without-thumb with-border\">\n<div class=\"widget-news-info\"><a href=\"\/cidades\">Cidades<\/a><span class=\"widget-news-item-title\"><a href=\"https:\/\/vejasp.abril.com.br\/cidades\/governo-de-sp-gastou-mais-de-r-130-milhoes-com-acidentes-de-carro-e-moto\/\">Governo de SP gastou mais de R$ 130 milh\u00f5es com acidentes de carro e moto<\/a><\/span><span class=\"widget-news-item-date\">20 Maio 2025 &#8211; 16h05<\/span><\/div>\n<\/li>\n<li class=\"widget-news-item without-thumb with-border\">\n<div class=\"widget-news-info\"><a href=\"\/cidades\">Cidades<\/a><span class=\"widget-news-item-title\"><a href=\"https:\/\/vejasp.abril.com.br\/cidades\/rede-estadual-de-ensino-usa-ia-para-correcao-de-tarefas-dos-estudantes\/\">Rede estadual de ensino usa IA para corre\u00e7\u00e3o de tarefas dos estudantes<\/a><\/span><span class=\"widget-news-item-date\">20 Maio 2025 &#8211; 15h05<\/span><\/div>\n<\/li>\n<\/ul>\n<\/div>\n<\/div>\n<div class=\"box-app-phone-share\">\n<div class=\"title-phone-share\">Compartilhe essa mat\u00e9ria via:<\/div>\n<div class=\"buttoms-phone-share\">\n\t\t<a class=\"whatsapp\" id=\"whatsappShare\" rel=\"nofollow\" aria-label=\"Compartilhe no Whatsapp\" target=\"_blank\" href=\"https:\/\/api.whatsapp.com\/send?text=https:\/\/vejasp.abril.com.br\/cidades\/programa-super-acao-governo-sp\/?utm_medium=whatsapp&amp;utm_source=shortcode_vejinhas\"><span>WhatsAPP<\/span><\/a><br \/>\n\t\t<a class=\"telegram\" id=\"telegramShare\" rel=\"nofollow\" aria-label=\"Compartilhe no Telegram\" target=\"_blank\" href=\"https:\/\/telegram.me\/share\/url?url=https:\/\/vejasp.abril.com.br\/cidades\/programa-super-acao-governo-sp\/?utm_medium=telegram&amp;utm_source=shortcode_vejinhas\"><span>Telegram<\/span><\/a>\n\t\t<\/div>\n<\/p><\/div>\n<div class=\"ads after-text\">\n    <span class=\"title\">Publicidade<\/span><\/p>\n<div class=\"abrAD\" data-format=\"aftertext\" data-mapping=\"intext\"><\/div>\n<\/div>\n<p><br \/>\n<br \/><a href=\"https:\/\/vejasp.abril.com.br\/cidades\/programa-super-acao-governo-sp\/\">Fonte do Artigo <\/a><br \/>\nTags:<br \/>\n#loterias #loteriascaixa #megasena #resultadoapostas#noticias #noticiario  #noticia #brasil #noticiascolombia #mundo #esporte #colombia #noticiadeld #ltimasnoticias  #noticiario #noticiasregionales #noticiasdepartamentales #noticiashoy #esportes #noticiaahora #elinformantenoticias #noticiasdeboyac  #esporteinterativo #esportivo #diariodosesportes  #noticiero  #jogodefutebol #jogos #loto #apostas<\/p>\n","protected":false},"excerpt":{"rendered":"<p>O Governo de S\u00e3o Paulo anunciou nesta ter\u00e7a-feira (20) o SuperA\u00e7\u00e3o SP, conjunto de medidas que busca mitigar a pobreza a oferecer aux\u00edlio a fam\u00edlias em situa\u00e7\u00e3o de vulnerabilidade social no Estado.\u00a0Ao todo, o programa conta com R$ 500 milh\u00f5es para o funcionamento e deve atender, em um primeiro momento, 105 mil fam\u00edlias. A proposta [&hellip;]<\/p>\n","protected":false},"author":1,"featured_media":89851,"comment_status":"open","ping_status":"open","sticky":false,"template":"","format":"standard","meta":{"footnotes":""},"categories":[1],"tags":[],"class_list":["post-89850","post","type-post","status-publish","format-standard","has-post-thumbnail","hentry","category-curso-de-copy"],"_links":{"self":[{"href":"https:\/\/wiy.com.br\/noticias\/wp-json\/wp\/v2\/posts\/89850","targetHints":{"allow":["GET"]}}],"collection":[{"href":"https:\/\/wiy.com.br\/noticias\/wp-json\/wp\/v2\/posts"}],"about":[{"href":"https:\/\/wiy.com.br\/noticias\/wp-json\/wp\/v2\/types\/post"}],"author":[{"embeddable":true,"href":"https:\/\/wiy.com.br\/noticias\/wp-json\/wp\/v2\/users\/1"}],"replies":[{"embeddable":true,"href":"https:\/\/wiy.com.br\/noticias\/wp-json\/wp\/v2\/comments?post=89850"}],"version-history":[{"count":0,"href":"https:\/\/wiy.com.br\/noticias\/wp-json\/wp\/v2\/posts\/89850\/revisions"}],"wp:featuredmedia":[{"embeddable":true,"href":"https:\/\/wiy.com.br\/noticias\/wp-json\/wp\/v2\/media\/89851"}],"wp:attachment":[{"href":"https:\/\/wiy.com.br\/noticias\/wp-json\/wp\/v2\/media?parent=89850"}],"wp:term":[{"taxonomy":"category","embeddable":true,"href":"https:\/\/wiy.com.br\/noticias\/wp-json\/wp\/v2\/categories?post=89850"},{"taxonomy":"post_tag","embeddable":true,"href":"https:\/\/wiy.com.br\/noticias\/wp-json\/wp\/v2\/tags?post=89850"}],"curies":[{"name":"wp","href":"https:\/\/api.w.org\/{rel}","templated":true}]}}