{"id":89769,"date":"2025-05-19T18:52:53","date_gmt":"2025-05-19T21:52:53","guid":{"rendered":"https:\/\/wiy.com.br\/noticias\/confira-ordem-dos-desfiles-das-escolas-de-samba-no-carnaval-de-2026\/"},"modified":"2025-05-19T18:52:53","modified_gmt":"2025-05-19T21:52:53","slug":"confira-ordem-dos-desfiles-das-escolas-de-samba-no-carnaval-de-2026","status":"publish","type":"post","link":"https:\/\/wiy.com.br\/noticias\/confira-ordem-dos-desfiles-das-escolas-de-samba-no-carnaval-de-2026\/","title":{"rendered":"Confira ordem dos desfiles das escolas de samba no carnaval de 2026"},"content":{"rendered":"<p> <br \/>\n<br \/><img title = \"[Tags]\"alt = \"rosas-2 Confira ordem dos desfiles das escolas de samba no carnaval de 2026\"decoding=\"async\" src=\"https:\/\/vejasp.abril.com.br\/wp-content\/uploads\/2025\/03\/rosas-2.webp\" \/><\/p>\n<p>A Liga Independente das Escolas de Samba de S\u00e3o Paulo (<strong>Liga-SP<\/strong>) definiu a ordem dos desfiles das escolas de samba no carnaval do pr\u00f3ximo ano. Eles ir\u00e3o acontecer nos dias 7, 13, 14 e 15 de fevereiro de 2026.<\/p>\n<div id=\"relacionadas\" class=\"block  three_columns\">\n<ul class=\"block-menu\">\n<li data-tab=\"tab-1\" class=\"active\">Relacionadas<\/li>\n<\/ul>\n<div id=\"tab-1\" class=\"block-content active\">\n<ul class=\"relacionadas-s-img\">\n<li class=\"widget-news-item without-thumb with-border\">\n<div class=\"widget-news-info\"><a href=\"\/cultura-lazer\">Cultura &amp; Lazer<\/a><span class=\"widget-news-item-title\"><a href=\"https:\/\/vejasp.abril.com.br\/cultura-lazer\/que-museus-visitar-sp-roteiro-de-metro\/\">Que museus visitar em SP? Confira um roteiro de metr\u00f4 por espa\u00e7os culturais<\/a><\/span><span class=\"widget-news-item-date\">18 Maio 2025 &#8211; 16h05<\/span><\/div>\n<\/li>\n<li class=\"widget-news-item without-thumb with-border\">\n<div class=\"widget-news-info\"><a href=\"\/cultura-lazer\">Cultura &amp; Lazer<\/a><span class=\"widget-news-item-title\"><a href=\"https:\/\/vejasp.abril.com.br\/cultura-lazer\/roteiro-observacao-passaros-opcoes-passeios-sp\/\">Roteiro de observa\u00e7\u00e3o de p\u00e1ssaros re\u00fane op\u00e7\u00f5es de passeios em SP<\/a><\/span><span class=\"widget-news-item-date\">18 Maio 2025 &#8211; 13h05<\/span><\/div>\n<\/li>\n<li class=\"widget-news-item without-thumb with-border\">\n<div class=\"widget-news-info\"><a href=\"\/cultura-lazer\">Cultura &amp; Lazer<\/a><span class=\"widget-news-item-title\"><a href=\"https:\/\/vejasp.abril.com.br\/cultura-lazer\/minisserie-saberes-sp-cultura-paulista-episodios\/\">Miniss\u00e9rie &#8216;Saberes SP&#8217; mergulha em manifesta\u00e7\u00f5es culturais paulistas<\/a><\/span><span class=\"widget-news-item-date\">16 Maio 2025 &#8211; 17h05<\/span><\/div>\n<\/li>\n<\/ul>\n<\/div>\n<\/div>\n<p>O an\u00fancio foi realizado em um <a href=\"https:\/\/vejasp.abril.com.br\/cultura-lazer\/c6-fest-2025-tudo-sobre-amaro-freitas-free-jazz-sp\/\" target=\"_blank\" rel=\"noopener\">evento<\/a> na F\u00e1brica do Samba, neste s\u00e1bado (17), com a presen\u00e7a de mais de 10 000 pessoas. A noite contou com atra\u00e7\u00f5es em tr\u00eas palcos.<\/p>\n<div class=\"ads video-ads\">\n<div class=\"abrAD\" data-format=\"intext_video\"><\/div>\n<\/div>\n<p>Tamb\u00e9m foi anunciada a abertura da venda de ingressos para os desfiles no <a href=\"https:\/\/www.clubedoingresso.com\/evento\/carnavalsp-2026\" target=\"_blank\" rel=\"noopener\">site<\/a> do Clube do Ingresso, que come\u00e7am com um desconto por tempo limitado de 50%.<\/p>\n<h3>Confira abaixo a ordem das escolas de samba<\/h3>\n<p><strong>7\/02\/2026 (s\u00e1bado) &#8211; Acesso 2\u00a0<\/strong><\/p>\n<ul>\n<li>1. Amizade Zona Leste<\/li>\n<li>2. Imperatriz da Pauliceia<\/li>\n<li>3. Torcida Jovem<\/li>\n<li>4. X-9 Paulistana<\/li>\n<li>5. Unidos de S\u00e3o Lucas<\/li>\n<li>6. Unidos do Peruche<\/li>\n<li>7. Morro da Casa Verde<\/li>\n<li>8. Imperador do Ipiranga<\/li>\n<li>9. Uirapuru da Mooca<\/li>\n<li>10. Primeira da Cidade L\u00edder<\/li>\n<\/ul>\n<p><strong>13\/02\/2026 (sexta-feira) &#8211; Grupo Especial<\/strong><\/p>\n<ul>\n<li>1. Mocidade Unida da Mooca<\/li>\n<li>2. Colorado do Br\u00e1s<\/li>\n<li>3. Drag\u00f5es da Real<\/li>\n<li>4. Acad\u00eamicos do Tatuap\u00e9<\/li>\n<li>5. Rosas de Ouro<\/li>\n<li>6. Vai-Vai<\/li>\n<li>7. Barroca Zona Sul<\/li>\n<\/ul>\n<div class=\"ads post-ads\">\n    <span class=\"title\">Continua ap\u00f3s a publicidade<\/span><\/p>\n<div class=\"abrAD\" data-format=\"intext\"><\/div>\n<\/div>\n<p><strong>14\/02\/2025 (s\u00e1bado) &#8211; Grupo Especial<\/strong><\/p>\n<ul>\n<li>1. Imp\u00e9rio de Casa Verde<\/li>\n<li>2. \u00c1guia de Ouro<\/li>\n<li>3. Mocidade Alegre<\/li>\n<li>4. Gavi\u00f5es da Fiel<\/li>\n<li>5. Estrela do Terceiro Mil\u00eanio<\/li>\n<li>6. Tom Maior<\/li>\n<li>7. Camisa Verde e Branco<\/li>\n<\/ul>\n<p><strong>15\/02\/2026 (domingo) &#8211; Acesso 1<\/strong><\/p>\n<ul>\n<li>1. Camisa 12<\/li>\n<li>2. Unidos de Vila Maria<\/li>\n<li>3. Acad\u00eamicos do Tucuruvi<\/li>\n<li>4. Mancha Verde<\/li>\n<li>5. Nen\u00ea de Vila Matilde<\/li>\n<li>6. P\u00e9rola Negra<\/li>\n<li>7. Dom Bosco de Itaquera<\/li>\n<li>8. Independente Tricolor<\/li>\n<\/ul>\n<div class=\"box-app-phone-share\">\n<div class=\"title-phone-share\">Compartilhe essa mat\u00e9ria via:<\/div>\n<div class=\"buttoms-phone-share\">\n\t\t<a class=\"whatsapp\" id=\"whatsappShare\" rel=\"nofollow\" aria-label=\"Compartilhe no Whatsapp\" target=\"_blank\" href=\"https:\/\/api.whatsapp.com\/send?text=https:\/\/vejasp.abril.com.br\/cidades\/confira-ordem-dos-desfiles-das-escolas-de-samba-no-carnaval-de-2026\/?utm_medium=whatsapp&amp;utm_source=shortcode_vejinhas\"><span>WhatsAPP<\/span><\/a><br \/>\n\t\t<a class=\"telegram\" id=\"telegramShare\" rel=\"nofollow\" aria-label=\"Compartilhe no Telegram\" target=\"_blank\" href=\"https:\/\/telegram.me\/share\/url?url=https:\/\/vejasp.abril.com.br\/cidades\/confira-ordem-dos-desfiles-das-escolas-de-samba-no-carnaval-de-2026\/?utm_medium=telegram&amp;utm_source=shortcode_vejinhas\"><span>Telegram<\/span><\/a>\n\t\t<\/div>\n<\/p><\/div>\n<div class=\"ads after-text\">\n    <span class=\"title\">Publicidade<\/span><\/p>\n<div class=\"abrAD\" data-format=\"aftertext\" data-mapping=\"intext\"><\/div>\n<\/div>\n<p><br \/>\n<br \/><a href=\"https:\/\/vejasp.abril.com.br\/cidades\/confira-ordem-dos-desfiles-das-escolas-de-samba-no-carnaval-de-2026\/\">Fonte do Artigo <\/a><br \/>\nTags:<br \/>\n#loterias #loteriascaixa #megasena #resultadoapostas#noticias #noticiario  #noticia #brasil #noticiascolombia #mundo #esporte #colombia #noticiadeld #ltimasnoticias  #noticiario #noticiasregionales #noticiasdepartamentales #noticiashoy #esportes #noticiaahora #elinformantenoticias #noticiasdeboyac  #esporteinterativo #esportivo #diariodosesportes  #noticiero  #jogodefutebol #jogos #loto #apostas<\/p>\n","protected":false},"excerpt":{"rendered":"<p>A Liga Independente das Escolas de Samba de S\u00e3o Paulo (Liga-SP) definiu a ordem dos desfiles das escolas de samba no carnaval do pr\u00f3ximo ano. Eles ir\u00e3o acontecer nos dias 7, 13, 14 e 15 de fevereiro de 2026. Relacionadas Cultura &amp; LazerQue museus visitar em SP? Confira um roteiro de metr\u00f4 por espa\u00e7os culturais18 [&hellip;]<\/p>\n","protected":false},"author":1,"featured_media":89770,"comment_status":"open","ping_status":"open","sticky":false,"template":"","format":"standard","meta":{"footnotes":""},"categories":[1],"tags":[],"class_list":["post-89769","post","type-post","status-publish","format-standard","has-post-thumbnail","hentry","category-curso-de-copy"],"_links":{"self":[{"href":"https:\/\/wiy.com.br\/noticias\/wp-json\/wp\/v2\/posts\/89769","targetHints":{"allow":["GET"]}}],"collection":[{"href":"https:\/\/wiy.com.br\/noticias\/wp-json\/wp\/v2\/posts"}],"about":[{"href":"https:\/\/wiy.com.br\/noticias\/wp-json\/wp\/v2\/types\/post"}],"author":[{"embeddable":true,"href":"https:\/\/wiy.com.br\/noticias\/wp-json\/wp\/v2\/users\/1"}],"replies":[{"embeddable":true,"href":"https:\/\/wiy.com.br\/noticias\/wp-json\/wp\/v2\/comments?post=89769"}],"version-history":[{"count":0,"href":"https:\/\/wiy.com.br\/noticias\/wp-json\/wp\/v2\/posts\/89769\/revisions"}],"wp:featuredmedia":[{"embeddable":true,"href":"https:\/\/wiy.com.br\/noticias\/wp-json\/wp\/v2\/media\/89770"}],"wp:attachment":[{"href":"https:\/\/wiy.com.br\/noticias\/wp-json\/wp\/v2\/media?parent=89769"}],"wp:term":[{"taxonomy":"category","embeddable":true,"href":"https:\/\/wiy.com.br\/noticias\/wp-json\/wp\/v2\/categories?post=89769"},{"taxonomy":"post_tag","embeddable":true,"href":"https:\/\/wiy.com.br\/noticias\/wp-json\/wp\/v2\/tags?post=89769"}],"curies":[{"name":"wp","href":"https:\/\/api.w.org\/{rel}","templated":true}]}}