{"id":89581,"date":"2025-05-17T01:46:40","date_gmt":"2025-05-17T04:46:40","guid":{"rendered":"https:\/\/wiy.com.br\/noticias\/confira-o-olhar-digital-news-na-integra-16-05-2025\/"},"modified":"2025-05-17T01:46:40","modified_gmt":"2025-05-17T04:46:40","slug":"confira-o-olhar-digital-news-na-integra-16-05-2025","status":"publish","type":"post","link":"https:\/\/wiy.com.br\/noticias\/confira-o-olhar-digital-news-na-integra-16-05-2025\/","title":{"rendered":"Confira o Olhar Digital News na \u00edntegra (16\/05\/2025)"},"content":{"rendered":"<p> <br \/>\n<\/p>\n<p>Veja os destaques do\u00a0<strong>Olhar Digital News\u00a0<\/strong>desta sexta-feira (16):<\/p>\n<h2 class=\"wp-block-heading\" id=\"h-e-se-as-redes-sociais-forem-restritas-para-menores-de-idade\">E se as redes sociais forem restritas para menores de idade?<\/h2>\n<p>Fran\u00e7a, Espanha e Gr\u00e9cia est\u00e3o unindo for\u00e7as para pressionar a Uni\u00e3o Europeia por regras mais r\u00edgidas sobre o uso de redes sociais por menores de idade. O Olhar Digital ouviu Claudia Costin, especialista em educa\u00e7\u00e3o e ex-diretora global de Educa\u00e7\u00e3o do Banco Mundial.<\/p>\n<h2 class=\"wp-block-heading\" id=\"h-o-supercontinente-que-pode-acabar-com-a-vida-como-conhecemos\">O supercontinente que pode acabar com a vida como conhecemos<\/h2>\n<p>Recentemente, voc\u00ea viu aqui no Olhar Digital News que Elon Musk quer levar humanos a Marte n\u00e3o s\u00f3 pela Ci\u00eancia, mas pela sobreviv\u00eancia da esp\u00e9cie no longo prazo. O bilion\u00e1rio diz isso pensando que, um dia, a Terra ficar\u00e1 inabit\u00e1vel. A gente reuniu algumas pesquisas que teorizam como ser\u00e1 o fim da vida como conhecemos aqui no nosso lar.<\/p>\n<h2 class=\"wp-block-heading\" id=\"h-nasa-salva-espaconave-voyager-1-a-25-bilhoes-de-km-de-distancia\">NASA &#8216;salva&#8217; espa\u00e7onave Voyager 1 a 25 bilh\u00f5es de km de dist\u00e2ncia<\/h2>\n<p>Um feito quase inacredit\u00e1vel foi realizado pela NASA. Engenheiros conseguiram reativar os propulsores principais da sonda Voyager 1, que estavam desligados h\u00e1 21 anos. A fa\u00e7anha se torna ainda mais impressionante considerando que a espa\u00e7onave est\u00e1 a quase 25 bilh\u00f5es de km da Terra, j\u00e1 fora do Sistema Solar.<\/p>\n<h2 class=\"wp-block-heading\" id=\"h-estudo-brasileiro-descobre-molecula-que-reverte-declinio-cognitivo\">Estudo brasileiro descobre mol\u00e9cula que reverte decl\u00ednio cognitivo<\/h2>\n<p>Uma equipe de cientistas da Universidade Federal do Rio de Janeiro e da Universidade de S\u00e3o Paulo identificou uma mol\u00e9cula cerebral que pode reverter o decl\u00ednio cognitivo causado pelo envelhecimento e pela dem\u00eancia, incluindo a doen\u00e7a de Alzheimer. A pesquisa foi publicada na revista Aging Cell. O Olhar Digital News recebeu Felipe Cabral Miranda, biom\u00e9dico da UFRJ e primeiro autor do estudo.\u00a0<\/p>\n<h2 class=\"wp-block-heading\" id=\"h-professores-estao-usando-chatgpt-e-alguns-alunos-nao-estao-de-acordo\">Professores est\u00e3o usando ChatGPT \u2014 e alguns alunos n\u00e3o est\u00e3o de acordo<\/h2>\n<p>Com as intelig\u00eancias artificiais, j\u00e1 \u00e9 comum que estudantes pe\u00e7am uma ajudinha em trabalhos e provas. E isso, claro, pode afetar o aprendizado e a capacidade anal\u00edtica. Mas e o contr\u00e1rio, quando os professores usam a tecnologia? Isso j\u00e1 est\u00e1 acontecendo.\u00a0<\/p>\n<p>O Olhar Digital News vai ao ar de segunda a sexta-feira em nossas redes sociais!<\/p>\n<p>O post Confira o Olhar Digital News na \u00edntegra (16\/05\/2025) apareceu primeiro em Olhar Digital.<\/p>\n<p><br \/>\n<br \/><a href=\"https:\/\/olhardigital.com.br\/2025\/05\/16\/videos\/confira-o-olhar-digital-news-na-integra-16-05-2025\/\">Fonte do Artigo <\/a><br \/>\nTags:<\/p>\n<p><a title=\"Gestor de Tr\u00e1fego\" href=\"https:\/\/www.gestor-de-trafego.com\/\" target=\"_blank\"><strong>Gestor de Tr\u00e1fego<\/strong><\/a><\/p>\n<p><a href=\"https:\/\/wiy.com.br\/noticias\/categoria\/tecnologia\/\">#tecnologia<\/a> <a href=\"https:\/\/wiy.com.br\/noticias\/categoria\/tecnologia\/\">#tecnologias<\/a> <a href=\"https:\/\/wiy.com.br\/noticias\/categoria\/tecnologia\/\">#technology<\/a> <a href=\"https:\/\/wiy.com.br\/noticias\/categoria\/tecnologia\/\">#tecnolog<\/a> <a href=\"https:\/\/wiy.com.br\/noticias\/categoria\/tecnologia\/\">#iphone<\/a> <a href=\"https:\/\/wiy.com.br\/noticias\/categoria\/tecnologia\/\">#informatica<\/a> <a href=\"https:\/\/wiy.com.br\/noticias\/categoria\/tecnologia\/\">#tech<\/a> <a href=\"https:\/\/wiy.com.br\/noticias\/categoria\/tecnologia\/\">#design<\/a> <a href=\"https:\/\/wiy.com.br\/noticias\/categoria\/tecnologia\/\">#samsung<\/a> <a href=\"https:\/\/wiy.com.br\/noticias\/categoria\/tecnologia\/\">#internet<\/a> <a href=\"https:\/\/wiy.com.br\/noticias\/categoria\/tecnologia\/\">#apple<\/a> <a href=\"https:\/\/wiy.com.br\/noticias\/categoria\/tecnologia\/\">#smartphone<\/a> <a href=\"https:\/\/wiy.com.br\/noticias\/categoria\/tecnologia\/\">#seguranca<\/a> <a href=\"https:\/\/wiy.com.br\/noticias\/categoria\/tecnologia\/\">#venezuela<\/a> <a href=\"https:\/\/wiy.com.br\/noticias\/categoria\/tecnologia\/\">#celular<\/a> <a href=\"https:\/\/wiy.com.br\/noticias\/categoria\/tecnologia\/\">#celulares<\/a> <a href=\"https:\/\/wiy.com.br\/noticias\/categoria\/tecnologia\/\">#inovar<\/a> <a href=\"https:\/\/wiy.com.br\/noticias\/categoria\/tecnologia\/\">#qualidade<\/a> <a href=\"https:\/\/wiy.com.br\/noticias\/categoria\/tecnologia\/\">#software<\/a> <a href=\"https:\/\/wiy.com.br\/noticias\/categoria\/tecnologia\/\">#empresas<\/a> <a href=\"https:\/\/wiy.com.br\/noticias\/categoria\/tecnologia\/\">#cursos<\/a> <a href=\"https:\/\/wiy.com.br\/noticias\/categoria\/tecnologia\/\">#engenharia<\/a> <a href=\"https:\/\/wiy.com.br\/noticias\/categoria\/tecnologia\/\">#industria<\/a> <a href=\"https:\/\/wiy.com.br\/noticias\/categoria\/tecnologia\/\">#marketing<\/a> <a href=\"https:\/\/wiy.com.br\/noticias\/categoria\/tecnologia\/\">#ti<\/a> <a href=\"https:\/\/wiy.com.br\/noticias\/categoria\/tecnologia\/\">#tecnoblog<\/a> <a href=\"https:\/\/wiy.com.br\/noticias\/categoria\/tecnologia\/\">#veja<\/a> <a href=\"https:\/\/wiy.com.br\/noticias\/categoria\/tecnologia\/\">#olhardigital<\/a> <a href=\"https:\/\/wiy.com.br\/noticias\/categoria\/tecnologia\/\">#mundodigital<\/a> <a href=\"https:\/\/wiy.com.br\/noticias\/categoria\/tecnologia\/\">#inteligenciaartificial<\/a> <a href=\"https:\/\/wiy.com.br\/criacao-de-sites\/\">#criar site<\/a> <a href=\"https:\/\/wiy.com.br\/criacao-de-sites\/\">#criar site curitiba<\/a> <a href=\"https:\/\/wiy.com.br\/criacao-de-sites\/\">#wiysolutions<\/a><\/p>\n<p><a \n#Confira #Olhar #Digital #News #\u00edntegra\n<\/p>\n","protected":false},"excerpt":{"rendered":"<p>Veja os destaques do\u00a0Olhar Digital News\u00a0desta sexta-feira (16): E se as redes sociais forem restritas para menores de idade? Fran\u00e7a, Espanha e Gr\u00e9cia est\u00e3o unindo for\u00e7as para pressionar a Uni\u00e3o Europeia por regras mais r\u00edgidas sobre o uso de redes sociais por menores de idade. O Olhar Digital ouviu Claudia Costin, especialista em educa\u00e7\u00e3o e [&hellip;]<\/p>\n","protected":false},"author":1,"featured_media":0,"comment_status":"open","ping_status":"open","sticky":false,"template":"","format":"standard","meta":{"footnotes":""},"categories":[5],"tags":[],"class_list":["post-89581","post","type-post","status-publish","format-standard","hentry","category-tecnologia"],"_links":{"self":[{"href":"https:\/\/wiy.com.br\/noticias\/wp-json\/wp\/v2\/posts\/89581","targetHints":{"allow":["GET"]}}],"collection":[{"href":"https:\/\/wiy.com.br\/noticias\/wp-json\/wp\/v2\/posts"}],"about":[{"href":"https:\/\/wiy.com.br\/noticias\/wp-json\/wp\/v2\/types\/post"}],"author":[{"embeddable":true,"href":"https:\/\/wiy.com.br\/noticias\/wp-json\/wp\/v2\/users\/1"}],"replies":[{"embeddable":true,"href":"https:\/\/wiy.com.br\/noticias\/wp-json\/wp\/v2\/comments?post=89581"}],"version-history":[{"count":0,"href":"https:\/\/wiy.com.br\/noticias\/wp-json\/wp\/v2\/posts\/89581\/revisions"}],"wp:attachment":[{"href":"https:\/\/wiy.com.br\/noticias\/wp-json\/wp\/v2\/media?parent=89581"}],"wp:term":[{"taxonomy":"category","embeddable":true,"href":"https:\/\/wiy.com.br\/noticias\/wp-json\/wp\/v2\/categories?post=89581"},{"taxonomy":"post_tag","embeddable":true,"href":"https:\/\/wiy.com.br\/noticias\/wp-json\/wp\/v2\/tags?post=89581"}],"curies":[{"name":"wp","href":"https:\/\/api.w.org\/{rel}","templated":true}]}}