{"id":89565,"date":"2025-05-16T17:36:12","date_gmt":"2025-05-16T20:36:12","guid":{"rendered":"https:\/\/wiy.com.br\/noticias\/brasil-tem-queda-historica-no-numero-de-nascimentos-diz-ibge\/"},"modified":"2025-05-16T17:36:22","modified_gmt":"2025-05-16T20:36:22","slug":"brasil-tem-queda-historica-no-numero-de-nascimentos-diz-ibge","status":"publish","type":"post","link":"https:\/\/wiy.com.br\/noticias\/brasil-tem-queda-historica-no-numero-de-nascimentos-diz-ibge\/","title":{"rendered":"Brasil tem queda hist\u00f3rica no n\u00famero de nascimentos, diz IBGE"},"content":{"rendered":"<p> <br \/>\n<\/p>\n<p>Pelo quinto ano consecutivo, o Brasil registrou queda no n\u00famero de nascimentos. De acordo com o Instituto Brasileiro de Geografia e Estat\u00edstica (<a href=\"https:\/\/agenciadenoticias.ibge.gov.br\/agencia-noticias\/2012-agencia-de-noticias\/noticias\/43423-em-2023-obitos-caem-7-9-entre-idosos-com-80-anos-ou-mais\">IBGE<\/a>), em 2023, o pa\u00eds registrou 2,52 milh\u00f5es de nascimentos no ano, uma queda de 0,7% em rela\u00e7\u00e3o a 2022, quando o registro foi de 2,54 milh\u00f5es. Este \u00e9 o menor n\u00famero desde 1976.<\/p>\n<p>Em toda a s\u00e9rie hist\u00f3rica, iniciada em 1974, 2023 \u00e9 o quarto ano com o menor n\u00famero de nascimentos, atr\u00e1s apenas de 1974, 75 e 76. Considerando que essa queda vem se mantendo nos \u00faltimos anos, a tend\u00eancia \u00e9 que esse recorde volte a ser quebrado em um futuro bem pr\u00f3ximo.<\/p>\n<h2 class=\"wp-block-heading\" id=\"h-dados-da-pesquisa-do-ibge-sobre-nascimentos\"><strong>Dados da pesquisa do IBGE sobre nascimentos<\/strong><\/h2>\n<ul>\n<li>A pesquisa aponta diminui\u00e7\u00e3o no n\u00famero de registros de nascimentos em todas as grandes regi\u00f5es, com exce\u00e7\u00e3o da Centro-Oeste, com aumento de 1,1%;<\/li>\n<li>Entre os estados, 18 apresentaram queda, com destaque para Rond\u00f4nia (-3,7%), seguido pelo Amap\u00e1 (-2,7%), Rio de Janeiro (-2,2%), Bahia (-1,8%) e S\u00e3o Paulo (-1,7%);<\/li>\n<li>Entre os nove que apresentaram alta, destacam-se Tocantins (3,4%) e Goi\u00e1s (2,8%).<\/li>\n<\/ul>\n<div class=\"wp-block-image\">\n<figure class=\"aligncenter size-large\"><figcaption class=\"wp-element-caption\">(Imagem: Che Media\/Shutterstock)<\/figcaption><\/figure>\n<\/div>\n<h2 class=\"wp-block-heading\" id=\"h-numero-de-obitos-cai\"><strong>N\u00famero de \u00f3bitos cai<\/strong><\/h2>\n<p>Em 2023, ocorreram no pa\u00eds 1,43 milh\u00e3o de \u00f3bitos, registrados at\u00e9 o primeiro trimestre de 2024, uma redu\u00e7\u00e3o de 5% em compara\u00e7\u00e3o ao ano anterior.<\/p>\n<p><strong>Leia mais:<\/strong><\/p>\n<ul>\n<li>Qualidade do ar est\u00e1 insalubre em 8 estados do Brasil por conta das queimadas<\/li>\n<li>Popula\u00e7\u00e3o do Brasil j\u00e1 tem data para come\u00e7ar a cair<\/li>\n<li>Mais de 40% dos domic\u00edlios com TV t\u00eam servi\u00e7o de streaming no Brasil<\/li>\n<\/ul>\n<p><em>\u201cPodemos olhar para as informa\u00e7\u00f5es do Sistema de Informa\u00e7\u00f5es sobre Mortalidade, do Minist\u00e9rio da Sa\u00fade (SIM\/MS), e ver que grande parte da queda no n\u00famero de \u00f3bitos est\u00e1 relacionada ao fim da pandemia. \u00c9 uma queda muito importante, pois estamos retornando aos patamares pr\u00e9-pandemia\u201d<\/em>, disse Kl\u00edvia Brayner, gerente das Estat\u00edsticas do Registro Civil do <a href=\"https:\/\/www.ibge.gov.br\/\">IBGE<\/a>.<\/p>\n<p>A redu\u00e7\u00e3o do n\u00famero de \u00f3bitos ocorreu em todas as grandes regi\u00f5es e em 23 unidades da federa\u00e7\u00e3o brasileiras. Mas o n\u00famero segue superior ao per\u00edodo pr\u00e9-pandemia.<\/p>\n<p>O post Brasil tem queda hist\u00f3rica no n\u00famero de nascimentos, diz IBGE apareceu primeiro em Olhar Digital.<\/p>\n<p><br \/>\n<br \/><a href=\"https:\/\/olhardigital.com.br\/2025\/05\/16\/ciencia-e-espaco\/brasil-tem-queda-historica-no-numero-de-nascimentos-diz-ibge\/\">Fonte do Artigo <\/a><br \/>\nTags:<\/p>\n<p><a title=\"Gestor de Tr\u00e1fego\" href=\"https:\/\/www.gestor-de-trafego.com\/\" target=\"_blank\"><strong>Gestor de Tr\u00e1fego<\/strong><\/a><\/p>\n<p><a href=\"https:\/\/wiy.com.br\/noticias\/categoria\/tecnologia\/\">#tecnologia<\/a> <a href=\"https:\/\/wiy.com.br\/noticias\/categoria\/tecnologia\/\">#tecnologias<\/a> <a href=\"https:\/\/wiy.com.br\/noticias\/categoria\/tecnologia\/\">#technology<\/a> <a href=\"https:\/\/wiy.com.br\/noticias\/categoria\/tecnologia\/\">#tecnolog<\/a> <a href=\"https:\/\/wiy.com.br\/noticias\/categoria\/tecnologia\/\">#iphone<\/a> <a href=\"https:\/\/wiy.com.br\/noticias\/categoria\/tecnologia\/\">#informatica<\/a> <a href=\"https:\/\/wiy.com.br\/noticias\/categoria\/tecnologia\/\">#tech<\/a> <a href=\"https:\/\/wiy.com.br\/noticias\/categoria\/tecnologia\/\">#design<\/a> <a href=\"https:\/\/wiy.com.br\/noticias\/categoria\/tecnologia\/\">#samsung<\/a> <a href=\"https:\/\/wiy.com.br\/noticias\/categoria\/tecnologia\/\">#internet<\/a> <a href=\"https:\/\/wiy.com.br\/noticias\/categoria\/tecnologia\/\">#apple<\/a> <a href=\"https:\/\/wiy.com.br\/noticias\/categoria\/tecnologia\/\">#smartphone<\/a> <a href=\"https:\/\/wiy.com.br\/noticias\/categoria\/tecnologia\/\">#seguranca<\/a> <a href=\"https:\/\/wiy.com.br\/noticias\/categoria\/tecnologia\/\">#venezuela<\/a> <a href=\"https:\/\/wiy.com.br\/noticias\/categoria\/tecnologia\/\">#celular<\/a> <a href=\"https:\/\/wiy.com.br\/noticias\/categoria\/tecnologia\/\">#celulares<\/a> <a href=\"https:\/\/wiy.com.br\/noticias\/categoria\/tecnologia\/\">#inovar<\/a> <a href=\"https:\/\/wiy.com.br\/noticias\/categoria\/tecnologia\/\">#qualidade<\/a> <a href=\"https:\/\/wiy.com.br\/noticias\/categoria\/tecnologia\/\">#software<\/a> <a href=\"https:\/\/wiy.com.br\/noticias\/categoria\/tecnologia\/\">#empresas<\/a> <a href=\"https:\/\/wiy.com.br\/noticias\/categoria\/tecnologia\/\">#cursos<\/a> <a href=\"https:\/\/wiy.com.br\/noticias\/categoria\/tecnologia\/\">#engenharia<\/a> <a href=\"https:\/\/wiy.com.br\/noticias\/categoria\/tecnologia\/\">#industria<\/a> <a href=\"https:\/\/wiy.com.br\/noticias\/categoria\/tecnologia\/\">#marketing<\/a> <a href=\"https:\/\/wiy.com.br\/noticias\/categoria\/tecnologia\/\">#ti<\/a> <a href=\"https:\/\/wiy.com.br\/noticias\/categoria\/tecnologia\/\">#tecnoblog<\/a> <a href=\"https:\/\/wiy.com.br\/noticias\/categoria\/tecnologia\/\">#veja<\/a> <a href=\"https:\/\/wiy.com.br\/noticias\/categoria\/tecnologia\/\">#olhardigital<\/a> <a href=\"https:\/\/wiy.com.br\/noticias\/categoria\/tecnologia\/\">#mundodigital<\/a> <a href=\"https:\/\/wiy.com.br\/noticias\/categoria\/tecnologia\/\">#inteligenciaartificial<\/a> <a href=\"https:\/\/wiy.com.br\/criacao-de-sites\/\">#criar site<\/a> <a href=\"https:\/\/wiy.com.br\/criacao-de-sites\/\">#criar site curitiba<\/a> <a href=\"https:\/\/wiy.com.br\/criacao-de-sites\/\">#wiysolutions<\/a><\/p>\n<p><a \n#Brasil #tem #queda #hist\u00f3rica #n\u00famero #nascimentos #diz #IBGE\n<\/p>\n","protected":false},"excerpt":{"rendered":"<p>Pelo quinto ano consecutivo, o Brasil registrou queda no n\u00famero de nascimentos. De acordo com o Instituto Brasileiro de Geografia e Estat\u00edstica (IBGE), em 2023, o pa\u00eds registrou 2,52 milh\u00f5es de nascimentos no ano, uma queda de 0,7% em rela\u00e7\u00e3o a 2022, quando o registro foi de 2,54 milh\u00f5es. Este \u00e9 o menor n\u00famero desde [&hellip;]<\/p>\n","protected":false},"author":1,"featured_media":89566,"comment_status":"open","ping_status":"open","sticky":false,"template":"","format":"standard","meta":{"footnotes":""},"categories":[5],"tags":[],"class_list":["post-89565","post","type-post","status-publish","format-standard","has-post-thumbnail","hentry","category-tecnologia"],"_links":{"self":[{"href":"https:\/\/wiy.com.br\/noticias\/wp-json\/wp\/v2\/posts\/89565","targetHints":{"allow":["GET"]}}],"collection":[{"href":"https:\/\/wiy.com.br\/noticias\/wp-json\/wp\/v2\/posts"}],"about":[{"href":"https:\/\/wiy.com.br\/noticias\/wp-json\/wp\/v2\/types\/post"}],"author":[{"embeddable":true,"href":"https:\/\/wiy.com.br\/noticias\/wp-json\/wp\/v2\/users\/1"}],"replies":[{"embeddable":true,"href":"https:\/\/wiy.com.br\/noticias\/wp-json\/wp\/v2\/comments?post=89565"}],"version-history":[{"count":1,"href":"https:\/\/wiy.com.br\/noticias\/wp-json\/wp\/v2\/posts\/89565\/revisions"}],"predecessor-version":[{"id":89567,"href":"https:\/\/wiy.com.br\/noticias\/wp-json\/wp\/v2\/posts\/89565\/revisions\/89567"}],"wp:featuredmedia":[{"embeddable":true,"href":"https:\/\/wiy.com.br\/noticias\/wp-json\/wp\/v2\/media\/89566"}],"wp:attachment":[{"href":"https:\/\/wiy.com.br\/noticias\/wp-json\/wp\/v2\/media?parent=89565"}],"wp:term":[{"taxonomy":"category","embeddable":true,"href":"https:\/\/wiy.com.br\/noticias\/wp-json\/wp\/v2\/categories?post=89565"},{"taxonomy":"post_tag","embeddable":true,"href":"https:\/\/wiy.com.br\/noticias\/wp-json\/wp\/v2\/tags?post=89565"}],"curies":[{"name":"wp","href":"https:\/\/api.w.org\/{rel}","templated":true}]}}