{"id":89515,"date":"2025-05-16T02:18:40","date_gmt":"2025-05-16T05:18:40","guid":{"rendered":"https:\/\/wiy.com.br\/noticias\/quais-sao-as-fobias-mais-comuns-do-mundo\/"},"modified":"2025-05-16T02:18:48","modified_gmt":"2025-05-16T05:18:48","slug":"quais-sao-as-fobias-mais-comuns-do-mundo","status":"publish","type":"post","link":"https:\/\/wiy.com.br\/noticias\/quais-sao-as-fobias-mais-comuns-do-mundo\/","title":{"rendered":"Quais s\u00e3o as fobias mais comuns do mundo?"},"content":{"rendered":"<p> <br \/>\n<\/p>\n<p>As fobias mais comuns afetam milh\u00f5es de pessoas em todo o mundo e se manifestam como medos intensos e irracionais diante de objetos, situa\u00e7\u00f5es ou seres vivos espec\u00edficos. <\/p>\n<p>Embora seja normal sentir medo em certas circunst\u00e2ncias, a fobia vai al\u00e9m: ela interfere na rotina, nas escolhas e na sa\u00fade emocional de quem convive com esse transtorno. <\/p>\n<p>Segundo a <a href=\"https:\/\/www.psychiatry.org\/patients-families\/anxiety-disorders\/what-are-anxiety-disorders\" target=\"_blank\" rel=\"noreferrer noopener\">American Psychiatric Association<\/a>, as fobias s\u00e3o classificadas como transtornos de ansiedade e podem ser divididas em tr\u00eas categorias principais: <a href=\"https:\/\/www.nimh.nih.gov\/health\/statistics\/specific-phobia\" target=\"_blank\" rel=\"noreferrer noopener\">fobias espec\u00edficas<\/a>, fobia social (transtorno de ansiedade social) e agorafobia. <\/p>\n<p>Essas condi\u00e7\u00f5es podem causar sofrimento significativo e impactar negativamente a qualidade de vida das pessoas afetadas.<\/p>\n<p>Compreender as fobias mais comuns ajuda n\u00e3o apenas a identificar sinais precoces, mas tamb\u00e9m a combater estigmas sobre a sa\u00fade mental. <\/p>\n<p>Algumas dessas fobias t\u00eam origem evolutiva, como o <a href=\"https:\/\/www.sciencedirect.com\/science\/article\/abs\/pii\/S221503661830169X\" target=\"_blank\" rel=\"noreferrer noopener\">medo de alturas ou de animais pe\u00e7onhentos<\/a>, enquanto outras est\u00e3o relacionadas a experi\u00eancias traum\u00e1ticas ou a influ\u00eancias culturais. Confira abaixo uma lista das fobias mais comuns do mundo.<\/p>\n<h2 class=\"wp-block-heading\" id=\"h-as-fobias-mais-comuns-diagnosticadas-no-mundo\">As fobias mais comuns diagnosticadas no mundo<\/h2>\n<div class=\"wp-block-image\">\n<figure class=\"aligncenter size-large\"><figcaption class=\"wp-element-caption\">As fobias podem causar sintomas f\u00edsicos no corpo, como cora\u00e7\u00e3o acelerado, n\u00e1useas, tremores, falta de ar, al\u00e9m de outros sintomas que, se identificados, dever ser investigados por um profissional da sa\u00fade (Imagem: PeopleImages.com &#8211; Yuri A \/ Shutterstock)<\/figcaption><\/figure>\n<\/div>\n<h3 class=\"wp-block-heading\" id=\"h-acrofobia-medo-de-alturas\">Acrofobia \u2013 Medo de alturas<\/h3>\n<p>A acrofobia \u00e9 <a href=\"https:\/\/pure.johnshopkins.edu\/en\/publications\/specific-phobias\" target=\"_blank\" rel=\"noreferrer noopener\">uma das fobias mais comuns<\/a> e se caracteriza pelo medo extremo de lugares altos, como escadas, varandas ou montanhas. Pessoas com essa condi\u00e7\u00e3o podem experimentar vertigem, sudorese e at\u00e9 crises de p\u00e2nico ao se aproximar de alturas.<\/p>\n<h3 class=\"wp-block-heading\" id=\"h-aracnofobia-medo-de-aranhas\">Aracnofobia \u2013 Medo de aranhas<\/h3>\n<p>Muito difundida ao redor do mundo, a aracnofobia \u00e9 o medo exagerado de aranhas, mesmo quando elas n\u00e3o representam uma amea\u00e7a real. Essa fobia pode ser t\u00e3o intensa que apenas uma imagem do animal j\u00e1 desencadeia rea\u00e7\u00f5es f\u00edsicas.<\/p>\n<h3 class=\"wp-block-heading\" id=\"h-claustrofobia-medo-de-espacos-fechados\">Claustrofobia \u2013 Medo de espa\u00e7os fechados<\/h3>\n<p>A claustrofobia causa p\u00e2nico em ambientes confinados, como elevadores, t\u00faneis ou salas sem janelas. A sensa\u00e7\u00e3o de estar preso ou sem possibilidade de fuga \u00e9 o gatilho para essa fobia, que \u00e9 amplamente conhecida.<\/p>\n<h3 class=\"wp-block-heading\" id=\"h-agorafobia-medo-de-espacos-abertos-ou-multidoes\">Agorafobia \u2013 Medo de espa\u00e7os abertos ou multid\u00f5es<\/h3>\n<div class=\"wp-block-image\">\n<figure class=\"aligncenter size-large\"><img title = \"[Tags]\"loading=\"lazy\" decoding=\"async\" width=\"1024\" height=\"576\" src=\"https:\/\/olhardigital.com.br\/wp-content\/uploads\/2025\/05\/Agorafobia-1024x576.jpg\"alt = \"Agorafobia-1024x576 Quais s\u00e3o as fobias mais comuns do mundo?\" class=\"wp-image-1107075\" \/><figcaption class=\"wp-element-caption\">Pessoas com agorafobia tendem a viver isoladas o que afeta severamente suas rela\u00e7\u00f5es interpessoais (Imagem: PeopleImages.com &#8211; Yuri A \/ Shutterstock)<\/figcaption><\/figure>\n<\/div>\n<p>Diferente do que o nome pode sugerir, a agorafobia geralmente ocorre quando o indiv\u00edduo tem um medo surreal de sair de casa, considerando coisas ruins que podem acontecer. Nisso, a ideia de entrar em ve\u00edculos de transporte (carros, \u00f4nibus, metr\u00f4) e at\u00e9 a de comparecer a lugares p\u00fablicos torna-se aterrorizante.<\/p>\n<p>Quando a pessoa \u00e9 for\u00e7ada ou for\u00e7a-se a enfrentar esse medo, h\u00e1 muitos sintomas f\u00edsicos que a acometem, como ataques de p\u00e2nico, dores de cabe\u00e7a e mais.<\/p>\n<h3 class=\"wp-block-heading\" id=\"h-ofidiofobia-medo-de-cobras\">Ofidiofobia \u2013 Medo de cobras<\/h3>\n<p>A ofidiofobia \u00e9 o medo irracional de cobras e est\u00e1 entre as fobias mais comuns do mundo, mesmo em regi\u00f5es onde esses r\u00e9pteis s\u00e3o raros. Assim como a aracnofobia, pode ter origens evolutivas associadas \u00e0 autoprote\u00e7\u00e3o.<\/p>\n<h3 class=\"wp-block-heading\" id=\"h-cinofobia-medo-de-caes\">Cinofobia \u2013 Medo de c\u00e3es<\/h3>\n<p>Embora os c\u00e3es sejam considerados os melhores amigos do ser humano, quem sofre de cinofobia sente p\u00e2nico diante desses animais, mesmo quando s\u00e3o d\u00f3ceis. Muitas vezes, a fobia est\u00e1 ligada a epis\u00f3dios traum\u00e1ticos envolvendo mordidas ou persegui\u00e7\u00f5es.<\/p>\n<p><strong>Leita mais:<\/strong><\/p>\n<ul>\n<li>Por que algumas pessoas t\u00eam tanto medo de palha\u00e7os? A ci\u00eancia explica<\/li>\n<li>Medo de sexta-feira 13? Fobia relacionada \u00e0 data tem nome<\/li>\n<li>Medo de ficar sem celular? Descubra o que \u00e9 nomofobia e os sintomas desse transtorno<\/li>\n<\/ul>\n<h3 class=\"wp-block-heading\" id=\"h-misofobia-medo-de-germes-ou-sujeira\">Misofobia \u2013 Medo de germes ou sujeira<\/h3>\n<p>A misofobia se manifesta como um medo constante de contamina\u00e7\u00e3o, levando a comportamentos compulsivos de limpeza ou evita\u00e7\u00e3o de contato f\u00edsico com outras pessoas. \u00c9 frequentemente associada ao transtorno obsessivo-compulsivo (TOC).<\/p>\n<h3 class=\"wp-block-heading\" id=\"h-tanatofobia-medo-da-morte\">Tanatofobia \u2013 Medo da morte<\/h3>\n<div class=\"wp-block-image\">\n<figure class=\"aligncenter size-large\"><img title = \"[Tags]\"loading=\"lazy\" decoding=\"async\" width=\"1024\" height=\"576\" src=\"https:\/\/olhardigital.com.br\/wp-content\/uploads\/2025\/05\/Tanatofobia-1024x576.jpg\"alt = \"Agorafobia-1024x576 Quais s\u00e3o as fobias mais comuns do mundo?\" class=\"wp-image-1107083\" \/><figcaption class=\"wp-element-caption\">O desejo por querer ter filhos ou ser famoso, tamb\u00e9m podem estar relacionados a esse Tanatofobia, j\u00e1 que ambos s\u00e3o simbolicamente formas de imortalidade, de forma indireta (Imagem: marcogarrincha \/ Shutterstock)<\/figcaption><\/figure>\n<\/div>\n<p>A tanatofobia \u00e9 o medo constante e angustiante da pr\u00f3pria morte ou da morte de entes queridos. Pode estar relacionada a quest\u00f5es existenciais, cren\u00e7as religiosas ou traumas, e \u00e9 uma das fobias mais profundas do ponto de vista psicol\u00f3gico.<\/p>\n<h3 class=\"wp-block-heading\" id=\"h-tripofobia-medo-de-padroes-com-buracos\">Tripofobia \u2013 Medo de padr\u00f5es com buracos<\/h3>\n<p>A tripofobia n\u00e3o \u00e9 oficialmente reconhecida por todos os manuais psiqui\u00e1tricos, mas milh\u00f5es relatam desconforto extremo ao ver padr\u00f5es repetitivos de buracos ou cavidades, como colmeias, sementes de l\u00f3tus ou esponjas.<\/p>\n<h3 class=\"wp-block-heading\" id=\"h-hemofobia-medo-de-sangue\">Hemofobia \u2013 Medo de sangue<\/h3>\n<p>Pessoas com hemofobia podem desmaiar ou sentir n\u00e1useas ao ver sangue, mesmo em pequenas quantidades. Essa fobia \u00e9 especialmente desafiadora para quem trabalha em ambientes hospitalares ou de primeiros socorros.<\/p>\n<p><em><strong>As informa\u00e7\u00f5es presentes neste texto t\u00eam car\u00e1ter informativo e n\u00e3o substituem a orienta\u00e7\u00e3o de profissionais de sa\u00fade. Consulte um m\u00e9dico ou especialista para avaliar o seu caso.<\/strong><\/em><\/p>\n<p>O post Quais s\u00e3o as fobias mais comuns do mundo? apareceu primeiro em Olhar Digital.<\/p>\n<p><br \/>\n<br \/><a href=\"https:\/\/olhardigital.com.br\/2025\/05\/16\/ciencia-e-espaco\/quais-sao-as-fobias-mais-comuns-do-mundo\/\">Fonte do Artigo <\/a><br \/>\nTags:<\/p>\n<p><a title=\"Gestor de Tr\u00e1fego\" href=\"https:\/\/www.gestor-de-trafego.com\/\" target=\"_blank\"><strong>Gestor de Tr\u00e1fego<\/strong><\/a><\/p>\n<p><a href=\"https:\/\/wiy.com.br\/noticias\/categoria\/tecnologia\/\">#tecnologia<\/a> <a href=\"https:\/\/wiy.com.br\/noticias\/categoria\/tecnologia\/\">#tecnologias<\/a> <a href=\"https:\/\/wiy.com.br\/noticias\/categoria\/tecnologia\/\">#technology<\/a> <a href=\"https:\/\/wiy.com.br\/noticias\/categoria\/tecnologia\/\">#tecnolog<\/a> <a href=\"https:\/\/wiy.com.br\/noticias\/categoria\/tecnologia\/\">#iphone<\/a> <a href=\"https:\/\/wiy.com.br\/noticias\/categoria\/tecnologia\/\">#informatica<\/a> <a href=\"https:\/\/wiy.com.br\/noticias\/categoria\/tecnologia\/\">#tech<\/a> <a href=\"https:\/\/wiy.com.br\/noticias\/categoria\/tecnologia\/\">#design<\/a> <a href=\"https:\/\/wiy.com.br\/noticias\/categoria\/tecnologia\/\">#samsung<\/a> <a href=\"https:\/\/wiy.com.br\/noticias\/categoria\/tecnologia\/\">#internet<\/a> <a href=\"https:\/\/wiy.com.br\/noticias\/categoria\/tecnologia\/\">#apple<\/a> <a href=\"https:\/\/wiy.com.br\/noticias\/categoria\/tecnologia\/\">#smartphone<\/a> <a href=\"https:\/\/wiy.com.br\/noticias\/categoria\/tecnologia\/\">#seguranca<\/a> <a href=\"https:\/\/wiy.com.br\/noticias\/categoria\/tecnologia\/\">#venezuela<\/a> <a href=\"https:\/\/wiy.com.br\/noticias\/categoria\/tecnologia\/\">#celular<\/a> <a href=\"https:\/\/wiy.com.br\/noticias\/categoria\/tecnologia\/\">#celulares<\/a> <a href=\"https:\/\/wiy.com.br\/noticias\/categoria\/tecnologia\/\">#inovar<\/a> <a href=\"https:\/\/wiy.com.br\/noticias\/categoria\/tecnologia\/\">#qualidade<\/a> <a href=\"https:\/\/wiy.com.br\/noticias\/categoria\/tecnologia\/\">#software<\/a> <a href=\"https:\/\/wiy.com.br\/noticias\/categoria\/tecnologia\/\">#empresas<\/a> <a href=\"https:\/\/wiy.com.br\/noticias\/categoria\/tecnologia\/\">#cursos<\/a> <a href=\"https:\/\/wiy.com.br\/noticias\/categoria\/tecnologia\/\">#engenharia<\/a> <a href=\"https:\/\/wiy.com.br\/noticias\/categoria\/tecnologia\/\">#industria<\/a> <a href=\"https:\/\/wiy.com.br\/noticias\/categoria\/tecnologia\/\">#marketing<\/a> <a href=\"https:\/\/wiy.com.br\/noticias\/categoria\/tecnologia\/\">#ti<\/a> <a href=\"https:\/\/wiy.com.br\/noticias\/categoria\/tecnologia\/\">#tecnoblog<\/a> <a href=\"https:\/\/wiy.com.br\/noticias\/categoria\/tecnologia\/\">#veja<\/a> <a href=\"https:\/\/wiy.com.br\/noticias\/categoria\/tecnologia\/\">#olhardigital<\/a> <a href=\"https:\/\/wiy.com.br\/noticias\/categoria\/tecnologia\/\">#mundodigital<\/a> <a href=\"https:\/\/wiy.com.br\/noticias\/categoria\/tecnologia\/\">#inteligenciaartificial<\/a> <a href=\"https:\/\/wiy.com.br\/criacao-de-sites\/\">#criar site<\/a> <a href=\"https:\/\/wiy.com.br\/criacao-de-sites\/\">#criar site curitiba<\/a> <a href=\"https:\/\/wiy.com.br\/criacao-de-sites\/\">#wiysolutions<\/a><\/p>\n<p><a \n#Quais #s\u00e3o #fobias #mais #comuns #mundo\n<\/p>\n","protected":false},"excerpt":{"rendered":"<p>As fobias mais comuns afetam milh\u00f5es de pessoas em todo o mundo e se manifestam como medos intensos e irracionais diante de objetos, situa\u00e7\u00f5es ou seres vivos espec\u00edficos. Embora seja normal sentir medo em certas circunst\u00e2ncias, a fobia vai al\u00e9m: ela interfere na rotina, nas escolhas e na sa\u00fade emocional de quem convive com esse [&hellip;]<\/p>\n","protected":false},"author":1,"featured_media":89516,"comment_status":"open","ping_status":"open","sticky":false,"template":"","format":"standard","meta":{"footnotes":""},"categories":[5],"tags":[],"class_list":["post-89515","post","type-post","status-publish","format-standard","has-post-thumbnail","hentry","category-tecnologia"],"_links":{"self":[{"href":"https:\/\/wiy.com.br\/noticias\/wp-json\/wp\/v2\/posts\/89515","targetHints":{"allow":["GET"]}}],"collection":[{"href":"https:\/\/wiy.com.br\/noticias\/wp-json\/wp\/v2\/posts"}],"about":[{"href":"https:\/\/wiy.com.br\/noticias\/wp-json\/wp\/v2\/types\/post"}],"author":[{"embeddable":true,"href":"https:\/\/wiy.com.br\/noticias\/wp-json\/wp\/v2\/users\/1"}],"replies":[{"embeddable":true,"href":"https:\/\/wiy.com.br\/noticias\/wp-json\/wp\/v2\/comments?post=89515"}],"version-history":[{"count":1,"href":"https:\/\/wiy.com.br\/noticias\/wp-json\/wp\/v2\/posts\/89515\/revisions"}],"predecessor-version":[{"id":89517,"href":"https:\/\/wiy.com.br\/noticias\/wp-json\/wp\/v2\/posts\/89515\/revisions\/89517"}],"wp:featuredmedia":[{"embeddable":true,"href":"https:\/\/wiy.com.br\/noticias\/wp-json\/wp\/v2\/media\/89516"}],"wp:attachment":[{"href":"https:\/\/wiy.com.br\/noticias\/wp-json\/wp\/v2\/media?parent=89515"}],"wp:term":[{"taxonomy":"category","embeddable":true,"href":"https:\/\/wiy.com.br\/noticias\/wp-json\/wp\/v2\/categories?post=89515"},{"taxonomy":"post_tag","embeddable":true,"href":"https:\/\/wiy.com.br\/noticias\/wp-json\/wp\/v2\/tags?post=89515"}],"curies":[{"name":"wp","href":"https:\/\/api.w.org\/{rel}","templated":true}]}}